{"id":10086,"date":"2022-08-31T08:10:04","date_gmt":"2022-08-31T11:10:04","guid":{"rendered":"https:\/\/mundobibliotecario.com.br\/?p=10086"},"modified":"2022-08-31T08:10:17","modified_gmt":"2022-08-31T11:10:17","slug":"pos-doutorado-e-treinamento-tecnico-em-divulgacao-cientifica-na-unicamp","status":"publish","type":"post","link":"https:\/\/mundobibliotecario.com.br\/index.php\/2022\/08\/31\/pos-doutorado-e-treinamento-tecnico-em-divulgacao-cientifica-na-unicamp\/","title":{"rendered":"P\u00f3s-doutorado e treinamento t\u00e9cnico em divulga\u00e7\u00e3o cient\u00edfica na Unicamp"},"content":{"rendered":"\t\t<div data-elementor-type=\"wp-post\" data-elementor-id=\"10086\" class=\"elementor elementor-10086\">\n\t\t\t\t\t\t<div class=\"elementor-inner\">\n\t\t\t\t<div class=\"elementor-section-wrap\">\n\t\t\t\t\t\t\t\t\t<section class=\"elementor-section elementor-top-section elementor-element elementor-element-f112b30 elementor-section-boxed elementor-section-height-default elementor-section-height-default\" data-id=\"f112b30\" data-element_type=\"section\">\n\t\t\t\t\t\t<div class=\"elementor-container elementor-column-gap-default\">\n\t\t\t\t\t\t\t<div class=\"elementor-row\">\n\t\t\t\t\t<div class=\"elementor-column elementor-col-100 elementor-top-column elementor-element elementor-element-16f979e\" data-id=\"16f979e\" data-element_type=\"column\">\n\t\t\t<div class=\"elementor-column-wrap elementor-element-populated\">\n\t\t\t\t\t\t\t<div class=\"elementor-widget-wrap\">\n\t\t\t\t\t\t<div class=\"elementor-element elementor-element-bbeaff6 elementor-widget elementor-widget-image\" data-id=\"bbeaff6\" data-element_type=\"widget\" data-widget_type=\"image.default\">\n\t\t\t\t<div class=\"elementor-widget-container\">\n\t\t\t\t\t\t\t\t<div class=\"elementor-image\">\n\t\t\t\t\t\t\t\t\t<figure class=\"wp-caption\">\n\t\t\t\t\t\t\t\t\t\t<img loading=\"lazy\" decoding=\"async\" width=\"395\" height=\"262\" src=\"https:\/\/mundobibliotecario.com.br\/wp-content\/uploads\/2022\/08\/photo.jpg\" class=\"attachment-large size-large wp-image-10088\" alt=\"\" srcset=\"https:\/\/mundobibliotecario.com.br\/wp-content\/uploads\/2022\/08\/photo.jpg 395w, https:\/\/mundobibliotecario.com.br\/wp-content\/uploads\/2022\/08\/photo-300x199.jpg 300w\" sizes=\"auto, (max-width: 395px) 100vw, 395px\" \/>\t\t\t\t\t\t\t\t\t\t\t<figcaption class=\"widget-image-caption wp-caption-text\">Bolsistas v\u00e3o participar de projeto que analisa as rela\u00e7\u00f5es do jornalismo com a produ\u00e7\u00e3o cient\u00edfica sobre COVID-19, com foco em publica\u00e7\u00f5es de acesso aberto (foto: Pixabay)<\/figcaption>\n\t\t\t\t\t\t\t\t\t\t<\/figure>\n\t\t\t\t\t\t\t\t<\/div>\n\t\t\t\t\t\t<\/div>\n\t\t\t\t<\/div>\n\t\t\t\t\t\t<\/div>\n\t\t\t\t\t<\/div>\n\t\t<\/div>\n\t\t\t\t\t\t\t\t<\/div>\n\t\t\t\t\t<\/div>\n\t\t<\/section>\n\t\t\t\t<section class=\"elementor-section elementor-top-section elementor-element elementor-element-99265ab elementor-section-boxed elementor-section-height-default elementor-section-height-default\" data-id=\"99265ab\" data-element_type=\"section\">\n\t\t\t\t\t\t<div class=\"elementor-container elementor-column-gap-default\">\n\t\t\t\t\t\t\t<div class=\"elementor-row\">\n\t\t\t\t\t<div class=\"elementor-column elementor-col-100 elementor-top-column elementor-element elementor-element-642e11e\" data-id=\"642e11e\" data-element_type=\"column\">\n\t\t\t<div class=\"elementor-column-wrap elementor-element-populated\">\n\t\t\t\t\t\t\t<div class=\"elementor-widget-wrap\">\n\t\t\t\t\t\t<div class=\"elementor-element elementor-element-170c39d elementor-widget elementor-widget-text-editor\" data-id=\"170c39d\" data-element_type=\"widget\" data-widget_type=\"text-editor.default\">\n\t\t\t\t<div class=\"elementor-widget-container\">\n\t\t\t\t\t\t\t\t<div class=\"elementor-text-editor elementor-clearfix\">\n\t\t\t\t<p style=\"margin-top: 20px; margin-bottom: 20px; border-width: initial; border-style: none; font-family: Arial, Helvetica, sans-serif; color: #666666; font-size: 16px; line-height: 28px;\"><b style=\"margin: 0px; padding: 0px; border: none;\">Ag\u00eancia FAPESP<\/b>\u00a0\u2013 Uma oportunidade de p\u00f3s-doutorado e outra de treinamento t\u00e9cnico n\u00edvel tr\u00eas (TT-3) \u2013 ambas com bolsa da FAPESP \u2013 est\u00e3o dispon\u00edveis pelo projeto \u201c<b style=\"margin: 0px; padding: 0px; border: none;\"><a style=\"border-width: initial; border-style: none; text-decoration-line: underline; overflow-wrap: break-word; color: #168eea;\" href=\"https:\/\/bv.fapesp.br\/pt\/auxilios\/109686\/\" target=\"_blank\" rel=\"noopener\">VOICES: o valor da abertura, inclus\u00e3o, comunica\u00e7\u00e3o e engajamento pela ci\u00eancia no mundo p\u00f3s-pandemia<\/a><\/b>\u201d. As inscri\u00e7\u00f5es devem ser feitas at\u00e9 quarta-feira (31\/08).<\/p><p style=\"margin-top: 20px; margin-bottom: 20px; border-width: initial; border-style: none; font-family: Arial, Helvetica, sans-serif; color: #666666; font-size: 16px; line-height: 28px;\">No N\u00facleo de Desenvolvimento da Criatividade da Universidade Estadual de Campinas (Nudecri-Unicamp), os pesquisadores analisam as rela\u00e7\u00f5es do jornalismo com a produ\u00e7\u00e3o cient\u00edfica sobre COVID-19, sobretudo aquela em acesso aberto, para entender se as mudan\u00e7as ocorridas durante a pandemia significaram a transi\u00e7\u00e3o para uma cultura de maior abertura e di\u00e1logo entre os cientistas e a m\u00eddia, entre o conhecimento cient\u00edfico e a sociedade.<\/p><p style=\"margin-top: 20px; margin-bottom: 20px; border-width: initial; border-style: none; font-family: Arial, Helvetica, sans-serif; color: #666666; font-size: 16px; line-height: 28px;\">O candidato \u00e0 vaga de p\u00f3s-doutorado deve ter forma\u00e7\u00e3o em \u00e1reas do conhecimento que dialoguem com a comunica\u00e7\u00e3o, a ci\u00eancia da informa\u00e7\u00e3o e as ci\u00eancias sociais, com forte interesse em jornalismo cient\u00edfico. O pesquisador ter\u00e1 intera\u00e7\u00e3o com \u00e1reas multidisciplinares e participar\u00e1 da orienta\u00e7\u00e3o e capacita\u00e7\u00e3o de bolsistas. Tamb\u00e9m dever\u00e1 ter capacidade de escrita jornal\u00edstica para fomentar a divulga\u00e7\u00e3o cient\u00edfica de atividades do projeto.<\/p><p style=\"margin-top: 20px; margin-bottom: 20px; border-width: initial; border-style: none; font-family: Arial, Helvetica, sans-serif; color: #666666; font-size: 16px; line-height: 28px;\">J\u00e1 o bolsista de TT-3 participar\u00e1 de subprojeto que pretende analisar o impacto do acesso aberto na cobertura de ci\u00eancia no Brasil e no exterior, bem como as transforma\u00e7\u00f5es ocorridas na comunica\u00e7\u00e3o e na divulga\u00e7\u00e3o da ci\u00eancia.<\/p><p style=\"margin-top: 20px; margin-bottom: 20px; border-width: initial; border-style: none; font-family: Arial, Helvetica, sans-serif; color: #666666; font-size: 16px; line-height: 28px;\">Para se inscrever \u00e9 preciso enviar carta de interesse, curr\u00edculo no modelo da s\u00famula FAPESP,\u00a0<b style=\"margin: 0px; padding: 0px; border: none;\"><a style=\"border-width: initial; border-style: none; text-decoration-line: underline; overflow-wrap: break-word; color: #168eea;\" href=\"https:\/\/docs.google.com\/forms\/d\/e\/1FAIpQLSc2fwT3eqF_DhSYFJj85xyeh0VW9YJMnAWdYAj-ADavD8AvbQ\/viewform\" target=\"_blank\" rel=\"noopener\">formul\u00e1rio de inscri\u00e7\u00e3o on-line<\/a><\/b>\u00a0preenchido e informa\u00e7\u00f5es de tr\u00eas contatos de refer\u00eancia para o e-mail\u00a0<b style=\"margin: 0px; padding: 0px; border: none;\"><a style=\"border-width: initial; border-style: none; text-decoration-line: underline; overflow-wrap: break-word; color: #168eea;\" href=\"mailto:nudecri@unicamp.br\">nudecri@unicamp.br<\/a><\/b>.<\/p><p style=\"margin-top: 20px; margin-bottom: 20px; border-width: initial; border-style: none; font-family: Arial, Helvetica, sans-serif; color: #666666; font-size: 16px; line-height: 28px;\">Mais informa\u00e7\u00f5es sobre as vagas em:\u00a0<b style=\"margin: 0px; padding: 0px; border: none;\"><a style=\"border-width: initial; border-style: none; text-decoration-line: underline; overflow-wrap: break-word; color: #168eea;\" href=\"http:\/\/www.fapesp.br\/oportunidades\/5344\" target=\"_blank\" rel=\"noopener\">www.fapesp.br\/oportunidades\/5344<\/a><\/b>\u00a0e\u00a0<b style=\"margin: 0px; padding: 0px; border: none;\"><a style=\"border-width: initial; border-style: none; text-decoration-line: underline; overflow-wrap: break-word; color: #168eea;\" href=\"http:\/\/www.fapesp.br\/oportunidades\/5345\" target=\"_blank\" rel=\"noopener\">www.fapesp.br\/oportunidades\/5345<\/a><\/b>.<\/p><p style=\"margin-top: 20px; margin-bottom: 20px; border-width: initial; border-style: none; font-family: Arial, Helvetica, sans-serif; color: #666666; font-size: 16px; line-height: 28px;\">A oportunidade de p\u00f3s-doutorado est\u00e1 aberta a brasileiros e estrangeiros. O selecionado receber\u00e1 Bolsa de P\u00f3s-Doutorado da FAPESP no valor de R$ 8.479,20 mensais e Reserva T\u00e9cnica equivalente a 10% do valor anual da bolsa para atender a despesas imprevistas e diretamente relacionadas \u00e0 atividade de pesquisa.<\/p><p style=\"margin-top: 20px; margin-bottom: 20px; border-width: initial; border-style: none; font-family: Arial, Helvetica, sans-serif; color: #666666; font-size: 16px; line-height: 28px;\">Caso o bolsista de PD resida em domic\u00edlio fora da cidade na qual se localiza a institui\u00e7\u00e3o-sede da pesquisa e precise se mudar, poder\u00e1 ter direito a um aux\u00edlio-instala\u00e7\u00e3o. Mais informa\u00e7\u00f5es sobre a Bolsa de P\u00f3s-Doutorado da FAPESP est\u00e3o dispon\u00edveis em\u00a0<b style=\"margin: 0px; padding: 0px; border: none;\"><a style=\"border-width: initial; border-style: none; text-decoration-line: underline; overflow-wrap: break-word; color: #168eea;\" href=\"http:\/\/www.fapesp.br\/bolsas\/pd\" target=\"_blank\" rel=\"noopener\">www.fapesp.br\/bolsas\/pd<\/a><\/b>.<\/p><p style=\"margin-top: 20px; margin-bottom: 20px; border-width: initial; border-style: none; font-family: Arial, Helvetica, sans-serif; color: #666666; font-size: 16px; line-height: 28px;\">A Bolsa de TT-3 tem valor de R$ 1.412,80 mensais. \u00c9 direcionada a graduados do n\u00edvel superior, sem reprova\u00e7\u00f5es no hist\u00f3rico escolar. A dedica\u00e7\u00e3o dever\u00e1 ser de 16 a 40 horas semanais \u00e0s atividades de apoio ao projeto de pesquisa.<\/p><p style=\"margin-top: 20px; margin-bottom: 20px; border-width: initial; border-style: none; font-family: Arial, Helvetica, sans-serif; color: #666666; font-size: 16px; line-height: 28px;\">Mais informa\u00e7\u00f5es sobre as bolsas de Treinamento T\u00e9cnico da FAPESP:\u00a0<b style=\"margin: 0px; padding: 0px; border: none;\"><a style=\"border-width: initial; border-style: none; text-decoration-line: underline; overflow-wrap: break-word; color: #168eea;\" href=\"http:\/\/www.fapesp.br\/bolsas\/tt\" target=\"_blank\" rel=\"noopener\">www.fapesp.br\/bolsas\/tt<\/a><\/b>.<\/p><p style=\"margin-top: 20px; margin-bottom: 20px; border-width: initial; border-style: none; font-family: Arial, Helvetica, sans-serif; color: #666666; font-size: 16px; line-height: 28px;\">Outras vagas de bolsas, em diversas \u00e1reas do conhecimento, est\u00e3o no site FAPESP-Oportunidades, em\u00a0<b style=\"margin: 0px; padding: 0px; border: none;\"><a style=\"border-width: initial; border-style: none; text-decoration-line: underline; overflow-wrap: break-word; color: #168eea;\" href=\"http:\/\/www.fapesp.br\/oportunidades\" target=\"_blank\" rel=\"noopener\">www.fapesp.br\/oportunidades<\/a><\/b>.<\/p>\t\t\t\t\t<\/div>\n\t\t\t\t\t\t<\/div>\n\t\t\t\t<\/div>\n\t\t\t\t\t\t<\/div>\n\t\t\t\t\t<\/div>\n\t\t<\/div>\n\t\t\t\t\t\t\t\t<\/div>\n\t\t\t\t\t<\/div>\n\t\t<\/section>\n\t\t\t\t<section class=\"elementor-section elementor-top-section elementor-element elementor-element-35f7b7c elementor-section-boxed elementor-section-height-default elementor-section-height-default\" data-id=\"35f7b7c\" data-element_type=\"section\">\n\t\t\t\t\t\t<div class=\"elementor-container elementor-column-gap-default\">\n\t\t\t\t\t\t\t<div class=\"elementor-row\">\n\t\t\t\t\t<div class=\"elementor-column elementor-col-100 elementor-top-column elementor-element elementor-element-cee268e\" data-id=\"cee268e\" data-element_type=\"column\">\n\t\t\t<div class=\"elementor-column-wrap elementor-element-populated\">\n\t\t\t\t\t\t\t<div class=\"elementor-widget-wrap\">\n\t\t\t\t\t\t<div class=\"elementor-element elementor-element-fb043e0 elementor-widget elementor-widget-text-editor\" data-id=\"fb043e0\" data-element_type=\"widget\" data-widget_type=\"text-editor.default\">\n\t\t\t\t<div class=\"elementor-widget-container\">\n\t\t\t\t\t\t\t\t<div class=\"elementor-text-editor elementor-clearfix\">\n\t\t\t\t<p>Fonte: Ag\u00eancia FAPESP<\/p>\n<p>Dispon\u00edvel em:&nbsp;<a href=\"https:\/\/agencia.fapesp.br\/pos-doutorado-e-treinamento-tecnico-em-divulgacao-cientifica-na-unicamp\/39456\/\" target=\"_blank\">https:\/\/agencia.fapesp.br\/pos-doutorado-e-treinamento-tecnico-em-divulgacao-cientifica-na-unicamp\/39456\/<\/a>. Acesso em: 31 ago. 2022.<\/p>\t\t\t\t\t<\/div>\n\t\t\t\t\t\t<\/div>\n\t\t\t\t<\/div>\n\t\t\t\t\t\t<\/div>\n\t\t\t\t\t<\/div>\n\t\t<\/div>\n\t\t\t\t\t\t\t\t<\/div>\n\t\t\t\t\t<\/div>\n\t\t<\/section>\n\t\t\t\t\t\t\t\t\t<\/div>\n\t\t\t<\/div>\n\t\t\t\t\t<\/div>\n\t\t","protected":false},"excerpt":{"rendered":"<p>Bolsistas v\u00e3o participar de projeto que analisa as rela\u00e7\u00f5es do jornalismo com a produ\u00e7\u00e3o cient\u00edfica sobre COVID-19, com foco em publica\u00e7\u00f5es de acesso aberto (foto: Pixabay) Ag\u00eancia FAPESP&nbsp;\u2013 Uma oportunidade de p\u00f3s-doutorado e outra de treinamento t\u00e9cnico n\u00edvel tr\u00eas (TT-3) \u2013 ambas com bolsa da FAPESP \u2013 est\u00e3o dispon\u00edveis pelo projeto \u201cVOICES: o valor da &#8230; <a title=\"P\u00f3s-doutorado e treinamento t\u00e9cnico em divulga\u00e7\u00e3o cient\u00edfica na Unicamp\" class=\"read-more\" href=\"https:\/\/mundobibliotecario.com.br\/index.php\/2022\/08\/31\/pos-doutorado-e-treinamento-tecnico-em-divulgacao-cientifica-na-unicamp\/\" aria-label=\"Read more about P\u00f3s-doutorado e treinamento t\u00e9cnico em divulga\u00e7\u00e3o cient\u00edfica na Unicamp\">Ler mais<\/a><\/p>\n","protected":false},"author":1,"featured_media":0,"comment_status":"open","ping_status":"open","sticky":false,"template":"","format":"standard","meta":{"_mi_skip_tracking":false,"_exactmetrics_sitenote_active":false,"_exactmetrics_sitenote_note":"","_exactmetrics_sitenote_category":0,"_jetpack_newsletter_access":"","footnotes":""},"categories":[60],"tags":[40,2090,505,231],"class_list":["post-10086","post","type-post","status-publish","format-standard","hentry","category-noticias","tag-ciencia-da-informacao","tag-divulgacao-cientifica","tag-pos-doutorado","tag-unicamp"],"jetpack_featured_media_url":"","jetpack_sharing_enabled":true,"jetpack-related-posts":[{"id":2103,"url":"https:\/\/mundobibliotecario.com.br\/index.php\/2011\/06\/29\/selecao-de-pos-doutoramento-em-gestao-da-informacao-ecausp\/","url_meta":{"origin":10086,"position":0},"title":"Sele\u00e7\u00e3o de P\u00f3s-Doutoramento em Gest\u00e3o da Informa\u00e7\u00e3o \u2013 ECA\/USP","author":"mundobibliotecario","date":"29\/06\/2011","format":false,"excerpt":"O Projeto Tem\u00e1tico Comunica\u00e7\u00e3o e Censura: an\u00e1lise te\u00f3rica e documental de processos cens\u00f3rios a partir do Arquivo Miroel Silveira da ECA\/USP (processo Fapesp 08\/56709-0), abre inscri\u00e7\u00f5es para bolsa de P\u00f3s-Doutoramento em Gerenciamento de Projetos. Tendo se iniciado em agosto de 2009 e com encerramento previsto para julho de 2013, visa\u2026","rel":"","context":"Em &quot;Not\u00edcias&quot;","block_context":{"text":"Not\u00edcias","link":"https:\/\/mundobibliotecario.com.br\/index.php\/category\/noticias\/"},"img":{"alt_text":"","src":"","width":0,"height":0},"classes":[]},{"id":1095,"url":"https:\/\/mundobibliotecario.com.br\/index.php\/2010\/02\/09\/fapesp-selecao-de-pos-doutoramento-em-gestao-da-informacao\/","url_meta":{"origin":10086,"position":1},"title":"FAPESP &#8211; Sele\u00e7\u00e3o de P\u00f3s-Doutoramento em Gest\u00e3o da Informa\u00e7\u00e3o","author":"mundobibliotecario","date":"09\/02\/2010","format":false,"excerpt":"Oportunidades de bolsa N\u00ba: 113 T\u00edtulo: Sele\u00e7\u00e3o de P\u00f3s-Doutoramento em Gest\u00e3o da Informa\u00e7\u00e3o \u00c1rea de atua\u00e7\u00e3o: Ci\u00eancias Sociais Aplicadas N\u00ba do processo FAPESP: 08\/56709-0 T\u00edtulo do projeto: Comunica\u00e7\u00e3o e Censura: an\u00e1lise te\u00f3rica e documental de processos sens\u00f3rios a partir do Arquivo Miroel Silveira da ECA\/USP \u00c1rea de conhecimento: Comunica\u00e7\u00e3o Pesquisador\u2026","rel":"","context":"Em &quot;Curso de P\u00f3s-Gradua\u00e7\u00e3o&quot;","block_context":{"text":"Curso de P\u00f3s-Gradua\u00e7\u00e3o","link":"https:\/\/mundobibliotecario.com.br\/index.php\/category\/curso-de-pos-graduacao\/"},"img":{"alt_text":"","src":"","width":0,"height":0},"classes":[]},{"id":5336,"url":"https:\/\/mundobibliotecario.com.br\/index.php\/2019\/10\/09\/bolsa-fapesp-de-treinamento-tecnico-em-ciencia-da-informacao\/","url_meta":{"origin":10086,"position":2},"title":"Bolsa FAPESP de treinamento t\u00e9cnico em ci\u00eancia da informa\u00e7\u00e3o","author":"mundobibliotecario","date":"09\/10\/2019","format":false,"excerpt":"Bolsista dar\u00e1 apoio \u00e0 implanta\u00e7\u00e3o de plataformas baseadas em software livre para permitir o uso de reposit\u00f3rios digitais na Unifesp (imagem: Pixabay) \u00a0 Ag\u00eancia FAPESP \u2013 Uma vaga de treinamento t\u00e9cnico n\u00edvel tr\u00eas (TT-3) com bolsa da FAPESP est\u00e1 dispon\u00edvel para o projeto \u201cA universidade do futuro e o futuro\u2026","rel":"","context":"Em &quot;Not\u00edcias&quot;","block_context":{"text":"Not\u00edcias","link":"https:\/\/mundobibliotecario.com.br\/index.php\/category\/noticias\/"},"img":{"alt_text":"","src":"","width":0,"height":0},"classes":[]},{"id":813,"url":"https:\/\/mundobibliotecario.com.br\/index.php\/2009\/08\/17\/projeto-de-lei-que-libera-o-acesso-a-producao-tecnico-cientifica-universitaria-e-aprovado-na-comissao-de-educacao-da-camara\/","url_meta":{"origin":10086,"position":3},"title":"Projeto de Lei que libera o acesso \u00e0 produ\u00e7\u00e3o t\u00e9cnico-cient\u00edfica universit\u00e1ria \u00e9 aprovado na Comiss\u00e3o de Educa\u00e7\u00e3o da C\u00e2mara","author":"mundobibliotecario","date":"17\/08\/2009","format":false,"excerpt":"sexta-feira 7 de agosto de 2009, por Elisa Kl\u00fcger O Projeto de Lei (1120-A\/2007) que versa sobre a dissemina\u00e7\u00e3o da produ\u00e7\u00e3o t\u00e9cnico-cient\u00edfica das institui\u00e7\u00f5es de ensino superior no Brasil. De autoria do deputado Rodrigo Rollemberg (PSB\/DF), o projeto havia sido aprovado na Comiss\u00e3o de Ci\u00eancia e Tecnologia Comunica\u00e7\u00e3o e Inform\u00e1tica\u2026","rel":"","context":"Em &quot;Not\u00edcias&quot;","block_context":{"text":"Not\u00edcias","link":"https:\/\/mundobibliotecario.com.br\/index.php\/category\/noticias\/"},"img":{"alt_text":"","src":"","width":0,"height":0},"classes":[]},{"id":1960,"url":"https:\/\/mundobibliotecario.com.br\/index.php\/2011\/04\/19\/vii-semana-a-pos-graduacao-da-eesc-na-biblioteca\/","url_meta":{"origin":10086,"position":4},"title":"VII Semana &#8220;A P\u00f3s-Gradua\u00e7\u00e3o da EESC na Biblioteca&#8221;","author":"mundobibliotecario","date":"19\/04\/2011","format":false,"excerpt":"O Servi\u00e7o de Biblioteca da EESC\/USP realizar\u00e1, entre os dias 26 e 29 de abril de 2011, a VII edi\u00e7\u00e3o da Semana \"A P\u00f3s-Gradua\u00e7\u00e3o da EESC na Biblioteca\". A programa\u00e7\u00e3o segue abaixo: 26\/04\/2011 - ter\u00e7a-feira 08h30 \u00e0s 09h00 Abertura - Exposi\u00e7\u00e3o permanente dos livros publicados pelos docentes da EESC Prof.\u2026","rel":"","context":"Em &quot;Eventos&quot;","block_context":{"text":"Eventos","link":"https:\/\/mundobibliotecario.com.br\/index.php\/category\/eventos\/"},"img":{"alt_text":"","src":"","width":0,"height":0},"classes":[]},{"id":4870,"url":"https:\/\/mundobibliotecario.com.br\/index.php\/2011\/04\/19\/vii-semana-a-pos-graduacao-da-eesc-na-biblioteca-2\/","url_meta":{"origin":10086,"position":5},"title":"VII Semana &quot;A P\u00f3s-Gradua\u00e7\u00e3o da EESC na Biblioteca&quot;","author":"mundobibliotecario","date":"19\/04\/2011","format":false,"excerpt":"O Servi\u00e7o de Biblioteca da EESC\/USP realizar\u00e1, entre os dias 26 e 29 de abril de 2011, a VII edi\u00e7\u00e3o da Semana \"A P\u00f3s-Gradua\u00e7\u00e3o da EESC na Biblioteca\". A programa\u00e7\u00e3o segue abaixo: 26\/04\/2011 - ter\u00e7a-feira 08h30 \u00e0s 09h00 Abertura - Exposi\u00e7\u00e3o permanente dos livros publicados pelos docentes da EESC Prof.\u2026","rel":"","context":"Em &quot;Eventos&quot;","block_context":{"text":"Eventos","link":"https:\/\/mundobibliotecario.com.br\/index.php\/category\/eventos\/"},"img":{"alt_text":"","src":"","width":0,"height":0},"classes":[]}],"jetpack_likes_enabled":true,"jetpack_shortlink":"https:\/\/wp.me\/pcbzwa-2CG","_links":{"self":[{"href":"https:\/\/mundobibliotecario.com.br\/index.php\/wp-json\/wp\/v2\/posts\/10086","targetHints":{"allow":["GET"]}}],"collection":[{"href":"https:\/\/mundobibliotecario.com.br\/index.php\/wp-json\/wp\/v2\/posts"}],"about":[{"href":"https:\/\/mundobibliotecario.com.br\/index.php\/wp-json\/wp\/v2\/types\/post"}],"author":[{"embeddable":true,"href":"https:\/\/mundobibliotecario.com.br\/index.php\/wp-json\/wp\/v2\/users\/1"}],"replies":[{"embeddable":true,"href":"https:\/\/mundobibliotecario.com.br\/index.php\/wp-json\/wp\/v2\/comments?post=10086"}],"version-history":[{"count":5,"href":"https:\/\/mundobibliotecario.com.br\/index.php\/wp-json\/wp\/v2\/posts\/10086\/revisions"}],"predecessor-version":[{"id":10092,"href":"https:\/\/mundobibliotecario.com.br\/index.php\/wp-json\/wp\/v2\/posts\/10086\/revisions\/10092"}],"wp:attachment":[{"href":"https:\/\/mundobibliotecario.com.br\/index.php\/wp-json\/wp\/v2\/media?parent=10086"}],"wp:term":[{"taxonomy":"category","embeddable":true,"href":"https:\/\/mundobibliotecario.com.br\/index.php\/wp-json\/wp\/v2\/categories?post=10086"},{"taxonomy":"post_tag","embeddable":true,"href":"https:\/\/mundobibliotecario.com.br\/index.php\/wp-json\/wp\/v2\/tags?post=10086"}],"curies":[{"name":"wp","href":"https:\/\/api.w.org\/{rel}","templated":true}]}}