{"id":10094,"date":"2022-09-14T08:00:00","date_gmt":"2022-09-14T11:00:00","guid":{"rendered":"https:\/\/mundobibliotecario.com.br\/?p=10094"},"modified":"2022-09-14T07:41:49","modified_gmt":"2022-09-14T10:41:49","slug":"amazon-lanca-kindle-11a-geracao-com-dobro-de-armazenamento-veja-preco","status":"publish","type":"post","link":"https:\/\/mundobibliotecario.com.br\/index.php\/2022\/09\/14\/amazon-lanca-kindle-11a-geracao-com-dobro-de-armazenamento-veja-preco\/","title":{"rendered":"Amazon lan\u00e7a Kindle 11\u00aa Gera\u00e7\u00e3o com dobro de armazenamento; veja pre\u00e7o"},"content":{"rendered":"\t\t<div data-elementor-type=\"wp-post\" data-elementor-id=\"10094\" class=\"elementor elementor-10094\">\n\t\t\t\t\t\t<div class=\"elementor-inner\">\n\t\t\t\t<div class=\"elementor-section-wrap\">\n\t\t\t\t\t\t\t\t\t<section class=\"elementor-section elementor-top-section elementor-element elementor-element-003e369 elementor-section-boxed elementor-section-height-default elementor-section-height-default\" data-id=\"003e369\" data-element_type=\"section\">\n\t\t\t\t\t\t<div class=\"elementor-container elementor-column-gap-default\">\n\t\t\t\t\t\t\t<div class=\"elementor-row\">\n\t\t\t\t\t<div class=\"elementor-column elementor-col-100 elementor-top-column elementor-element elementor-element-766f523\" data-id=\"766f523\" data-element_type=\"column\">\n\t\t\t<div class=\"elementor-column-wrap elementor-element-populated\">\n\t\t\t\t\t\t\t<div class=\"elementor-widget-wrap\">\n\t\t\t\t\t\t<div class=\"elementor-element elementor-element-678ab82 elementor-widget elementor-widget-text-editor\" data-id=\"678ab82\" data-element_type=\"widget\" data-widget_type=\"text-editor.default\">\n\t\t\t\t<div class=\"elementor-widget-container\">\n\t\t\t\t\t\t\t\t<div class=\"elementor-text-editor elementor-clearfix\">\n\t\t\t\t<h2 class=\"content-head__subtitle\" style=\"box-sizing: inherit; margin-bottom: 0px; padding-right: 1.5rem; font-style: normal; font-variant-numeric: inherit; font-variant-east-asian: inherit; font-weight: inherit; font-stretch: inherit; font-size: 1.25rem; line-height: 1.75rem; font-family: opensanstitle, helvetica, arial, sans-serif; vertical-align: initial; color: #555555; letter-spacing: -0.03125rem;\">Leitor de livros digitais \u00e9 fabricado com 30% a 75% de pl\u00e1stico reciclado e at\u00e9 90% de magn\u00e9sio reciclado. Usu\u00e1rios v\u00e3o perceber que a qualidade da tela est\u00e1 muito superior.<\/h2>\t\t\t\t\t<\/div>\n\t\t\t\t\t\t<\/div>\n\t\t\t\t<\/div>\n\t\t\t\t\t\t<\/div>\n\t\t\t\t\t<\/div>\n\t\t<\/div>\n\t\t\t\t\t\t\t\t<\/div>\n\t\t\t\t\t<\/div>\n\t\t<\/section>\n\t\t\t\t<section class=\"elementor-section elementor-top-section elementor-element elementor-element-dbe6303 elementor-section-boxed elementor-section-height-default elementor-section-height-default\" data-id=\"dbe6303\" data-element_type=\"section\">\n\t\t\t\t\t\t<div class=\"elementor-container elementor-column-gap-default\">\n\t\t\t\t\t\t\t<div class=\"elementor-row\">\n\t\t\t\t\t<div class=\"elementor-column elementor-col-100 elementor-top-column elementor-element elementor-element-fce5b69\" data-id=\"fce5b69\" data-element_type=\"column\">\n\t\t\t<div class=\"elementor-column-wrap elementor-element-populated\">\n\t\t\t\t\t\t\t<div class=\"elementor-widget-wrap\">\n\t\t\t\t\t\t<div class=\"elementor-element elementor-element-6ae2709 elementor-widget elementor-widget-image\" data-id=\"6ae2709\" data-element_type=\"widget\" data-widget_type=\"image.default\">\n\t\t\t\t<div class=\"elementor-widget-container\">\n\t\t\t\t\t\t\t\t<div class=\"elementor-image\">\n\t\t\t\t\t\t\t\t\t\t\t\t<img loading=\"lazy\" decoding=\"async\" width=\"902\" height=\"546\" src=\"https:\/\/mundobibliotecario.com.br\/wp-content\/uploads\/2022\/09\/amazon1.png\" class=\"attachment-large size-large wp-image-10096\" alt=\"\" srcset=\"https:\/\/mundobibliotecario.com.br\/wp-content\/uploads\/2022\/09\/amazon1.png 902w, https:\/\/mundobibliotecario.com.br\/wp-content\/uploads\/2022\/09\/amazon1-300x182.png 300w, https:\/\/mundobibliotecario.com.br\/wp-content\/uploads\/2022\/09\/amazon1-768x465.png 768w\" sizes=\"auto, (max-width: 902px) 100vw, 902px\" \/>\t\t\t\t\t\t\t\t\t\t\t\t\t\t<\/div>\n\t\t\t\t\t\t<\/div>\n\t\t\t\t<\/div>\n\t\t\t\t\t\t<\/div>\n\t\t\t\t\t<\/div>\n\t\t<\/div>\n\t\t\t\t\t\t\t\t<\/div>\n\t\t\t\t\t<\/div>\n\t\t<\/section>\n\t\t\t\t<section class=\"elementor-section elementor-top-section elementor-element elementor-element-79d4772 elementor-section-boxed elementor-section-height-default elementor-section-height-default\" data-id=\"79d4772\" data-element_type=\"section\">\n\t\t\t\t\t\t<div class=\"elementor-container elementor-column-gap-default\">\n\t\t\t\t\t\t\t<div class=\"elementor-row\">\n\t\t\t\t\t<div class=\"elementor-column elementor-col-100 elementor-top-column elementor-element elementor-element-b72abd5\" data-id=\"b72abd5\" data-element_type=\"column\">\n\t\t\t<div class=\"elementor-column-wrap elementor-element-populated\">\n\t\t\t\t\t\t\t<div class=\"elementor-widget-wrap\">\n\t\t\t\t\t\t<div class=\"elementor-element elementor-element-b89888e elementor-widget elementor-widget-text-editor\" data-id=\"b89888e\" data-element_type=\"widget\" data-widget_type=\"text-editor.default\">\n\t\t\t\t<div class=\"elementor-widget-container\">\n\t\t\t\t\t\t\t\t<div class=\"elementor-text-editor elementor-clearfix\">\n\t\t\t\t<div class=\"mc-column content-text active-extra-styles active-capital-letter\" style=\"box-sizing: inherit; margin-right: auto; margin-bottom: 2rem; margin-left: auto; padding-right: 1rem; padding-left: 1rem; font-variant-numeric: inherit; font-variant-east-asian: inherit; font-stretch: inherit; font-size: 1.25rem; line-height: 2rem; font-family: opensans, helvetica, arial, sans-serif; vertical-align: initial; max-width: 42.5rem; width: 680px; float: none; letter-spacing: -0.03125rem; overflow-wrap: break-word; color: #333333;\" data-block-type=\"unstyled\" data-block-weight=\"86\" data-block-id=\"2\"><p class=\"content-text__container theme-color-primary-first-letter\" style=\"box-sizing: inherit; margin-bottom: 0px; font: inherit; vertical-align: initial;\" data-track-category=\"Link no Texto\" data-track-links=\"\">O\u00a0<a style=\"box-sizing: inherit; font-style: inherit; font-variant: inherit; font-weight: bold; font-stretch: inherit; font-size: inherit; line-height: inherit; font-family: inherit; vertical-align: initial; color: #fc7700;\" href=\"https:\/\/www.techtudo.com.br\/tudo-sobre\/kindle\/\">Kindle<\/a>\u00a011\u00aa Gera\u00e7\u00e3o foi anunciado pela\u00a0<a style=\"box-sizing: inherit; font-style: inherit; font-variant: inherit; font-weight: bold; font-stretch: inherit; font-size: inherit; line-height: inherit; font-family: inherit; vertical-align: initial; color: #fc7700;\" href=\"https:\/\/www.techtudo.com.br\/tudo-sobre\/amazon\/\">Amazon<\/a>\u00a0com\u00a0<a style=\"box-sizing: inherit; font-style: inherit; font-variant: inherit; font-weight: bold; font-stretch: inherit; font-size: inherit; line-height: inherit; font-family: inherit; vertical-align: initial; color: #fc7700;\" href=\"https:\/\/amzn.to\/3Leuj2n\" target=\"_blank\" rel=\"noopener\">pre\u00e7o sugerido de R$ 499<\/a>\u00a0no mercado brasileiro. O leitor de livros digitais traz tela de alta resolu\u00e7\u00e3o e o dobro do armazenamento em rela\u00e7\u00e3o ao modelo anterior. O dispositivo de 11\u00aa gera\u00e7\u00e3o, de acordo com a pr\u00f3pria marca, \u00e9 mais compacto e leve do que o\u00a0<a style=\"box-sizing: inherit; font-style: inherit; font-variant: inherit; font-weight: bold; font-stretch: inherit; font-size: inherit; line-height: inherit; font-family: inherit; vertical-align: initial; color: #fc7700;\" href=\"https:\/\/www.techtudo.com.br\/noticias\/2021\/06\/kindle-10a-geracao-pros-contras-e-preco-do-leitor-de-livros.ghtml\">Kindle 10\u00aa Gera\u00e7\u00e3o<\/a>. Ele pode ser encontrado nas cores\u00a0<a style=\"box-sizing: inherit; font-style: inherit; font-variant: inherit; font-weight: bold; font-stretch: inherit; font-size: inherit; line-height: inherit; font-family: inherit; vertical-align: initial; color: #fc7700;\" href=\"https:\/\/amzn.to\/3Leuj2n\" target=\"_blank\" rel=\"noopener\">preta<\/a>\u00a0ou\u00a0<a style=\"box-sizing: inherit; font-style: inherit; font-variant: inherit; font-weight: bold; font-stretch: inherit; font-size: inherit; line-height: inherit; font-family: inherit; vertical-align: initial; color: #fc7700;\" href=\"https:\/\/amzn.to\/3dbiU6P\" target=\"_blank\" rel=\"noopener\">azul<\/a>, que n\u00e3o \u00e9 t\u00e3o comum. As vendas j\u00e1 se iniciaram, mas a entrega come\u00e7a em 13 de outubro.<\/p><\/div><div class=\"wall protected-content\" style=\"box-sizing: inherit; font-variant-numeric: inherit; font-variant-east-asian: inherit; font-stretch: inherit; font-size: 18px; line-height: inherit; font-family: opensans, helvetica, arial, sans-serif; vertical-align: initial; color: #333333;\"><div class=\"mc-column content-text active-extra-styles \" style=\"box-sizing: inherit; margin-right: auto; margin-bottom: 2rem; margin-left: auto; padding-right: 1rem; padding-left: 1rem; font-style: inherit; font-variant: inherit; font-weight: inherit; font-stretch: inherit; font-size: 1.25rem; line-height: 2rem; vertical-align: initial; max-width: 42.5rem; width: 680px; float: none; letter-spacing: -0.03125rem; overflow-wrap: break-word;\" data-block-type=\"unstyled\" data-block-weight=\"56\" data-block-id=\"3\"><p class=\"content-text__container \" style=\"box-sizing: inherit; margin-bottom: 0px; font: inherit; vertical-align: initial;\" data-track-category=\"Link no Texto\" data-track-links=\"\">De acordo com a divulga\u00e7\u00e3o oficial da Amazon, o novo Kindle 2022 possui uma tela de antirreflexo de 6 polegadas de tamanho e 300 pontos por polegadas (ppi) de resolu\u00e7\u00e3o, a mesma vista no Kindle PaperwWite atual, que tem 6,8 polegadas e\u00a0<a style=\"box-sizing: inherit; font-style: inherit; font-variant: inherit; font-weight: bold; font-stretch: inherit; font-size: inherit; line-height: inherit; font-family: inherit; vertical-align: initial; color: #fc7700;\" href=\"https:\/\/amzn.to\/3Dkjj1n\" target=\"_blank\" rel=\"noopener\">custa R$ 699<\/a>. Como um comparativo, o Kindle 10\u00aa Gera\u00e7\u00e3o tem apenas 167 ppi.<\/p><\/div><\/div>\t\t\t\t\t<\/div>\n\t\t\t\t\t\t<\/div>\n\t\t\t\t<\/div>\n\t\t\t\t\t\t<\/div>\n\t\t\t\t\t<\/div>\n\t\t<\/div>\n\t\t\t\t\t\t\t\t<\/div>\n\t\t\t\t\t<\/div>\n\t\t<\/section>\n\t\t\t\t<section class=\"elementor-section elementor-top-section elementor-element elementor-element-e91ced7 elementor-section-boxed elementor-section-height-default elementor-section-height-default\" data-id=\"e91ced7\" data-element_type=\"section\">\n\t\t\t\t\t\t<div class=\"elementor-container elementor-column-gap-default\">\n\t\t\t\t\t\t\t<div class=\"elementor-row\">\n\t\t\t\t\t<div class=\"elementor-column elementor-col-100 elementor-top-column elementor-element elementor-element-bfeca79\" data-id=\"bfeca79\" data-element_type=\"column\">\n\t\t\t<div class=\"elementor-column-wrap elementor-element-populated\">\n\t\t\t\t\t\t\t<div class=\"elementor-widget-wrap\">\n\t\t\t\t\t\t<div class=\"elementor-element elementor-element-e32b9b6 elementor-widget elementor-widget-image\" data-id=\"e32b9b6\" data-element_type=\"widget\" data-widget_type=\"image.default\">\n\t\t\t\t<div class=\"elementor-widget-container\">\n\t\t\t\t\t\t\t\t<div class=\"elementor-image\">\n\t\t\t\t\t\t\t\t\t\t\t\t<img loading=\"lazy\" decoding=\"async\" width=\"660\" height=\"684\" src=\"https:\/\/mundobibliotecario.com.br\/wp-content\/uploads\/2022\/09\/amazon2.jpg\" class=\"attachment-large size-large wp-image-10097\" alt=\"\" srcset=\"https:\/\/mundobibliotecario.com.br\/wp-content\/uploads\/2022\/09\/amazon2.jpg 660w, https:\/\/mundobibliotecario.com.br\/wp-content\/uploads\/2022\/09\/amazon2-289x300.jpg 289w\" sizes=\"auto, (max-width: 660px) 100vw, 660px\" \/>\t\t\t\t\t\t\t\t\t\t\t\t\t\t<\/div>\n\t\t\t\t\t\t<\/div>\n\t\t\t\t<\/div>\n\t\t\t\t\t\t<\/div>\n\t\t\t\t\t<\/div>\n\t\t<\/div>\n\t\t\t\t\t\t\t\t<\/div>\n\t\t\t\t\t<\/div>\n\t\t<\/section>\n\t\t\t\t<section class=\"elementor-section elementor-top-section elementor-element elementor-element-53f8136 elementor-section-boxed elementor-section-height-default elementor-section-height-default\" data-id=\"53f8136\" data-element_type=\"section\">\n\t\t\t\t\t\t<div class=\"elementor-container elementor-column-gap-default\">\n\t\t\t\t\t\t\t<div class=\"elementor-row\">\n\t\t\t\t\t<div class=\"elementor-column elementor-col-100 elementor-top-column elementor-element elementor-element-2243604\" data-id=\"2243604\" data-element_type=\"column\">\n\t\t\t<div class=\"elementor-column-wrap elementor-element-populated\">\n\t\t\t\t\t\t\t<div class=\"elementor-widget-wrap\">\n\t\t\t\t\t\t<div class=\"elementor-element elementor-element-979509c elementor-widget elementor-widget-text-editor\" data-id=\"979509c\" data-element_type=\"widget\" data-widget_type=\"text-editor.default\">\n\t\t\t\t<div class=\"elementor-widget-container\">\n\t\t\t\t\t\t\t\t<div class=\"elementor-text-editor elementor-clearfix\">\n\t\t\t\t<p><span style=\"color: #333333; font-family: opensans, helvetica, arial, sans-serif; font-size: 20px; letter-spacing: -0.5px;\">O novo Kindle possui um hardware mais sofisticado do que o modelo anterior, pois al\u00e9m de evoluir nas propriedades de tela, tamb\u00e9m dobra o armazenamento, de 8 GB para 16 GB. Por outro lado, ambas as gera\u00e7\u00f5es possuem luz embutida no display com a mesma quantidade de LED: quatro.<\/span><\/p>\t\t\t\t\t<\/div>\n\t\t\t\t\t\t<\/div>\n\t\t\t\t<\/div>\n\t\t\t\t\t\t<\/div>\n\t\t\t\t\t<\/div>\n\t\t<\/div>\n\t\t\t\t\t\t\t\t<\/div>\n\t\t\t\t\t<\/div>\n\t\t<\/section>\n\t\t\t\t<section class=\"elementor-section elementor-top-section elementor-element elementor-element-58de89d elementor-section-boxed elementor-section-height-default elementor-section-height-default\" data-id=\"58de89d\" data-element_type=\"section\">\n\t\t\t\t\t\t<div class=\"elementor-container elementor-column-gap-default\">\n\t\t\t\t\t\t\t<div class=\"elementor-row\">\n\t\t\t\t\t<div class=\"elementor-column elementor-col-100 elementor-top-column elementor-element elementor-element-65d3275\" data-id=\"65d3275\" data-element_type=\"column\">\n\t\t\t<div class=\"elementor-column-wrap elementor-element-populated\">\n\t\t\t\t\t\t\t<div class=\"elementor-widget-wrap\">\n\t\t\t\t\t\t<div class=\"elementor-element elementor-element-67ea6ab elementor-widget elementor-widget-text-editor\" data-id=\"67ea6ab\" data-element_type=\"widget\" data-widget_type=\"text-editor.default\">\n\t\t\t\t<div class=\"elementor-widget-container\">\n\t\t\t\t\t\t\t\t<div class=\"elementor-text-editor elementor-clearfix\">\n\t\t\t\t<div class=\"mc-column content-text active-extra-styles \" style=\"box-sizing: inherit; margin-right: auto; margin-bottom: 2rem; margin-left: auto; padding-right: 1rem; padding-left: 1rem; font-variant-numeric: inherit; font-variant-east-asian: inherit; font-stretch: inherit; font-size: 1.25rem; line-height: 2rem; font-family: opensans, helvetica, arial, sans-serif; vertical-align: initial; max-width: 42.5rem; width: 680px; float: none; letter-spacing: -0.03125rem; overflow-wrap: break-word; color: #333333;\" data-block-type=\"unstyled\" data-block-weight=\"49\" data-block-id=\"8\"><p class=\"content-text__container \" style=\"box-sizing: inherit; margin-bottom: 0px; font: inherit; vertical-align: initial;\" data-track-category=\"Link no Texto\" data-track-links=\"\">O lan\u00e7amento tem 158 g, o que faz dele o mais leve j\u00e1 fabricado, segundo a sua p\u00e1gina oficial, e tende a ter a maior durabilidade da bateria, cerca de seis semanas. Para completar, o dispositivo vem com porta USB-C para carregamento, o mesmo padr\u00e3o utilizado pelos smartphones atuais.<\/p><\/div><div class=\"mc-column content-text active-extra-styles \" style=\"box-sizing: inherit; margin-right: auto; margin-bottom: 2rem; margin-left: auto; padding-right: 1rem; padding-left: 1rem; font-variant-numeric: inherit; font-variant-east-asian: inherit; font-stretch: inherit; font-size: 1.25rem; line-height: 2rem; font-family: opensans, helvetica, arial, sans-serif; vertical-align: initial; max-width: 42.5rem; width: 680px; float: none; letter-spacing: -0.03125rem; overflow-wrap: break-word; color: #333333;\" data-block-type=\"unstyled\" data-block-weight=\"44\" data-block-id=\"9\"><p class=\"content-text__container \" style=\"box-sizing: inherit; margin-bottom: 0px; font: inherit; vertical-align: initial;\" data-track-category=\"Link no Texto\" data-track-links=\"\">Vale a pena ressaltar que o Kindle de 10\u00aa Gera\u00e7\u00e3o ainda \u00e9 vendido na loja oficial da Amazon pelo\u00a0<a style=\"box-sizing: inherit; font-style: inherit; font-variant: inherit; font-weight: bold; font-stretch: inherit; font-size: inherit; line-height: inherit; font-family: inherit; vertical-align: initial; color: #fc7700;\" href=\"https:\/\/amzn.to\/3QHbJRt\" target=\"_blank\" rel=\"noopener\">pre\u00e7o de R$ 449<\/a>, ou seja, R$ 50 mais barato do que o novo modelo. Os dois aparelhos podem ter descontos para pagamento \u00e0 vista.<\/p><\/div>\t\t\t\t\t<\/div>\n\t\t\t\t\t\t<\/div>\n\t\t\t\t<\/div>\n\t\t\t\t\t\t<\/div>\n\t\t\t\t\t<\/div>\n\t\t<\/div>\n\t\t\t\t\t\t\t\t<\/div>\n\t\t\t\t\t<\/div>\n\t\t<\/section>\n\t\t\t\t<section class=\"elementor-section elementor-top-section elementor-element elementor-element-4512a28 elementor-section-boxed elementor-section-height-default elementor-section-height-default\" data-id=\"4512a28\" data-element_type=\"section\">\n\t\t\t\t\t\t<div class=\"elementor-container elementor-column-gap-default\">\n\t\t\t\t\t\t\t<div class=\"elementor-row\">\n\t\t\t\t\t<div class=\"elementor-column elementor-col-100 elementor-top-column elementor-element elementor-element-1013ac6\" data-id=\"1013ac6\" data-element_type=\"column\">\n\t\t\t<div class=\"elementor-column-wrap elementor-element-populated\">\n\t\t\t\t\t\t\t<div class=\"elementor-widget-wrap\">\n\t\t\t\t\t\t<div class=\"elementor-element elementor-element-ea63117 elementor-widget elementor-widget-text-editor\" data-id=\"ea63117\" data-element_type=\"widget\" data-widget_type=\"text-editor.default\">\n\t\t\t\t<div class=\"elementor-widget-container\">\n\t\t\t\t\t\t\t\t<div class=\"elementor-text-editor elementor-clearfix\">\n\t\t\t\t<p>Texto de Pedro Cardoso, para o TechTudo<\/p><p>Dispon\u00edvel em:\u00a0<a href=\"https:\/\/www.techtudo.com.br\/noticias\/2022\/09\/amazon-lanca-kindle-11a-geracao-com-dobro-de-armazenamento-veja-preco.ghtml\" target=\"_blank\" rel=\"noopener\">https:\/\/www.techtudo.com.br\/noticias\/2022\/09\/amazon-lanca-kindle-11a-geracao-com-dobro-de-armazenamento-veja-preco.ghtml<\/a>. Acesso em: 14 set. 2022.<\/p>\t\t\t\t\t<\/div>\n\t\t\t\t\t\t<\/div>\n\t\t\t\t<\/div>\n\t\t\t\t\t\t<\/div>\n\t\t\t\t\t<\/div>\n\t\t<\/div>\n\t\t\t\t\t\t\t\t<\/div>\n\t\t\t\t\t<\/div>\n\t\t<\/section>\n\t\t\t\t\t\t\t\t\t<\/div>\n\t\t\t<\/div>\n\t\t\t\t\t<\/div>\n\t\t","protected":false},"excerpt":{"rendered":"<p>Leitor de livros digitais \u00e9 fabricado com 30% a 75% de pl\u00e1stico reciclado e at\u00e9 90% de magn\u00e9sio reciclado. Usu\u00e1rios v\u00e3o perceber que a qualidade da tela est\u00e1 muito superior. O&nbsp;Kindle&nbsp;11\u00aa Gera\u00e7\u00e3o foi anunciado pela&nbsp;Amazon&nbsp;com&nbsp;pre\u00e7o sugerido de R$ 499&nbsp;no mercado brasileiro. O leitor de livros digitais traz tela de alta resolu\u00e7\u00e3o e o dobro do &#8230; <a title=\"Amazon lan\u00e7a Kindle 11\u00aa Gera\u00e7\u00e3o com dobro de armazenamento; veja pre\u00e7o\" class=\"read-more\" href=\"https:\/\/mundobibliotecario.com.br\/index.php\/2022\/09\/14\/amazon-lanca-kindle-11a-geracao-com-dobro-de-armazenamento-veja-preco\/\" aria-label=\"Read more about Amazon lan\u00e7a Kindle 11\u00aa Gera\u00e7\u00e3o com dobro de armazenamento; veja pre\u00e7o\">Ler mais<\/a><\/p>\n","protected":false},"author":1,"featured_media":0,"comment_status":"open","ping_status":"open","sticky":false,"template":"","format":"standard","meta":{"_mi_skip_tracking":false,"_exactmetrics_sitenote_active":false,"_exactmetrics_sitenote_note":"","_exactmetrics_sitenote_category":0,"_jetpack_newsletter_access":"","footnotes":""},"categories":[60],"tags":[317,2092,2091],"class_list":["post-10094","post","type-post","status-publish","format-standard","hentry","category-noticias","tag-kindle","tag-kindle-11a-geracao","tag-kindle-paperwhite-11a-geracao"],"jetpack_featured_media_url":"","jetpack_sharing_enabled":true,"jetpack-related-posts":[{"id":9333,"url":"https:\/\/mundobibliotecario.com.br\/index.php\/2021\/08\/09\/amazon-kindle-tem-falha-que-permite-invasao-com-e-book-malicioso\/","url_meta":{"origin":10094,"position":0},"title":"Amazon Kindle tem falha que permite invas\u00e3o com e-book malicioso","author":"mundobibliotecario","date":"09\/08\/2021","format":false,"excerpt":"Vulnerabilidades no Kindle podem ser exploradas para captura de dados ou \"sequestro\" do dispositivo; problema foi corrigido Teoricamente, qualquer gadget pode ser hackeado, mas a gente n\u00e3o espera que isso aconte\u00e7a com um\u00a0Kindle. Mas aconteceu: nesta sexta-feira (6), a\u00a0Check Point Research\u00a0divulgou a descoberta de um grupo de vulnerabilidades no leitor\u2026","rel":"","context":"Em &quot;Not\u00edcias&quot;","block_context":{"text":"Not\u00edcias","link":"https:\/\/mundobibliotecario.com.br\/index.php\/category\/noticias\/"},"img":{"alt_text":"","src":"https:\/\/i0.wp.com\/mundobibliotecario.com.br\/wp-content\/uploads\/2021\/08\/kindle.jpg?resize=350%2C200&ssl=1","width":350,"height":200},"classes":[]},{"id":8377,"url":"https:\/\/mundobibliotecario.com.br\/index.php\/2021\/02\/01\/kindle-dicas-para-quem-deseja-ter-um-leitor-de-livros-da-amazon\/","url_meta":{"origin":10094,"position":1},"title":"Kindle: dicas para quem deseja ter um leitor de livros da Amazon","author":"mundobibliotecario","date":"01\/02\/2021","format":false,"excerpt":"Fonte: Tecmundo A Amazon conseguiu popularizar os ebooks, gra\u00e7as \u00e0 praticidade do seu Kindle reader. O dispositivo \u00e9 muito mais do que um leitor digital de livros, ele dinamiza a leitura e pode at\u00e9 mesmo facilit\u00e1-la em alguns casos. Atualmente, a Amazon possui 3 modelos, e todos desempenham bem suas\u2026","rel":"","context":"Em &quot;Not\u00edcias&quot;","block_context":{"text":"Not\u00edcias","link":"https:\/\/mundobibliotecario.com.br\/index.php\/category\/noticias\/"},"img":{"alt_text":"","src":"","width":0,"height":0},"classes":[]},{"id":8268,"url":"https:\/\/mundobibliotecario.com.br\/index.php\/2021\/01\/04\/como-enviar-arquivos-para-seu-kindle-por-usb\/","url_meta":{"origin":10094,"position":2},"title":"Como enviar arquivos para seu Kindle por USB","author":"mundobibliotecario","date":"04\/01\/2021","format":false,"excerpt":"Ler livros em um Kindle proporciona uma experi\u00eancia focada exclusivamente em leitura, sendo bem diferente de ler livros em celulares ou tablets. Comprou um Kindle, mas n\u00e3o sabe como colocar livros nele? Um dos processos mais f\u00e1ceis \u00e9 baixar seus livros pelo PC e transferir os arquivos para o armazenamento\u2026","rel":"","context":"Em &quot;Not\u00edcias&quot;","block_context":{"text":"Not\u00edcias","link":"https:\/\/mundobibliotecario.com.br\/index.php\/category\/noticias\/"},"img":{"alt_text":"","src":"","width":0,"height":0},"classes":[]},{"id":5578,"url":"https:\/\/mundobibliotecario.com.br\/index.php\/2020\/04\/23\/como-organizar-sua-biblioteca-do-kindle\/","url_meta":{"origin":10094,"position":3},"title":"Como organizar sua biblioteca do Kindle","author":"mundobibliotecario","date":"23\/04\/2020","format":false,"excerpt":"Os e-readers do Kindle facilitam a compila\u00e7\u00e3o e a leitura de livros.\u00a0Infelizmente, eles n\u00e3o tornam particularmente f\u00e1cil organiz\u00e1-los.\u00a0N\u00e3o h\u00e1 estrutura de pastas ou sistema de marca\u00e7\u00e3o para impor ordem em grandes bibliotecas.\u00a0Em vez disso, o Kindle oferece Cole\u00e7\u00f5es, uma maneira de classificar livros em agrupamentos l\u00f3gicos na tela do dispositivo.\u2026","rel":"","context":"Em &quot;Not\u00edcias&quot;","block_context":{"text":"Not\u00edcias","link":"https:\/\/mundobibliotecario.com.br\/index.php\/category\/noticias\/"},"img":{"alt_text":"","src":"","width":0,"height":0},"classes":[]},{"id":8223,"url":"https:\/\/mundobibliotecario.com.br\/index.php\/2020\/12\/29\/como-colocar-arquivos-no-seu-kindle-por-e-mail\/","url_meta":{"origin":10094,"position":4},"title":"Como colocar arquivos no seu Kindle por e-mail","author":"mundobibliotecario","date":"29\/12\/2020","format":false,"excerpt":"O leitor digital da\u00a0Amazon, oferece a seus usu\u00e1rios diversos recursos interessantes para o envio e armazenamento de livros digitais em seu dispositivo. Como usu\u00e1rio do Kindle, voc\u00ea pode enviar arquivos diretamente para o e-mail de seu dispositivo. Esse recurso \u00e9 uma das op\u00e7\u00f5es oferecidas pela Amazon para realizar o envio\u2026","rel":"","context":"Em &quot;Not\u00edcias&quot;","block_context":{"text":"Not\u00edcias","link":"https:\/\/mundobibliotecario.com.br\/index.php\/category\/noticias\/"},"img":{"alt_text":"","src":"","width":0,"height":0},"classes":[]},{"id":978,"url":"https:\/\/mundobibliotecario.com.br\/index.php\/2009\/11\/12\/978\/","url_meta":{"origin":10094,"position":5},"title":"E o livro chegou ao computador&#8230;","author":"mundobibliotecario","date":"12\/11\/2009","format":false,"excerpt":"A Amazon acaba de lan\u00e7ar o Kindle para PC e promete para breve uma vers\u00e3o para Mac Tecnologia PublishNews - 11\/11\/2009 Depois do Kindle em vers\u00e3o internacional que foi disponibilizado recentemente para mais de 100 pa\u00edses, a Amazon lan\u00e7ou ontem, 10\/11, o aplicativo Kindle para PC, que pode ser baixado\u2026","rel":"","context":"Em &quot;Not\u00edcias&quot;","block_context":{"text":"Not\u00edcias","link":"https:\/\/mundobibliotecario.com.br\/index.php\/category\/noticias\/"},"img":{"alt_text":"","src":"","width":0,"height":0},"classes":[]}],"jetpack_likes_enabled":true,"jetpack_shortlink":"https:\/\/wp.me\/pcbzwa-2CO","_links":{"self":[{"href":"https:\/\/mundobibliotecario.com.br\/index.php\/wp-json\/wp\/v2\/posts\/10094","targetHints":{"allow":["GET"]}}],"collection":[{"href":"https:\/\/mundobibliotecario.com.br\/index.php\/wp-json\/wp\/v2\/posts"}],"about":[{"href":"https:\/\/mundobibliotecario.com.br\/index.php\/wp-json\/wp\/v2\/types\/post"}],"author":[{"embeddable":true,"href":"https:\/\/mundobibliotecario.com.br\/index.php\/wp-json\/wp\/v2\/users\/1"}],"replies":[{"embeddable":true,"href":"https:\/\/mundobibliotecario.com.br\/index.php\/wp-json\/wp\/v2\/comments?post=10094"}],"version-history":[{"count":5,"href":"https:\/\/mundobibliotecario.com.br\/index.php\/wp-json\/wp\/v2\/posts\/10094\/revisions"}],"predecessor-version":[{"id":10101,"href":"https:\/\/mundobibliotecario.com.br\/index.php\/wp-json\/wp\/v2\/posts\/10094\/revisions\/10101"}],"wp:attachment":[{"href":"https:\/\/mundobibliotecario.com.br\/index.php\/wp-json\/wp\/v2\/media?parent=10094"}],"wp:term":[{"taxonomy":"category","embeddable":true,"href":"https:\/\/mundobibliotecario.com.br\/index.php\/wp-json\/wp\/v2\/categories?post=10094"},{"taxonomy":"post_tag","embeddable":true,"href":"https:\/\/mundobibliotecario.com.br\/index.php\/wp-json\/wp\/v2\/tags?post=10094"}],"curies":[{"name":"wp","href":"https:\/\/api.w.org\/{rel}","templated":true}]}}