{"id":10105,"date":"2022-09-26T15:00:00","date_gmt":"2022-09-26T18:00:00","guid":{"rendered":"https:\/\/mundobibliotecario.com.br\/?p=10105"},"modified":"2022-09-26T06:42:56","modified_gmt":"2022-09-26T09:42:56","slug":"live-acessibilidade-em-bibliotecas-universitarias-para-pessoas-com-deficiencia-visual","status":"publish","type":"post","link":"https:\/\/mundobibliotecario.com.br\/index.php\/2022\/09\/26\/live-acessibilidade-em-bibliotecas-universitarias-para-pessoas-com-deficiencia-visual\/","title":{"rendered":"Live: Acessibilidade em bibliotecas universit\u00e1rias para pessoas com defici\u00eancia visual"},"content":{"rendered":"\t\t<div data-elementor-type=\"wp-post\" data-elementor-id=\"10105\" class=\"elementor elementor-10105\">\n\t\t\t\t\t\t<div class=\"elementor-inner\">\n\t\t\t\t<div class=\"elementor-section-wrap\">\n\t\t\t\t\t\t\t\t\t<section class=\"elementor-section elementor-top-section elementor-element elementor-element-638f5b7 elementor-section-boxed elementor-section-height-default elementor-section-height-default\" data-id=\"638f5b7\" data-element_type=\"section\">\n\t\t\t\t\t\t<div class=\"elementor-container elementor-column-gap-default\">\n\t\t\t\t\t\t\t<div class=\"elementor-row\">\n\t\t\t\t\t<div class=\"elementor-column elementor-col-100 elementor-top-column elementor-element elementor-element-726b2b4\" data-id=\"726b2b4\" data-element_type=\"column\">\n\t\t\t<div class=\"elementor-column-wrap elementor-element-populated\">\n\t\t\t\t\t\t\t<div class=\"elementor-widget-wrap\">\n\t\t\t\t\t\t<div class=\"elementor-element elementor-element-6580ace elementor-widget elementor-widget-image\" data-id=\"6580ace\" data-element_type=\"widget\" data-widget_type=\"image.default\">\n\t\t\t\t<div class=\"elementor-widget-container\">\n\t\t\t\t\t\t\t\t<div class=\"elementor-image\">\n\t\t\t\t\t\t\t\t\t\t\t\t<img loading=\"lazy\" decoding=\"async\" width=\"768\" height=\"768\" src=\"https:\/\/mundobibliotecario.com.br\/wp-content\/uploads\/2022\/09\/live-sibi-ufscar.png\" class=\"attachment-large size-large wp-image-10107\" alt=\"\" srcset=\"https:\/\/mundobibliotecario.com.br\/wp-content\/uploads\/2022\/09\/live-sibi-ufscar.png 768w, https:\/\/mundobibliotecario.com.br\/wp-content\/uploads\/2022\/09\/live-sibi-ufscar-300x300.png 300w, https:\/\/mundobibliotecario.com.br\/wp-content\/uploads\/2022\/09\/live-sibi-ufscar-150x150.png 150w\" sizes=\"auto, (max-width: 768px) 100vw, 768px\" \/>\t\t\t\t\t\t\t\t\t\t\t\t\t\t<\/div>\n\t\t\t\t\t\t<\/div>\n\t\t\t\t<\/div>\n\t\t\t\t\t\t<\/div>\n\t\t\t\t\t<\/div>\n\t\t<\/div>\n\t\t\t\t\t\t\t\t<\/div>\n\t\t\t\t\t<\/div>\n\t\t<\/section>\n\t\t\t\t<section class=\"elementor-section elementor-top-section elementor-element elementor-element-76380ed elementor-section-boxed elementor-section-height-default elementor-section-height-default\" data-id=\"76380ed\" data-element_type=\"section\">\n\t\t\t\t\t\t<div class=\"elementor-container elementor-column-gap-default\">\n\t\t\t\t\t\t\t<div class=\"elementor-row\">\n\t\t\t\t\t<div class=\"elementor-column elementor-col-100 elementor-top-column elementor-element elementor-element-78fa438\" data-id=\"78fa438\" data-element_type=\"column\">\n\t\t\t<div class=\"elementor-column-wrap elementor-element-populated\">\n\t\t\t\t\t\t\t<div class=\"elementor-widget-wrap\">\n\t\t\t\t\t\t<div class=\"elementor-element elementor-element-1d2b522 elementor-widget elementor-widget-text-editor\" data-id=\"1d2b522\" data-element_type=\"widget\" data-widget_type=\"text-editor.default\">\n\t\t\t\t<div class=\"elementor-widget-container\">\n\t\t\t\t\t\t\t\t<div class=\"elementor-text-editor elementor-clearfix\">\n\t\t\t\t<p><span style=\"color: #4d4d4d; font-family: 'Open Sans', Roboto, 'Helvetica Neue', Helvetica, Arial, sans-serif; text-align: justify; background-color: #fafafa;\">Em continuidade \u00e0 s\u00e9rie de <\/span><em style=\"color: #4d4d4d; font-family: 'Open Sans', Roboto, 'Helvetica Neue', Helvetica, Arial, sans-serif; text-align: justify; background-color: #fafafa;\">lives<\/em><span style=\"color: #4d4d4d; font-family: 'Open Sans', Roboto, 'Helvetica Neue', Helvetica, Arial, sans-serif; text-align: justify; background-color: #fafafa;\">\u00a0que abordam as necessidades atuais das bibliotecas universit\u00e1rias, o Sistema Integrado de Bibliotecas (SIBi-UFSCar) est\u00e1 organizando a\u00a0<\/span><em style=\"color: #4d4d4d; font-family: 'Open Sans', Roboto, 'Helvetica Neue', Helvetica, Arial, sans-serif; text-align: justify; background-color: #fafafa;\">live\u00a0<a style=\"background-image: initial; background-position: initial; background-size: initial; background-repeat: initial; background-attachment: initial; background-origin: initial; background-clip: initial; color: #007bb3; border-bottom-width: initial; border-bottom-style: none;\" href=\"https:\/\/www.youtube.com\/watch?v=DKDQdiHQy_Q\"><strong>Acessibilidade em bibliotecas universit\u00e1rias para pessoas com defici\u00eancia visual.<\/strong><\/a><\/em><strong style=\"color: #4d4d4d; font-family: 'Open Sans', Roboto, 'Helvetica Neue', Helvetica, Arial, sans-serif; text-align: justify; background-color: #fafafa;\">\u00a0<\/strong><span style=\"color: #4d4d4d; font-family: 'Open Sans', Roboto, 'Helvetica Neue', Helvetica, Arial, sans-serif; text-align: justify; background-color: #fafafa;\">O evento\u00a0acontece\u00a0no dia 29 de setembro (5\u00aa. Feira), das 14h30 \u00e0s 16h\u00a0e ter\u00e1\u00a0transmiss\u00e3o\u00a0pelo\u00a0<\/span><strong style=\"color: #4d4d4d; font-family: 'Open Sans', Roboto, 'Helvetica Neue', Helvetica, Arial, sans-serif; text-align: justify; background-color: #fafafa;\"><a style=\"background-image: initial; background-position: initial; background-size: initial; background-repeat: initial; background-attachment: initial; background-origin: initial; background-clip: initial; color: #007bb3; border-bottom-width: initial; border-bottom-style: none;\" href=\"https:\/\/www.youtube.com\/c\/SIBiUFSCar\">canal do SIBi no YouTube<\/a><\/strong><span style=\"color: #4d4d4d; font-family: 'Open Sans', Roboto, 'Helvetica Neue', Helvetica, Arial, sans-serif; text-align: justify; background-color: #fafafa;\">\u00a0com tradu\u00e7\u00e3o em Libras. Ela visa identificar e apresentar a oferta de produtos e servi\u00e7os acess\u00edveis a todas as pessoas da comunidade acad\u00eamica. A palestrante convidada \u00e9 a bibliotec\u00e1ria\u00a0<\/span><strong style=\"color: #4d4d4d; font-family: 'Open Sans', Roboto, 'Helvetica Neue', Helvetica, Arial, sans-serif; text-align: justify; background-color: #fafafa;\">Angela Pereira de Farias Mengatto<\/strong><span style=\"color: #4d4d4d; font-family: 'Open Sans', Roboto, 'Helvetica Neue', Helvetica, Arial, sans-serif; text-align: justify; background-color: #fafafa;\">\u00a0(<\/span><a style=\"background: #fafafa; color: #007bb3; border-bottom-width: initial; border-bottom-style: none; font-family: 'Open Sans', Roboto, 'Helvetica Neue', Helvetica, Arial, sans-serif; text-align: justify;\" href=\"http:\/\/lattes.cnpq.br\/0478843114663788\">http:\/\/lattes.cnpq.br\/0478843114663788<\/a><span style=\"color: #4d4d4d; font-family: 'Open Sans', Roboto, 'Helvetica Neue', Helvetica, Arial, sans-serif; text-align: justify; background-color: #fafafa;\">), chefe da Biblioteca de Ci\u00eancia e Tecnologia da Universidade Federal do Paran\u00e1 (UFPR), onde encontra-se desde 2010 o Laborat\u00f3rio de Acessibilidade, que atua como unidade piloto, com espa\u00e7o f\u00edsico adequado e adaptado para acolher os estudantes com defici\u00eancias. Haver\u00e1 tamb\u00e9m a participa\u00e7\u00e3o do servidor t\u00e9cnico-administrativo Sandro Luiz Montanheiro Francischini, Coordenador de Inclus\u00e3o e Direitos Humanos (CoIDH) da Secretaria Geral de A\u00e7\u00f5es Afirmativas, Diversidade e Equidade (SAADE-UFSCar). A media\u00e7\u00e3o ser\u00e1 feita pela bibliotec\u00e1ria\u00a0<\/span><strong style=\"color: #4d4d4d; font-family: 'Open Sans', Roboto, 'Helvetica Neue', Helvetica, Arial, sans-serif; text-align: justify; background-color: #fafafa;\">Maria Helena Sacchi do Amaral<\/strong><span style=\"color: #4d4d4d; font-family: 'Open Sans', Roboto, 'Helvetica Neue', Helvetica, Arial, sans-serif; text-align: justify; background-color: #fafafa;\">, que atua na Biblioteca da UFSCar no Campus de Araras\u00a0 e \u00e9 coordenadora do Grupo de Trabalho Acessibilidade e Diversidade do SIBi. Ela far\u00e1 o lan\u00e7amento do\u00a0<\/span><a style=\"background: #fafafa; color: #007bb3; border-bottom-width: initial; border-bottom-style: none; font-family: 'Open Sans', Roboto, 'Helvetica Neue', Helvetica, Arial, sans-serif; text-align: justify;\" href=\"https:\/\/www.sibi.ufscar.br\/arquivos\/guia-de-acessibilidade.pdf\"><strong>Guia para produ\u00e7\u00e3o de documentos e conte\u00fados digitais acess\u00edveis para o Sistema Integrado de Bibliotecas da UFSCar<\/strong><\/a><span style=\"color: #4d4d4d; font-family: 'Open Sans', Roboto, 'Helvetica Neue', Helvetica, Arial, sans-serif; text-align: justify; background-color: #fafafa;\">, que contou com o apoio da Pr\u00f3-Reitoria de Extens\u00e3o que disponibilizou um bolsista para colaborar na tarefa. A orienta\u00e7\u00e3o e revis\u00e3o t\u00e9cnica ficou a cargo da CoIDH-SAADE-UFSCar. Seu objetivo \u00e9 promover acessibilidade aos documentos elaborados e disponibilizados de forma digital pelo SIBi-UFSCar, portanto, contidos no site ou nas redes sociais e tamb\u00e9m para eventos virtuais. As inscri\u00e7\u00f5es gratuitas devem ser feitas com o preenchimento deste\u00a0<\/span><strong style=\"color: #4d4d4d; font-family: 'Open Sans', Roboto, 'Helvetica Neue', Helvetica, Arial, sans-serif; text-align: justify; background-color: #fafafa;\"><a style=\"background-image: initial; background-position: initial; background-size: initial; background-repeat: initial; background-attachment: initial; background-origin: initial; background-clip: initial; color: #007bb3; border-bottom-width: initial; border-bottom-style: none;\" href=\"https:\/\/forms.gle\/Nq6VNd4DPGvPuCaV6\">formul\u00e1rio online<\/a>\u00a0<\/strong><span style=\"color: #4d4d4d; font-family: 'Open Sans', Roboto, 'Helvetica Neue', Helvetica, Arial, sans-serif; text-align: justify; background-color: #fafafa;\">e haver\u00e1 emiss\u00e3o de certificado no dia do evento.<\/span><\/p>\t\t\t\t\t<\/div>\n\t\t\t\t\t\t<\/div>\n\t\t\t\t<\/div>\n\t\t\t\t\t\t<\/div>\n\t\t\t\t\t<\/div>\n\t\t<\/div>\n\t\t\t\t\t\t\t\t<\/div>\n\t\t\t\t\t<\/div>\n\t\t<\/section>\n\t\t\t\t<section class=\"elementor-section elementor-top-section elementor-element elementor-element-5673d26 elementor-section-boxed elementor-section-height-default elementor-section-height-default\" data-id=\"5673d26\" data-element_type=\"section\">\n\t\t\t\t\t\t<div class=\"elementor-container elementor-column-gap-default\">\n\t\t\t\t\t\t\t<div class=\"elementor-row\">\n\t\t\t\t\t<div class=\"elementor-column elementor-col-100 elementor-top-column elementor-element elementor-element-2a9308c\" data-id=\"2a9308c\" data-element_type=\"column\">\n\t\t\t<div class=\"elementor-column-wrap elementor-element-populated\">\n\t\t\t\t\t\t\t<div class=\"elementor-widget-wrap\">\n\t\t\t\t\t\t<div class=\"elementor-element elementor-element-54cf2e5 elementor-widget elementor-widget-text-editor\" data-id=\"54cf2e5\" data-element_type=\"widget\" data-widget_type=\"text-editor.default\">\n\t\t\t\t<div class=\"elementor-widget-container\">\n\t\t\t\t\t\t\t\t<div class=\"elementor-text-editor elementor-clearfix\">\n\t\t\t\t<p>Dispon\u00edvel em:&nbsp;<a href=\"https:\/\/www.sibi.ufscar.br\/news\/live-acessibilidade-em-bibliotecas-universitarias-para-pessoas-com-deficiencia-visual\" target=\"_blank\">https:\/\/www.sibi.ufscar.br\/news\/live-acessibilidade-em-bibliotecas-universitarias-para-pessoas-com-deficiencia-visual<\/a>. Acesso em: 26 set. 2022.<\/p>\t\t\t\t\t<\/div>\n\t\t\t\t\t\t<\/div>\n\t\t\t\t<\/div>\n\t\t\t\t\t\t<\/div>\n\t\t\t\t\t<\/div>\n\t\t<\/div>\n\t\t\t\t\t\t\t\t<\/div>\n\t\t\t\t\t<\/div>\n\t\t<\/section>\n\t\t\t\t\t\t\t\t\t<\/div>\n\t\t\t<\/div>\n\t\t\t\t\t<\/div>\n\t\t","protected":false},"excerpt":{"rendered":"<p>Em continuidade \u00e0 s\u00e9rie de lives&nbsp;que abordam as necessidades atuais das bibliotecas universit\u00e1rias, o Sistema Integrado de Bibliotecas (SIBi-UFSCar) est\u00e1 organizando a&nbsp;live&nbsp;Acessibilidade em bibliotecas universit\u00e1rias para pessoas com defici\u00eancia visual.&nbsp;O evento&nbsp;acontece&nbsp;no dia 29 de setembro (5\u00aa. Feira), das 14h30 \u00e0s 16h&nbsp;e ter\u00e1&nbsp;transmiss\u00e3o&nbsp;pelo&nbsp;canal do SIBi no YouTube&nbsp;com tradu\u00e7\u00e3o em Libras. Ela visa identificar e apresentar a &#8230; <a title=\"Live: Acessibilidade em bibliotecas universit\u00e1rias para pessoas com defici\u00eancia visual\" class=\"read-more\" href=\"https:\/\/mundobibliotecario.com.br\/index.php\/2022\/09\/26\/live-acessibilidade-em-bibliotecas-universitarias-para-pessoas-com-deficiencia-visual\/\" aria-label=\"Read more about Live: Acessibilidade em bibliotecas universit\u00e1rias para pessoas com defici\u00eancia visual\">Ler mais<\/a><\/p>\n","protected":false},"author":1,"featured_media":0,"comment_status":"open","ping_status":"open","sticky":false,"template":"","format":"standard","meta":{"_mi_skip_tracking":false,"_exactmetrics_sitenote_active":false,"_exactmetrics_sitenote_note":"","_exactmetrics_sitenote_category":0,"_jetpack_newsletter_access":"","footnotes":""},"categories":[27],"tags":[846,373,1188,62],"class_list":["post-10105","post","type-post","status-publish","format-standard","hentry","category-eventos","tag-acessibilidade","tag-biblioteca-universitaria","tag-deficiencia-visual","tag-ufscar"],"jetpack_featured_media_url":"","jetpack_sharing_enabled":true,"jetpack-related-posts":[{"id":8417,"url":"https:\/\/mundobibliotecario.com.br\/index.php\/2021\/03\/09\/live-novos-servicos-de-apoio-a-pesquisa-em-bibliotecas-universitarias\/","url_meta":{"origin":10105,"position":0},"title":"Live &#8220;Novos servi\u00e7os de apoio \u00e0 pesquisa em bibliotecas universit\u00e1rias&#8221;","author":"mundobibliotecario","date":"09\/03\/2021","format":false,"excerpt":"Comemora\u00e7\u00e3o do Dia do Bibliotec\u00e1rio na UFSCar! A atua\u00e7\u00e3o tradicional dos bibliotec\u00e1rios foi se transformando, novos desafios surgiram, novas habilidades s\u00e3o exigidas e um novo perfil do profissional desponta. Para comemorar o Dia do Bibliotec\u00e1rio na UFSCar, o Sistema Integrado de Bibliotecas (SIBi) e o Departamento de Ci\u00eancia da Informa\u00e7\u00e3o(DCI)\u2026","rel":"","context":"Em &quot;Eventos&quot;","block_context":{"text":"Eventos","link":"https:\/\/mundobibliotecario.com.br\/index.php\/category\/eventos\/"},"img":{"alt_text":"","src":"","width":0,"height":0},"classes":[]},{"id":9838,"url":"https:\/\/mundobibliotecario.com.br\/index.php\/2022\/03\/04\/live-panorama-das-bibliotecas-em-relacao-a-agenda-2030-10-03\/","url_meta":{"origin":10105,"position":1},"title":"Live: Panorama das bibliotecas em rela\u00e7\u00e3o \u00e0 Agenda 2030 \u2013 10\/03","author":"mundobibliotecario","date":"04\/03\/2022","format":false,"excerpt":"Para comemorar o\u00a0Dia do Bibliotec\u00e1rio\u00a0e dar continuidade \u00e0 s\u00e9rie de\u00a0lives\u00a0que abordam as necessidades atuais das bibliotecas universit\u00e1rias e da comunidade acad\u00eamica, o Sistema Integrado de Bibliotecas (SIBi-UFSCar) e o\u00a0Departamento de Ci\u00eancia da Informa\u00e7\u00e3o organizaram a\u00a0live\u00a0\u201cOito anos pela frente e o panorama das bibliotecas em rela\u00e7\u00e3o \u00e0 Agenda 2030\u201d.\u00a0\u00a0Restam apenas oito\u2026","rel":"","context":"Em &quot;Not\u00edcias&quot;","block_context":{"text":"Not\u00edcias","link":"https:\/\/mundobibliotecario.com.br\/index.php\/category\/noticias\/"},"img":{"alt_text":"dia do bibliotecario ufscar","src":"https:\/\/i0.wp.com\/mundobibliotecario.com.br\/wp-content\/uploads\/2022\/03\/image-1.jpeg?resize=350%2C200&ssl=1","width":350,"height":200},"classes":[]},{"id":9374,"url":"https:\/\/mundobibliotecario.com.br\/index.php\/2021\/08\/16\/sibi-ufscar-promove-live-sobre-gestao-de-dados-de-pesquisa-com-a-ferramenta-dmptool\/","url_meta":{"origin":10105,"position":2},"title":"SIBi-UFSCar promove live sobre gest\u00e3o de dados de pesquisa com a ferramenta DMPTool","author":"mundobibliotecario","date":"16\/08\/2021","format":false,"excerpt":"No pr\u00f3ximo dia\u00a019 de agosto\u00a0(5\u00aa. Feira) dando continuidade \u00e0 s\u00e9rie de\u00a0lives\u00a0que abordam necessidades atuais das bibliotecas universit\u00e1rias, o Sistema Integrado de Bibliotecas (SIBi), da UFSCar, promove o bate-papo virtual, intitulado\u00a0Por que usar a DMPTool\u00a0para a gest\u00e3o de dados de pesquisa?\u00a0A ferramenta DMPTool\u00a0\u00e9 utilizada para elaborar o Plano de gest\u00e3o de\u2026","rel":"","context":"Em &quot;Not\u00edcias&quot;","block_context":{"text":"Not\u00edcias","link":"https:\/\/mundobibliotecario.com.br\/index.php\/category\/noticias\/"},"img":{"alt_text":"","src":"https:\/\/i0.wp.com\/mundobibliotecario.com.br\/wp-content\/uploads\/2021\/08\/live-gestao-dados-ufscar.png?resize=350%2C200&ssl=1","width":350,"height":200},"classes":[]},{"id":8674,"url":"https:\/\/mundobibliotecario.com.br\/index.php\/2021\/04\/07\/live-producao-de-conteudo-em-midias-sociais-para-bibliotecas\/","url_meta":{"origin":10105,"position":3},"title":"Live &#8220;Produ\u00e7\u00e3o de conte\u00fado em m\u00eddias sociais para bibliotecas&#8221;","author":"mundobibliotecario","date":"07\/04\/2021","format":false,"excerpt":"No pr\u00f3ximo dia\u00a015 de abril\u00a0acontece a\u00a0Live\u00a0Produ\u00e7\u00e3o de conte\u00fado em m\u00eddias sociais para bibliotecas, organizada pelo Sistema Integrado de Bibliotecas (SIBi-UFSCar). Dando continuidade \u00e0 apresenta\u00e7\u00e3o das transforma\u00e7\u00f5es por que passam as bibliotecas universit\u00e1rias, desta vez o foco \u00e9 a utiliza\u00e7\u00e3o das m\u00eddias sociais, de forma consciente e respons\u00e1vel, como um agente\u2026","rel":"","context":"Em &quot;Eventos&quot;","block_context":{"text":"Eventos","link":"https:\/\/mundobibliotecario.com.br\/index.php\/category\/eventos\/"},"img":{"alt_text":"","src":"https:\/\/i0.wp.com\/mundobibliotecario.com.br\/wp-content\/uploads\/2021\/04\/image.png?resize=350%2C200&ssl=1","width":350,"height":200},"classes":[]},{"id":9610,"url":"https:\/\/mundobibliotecario.com.br\/index.php\/2021\/11\/12\/live-plagio-academico-identificacao-prevencao-e-consequencias\/","url_meta":{"origin":10105,"position":4},"title":"Live: Pl\u00e1gio acad\u00eamico: identifica\u00e7\u00e3o, preven\u00e7\u00e3o e consequ\u00eancias","author":"mundobibliotecario","date":"12\/11\/2021","format":false,"excerpt":"No pr\u00f3ximo dia\u00a025 de novembro\u00a0(5\u00aa. Feira) dando continuidade \u00e0 s\u00e9rie de\u00a0lives\u00a0que abordam as necessidades atuais das bibliotecas universit\u00e1rias e da comunidade acad\u00eamica, o Sistema Integrado de Bibliotecas (SIBi) e as Pr\u00f3-Reitorias de Gradua\u00e7\u00e3o, de Pesquisa e P\u00f3s-Gradua\u00e7\u00e3o da UFSCar, promovem a palestra virtual, intitulada\u00a0Pl\u00e1gio acad\u00eamico: identifica\u00e7\u00e3o, preven\u00e7\u00e3o e consequ\u00eancias.\u00a0No cen\u00e1rio\u2026","rel":"","context":"Em &quot;Eventos&quot;","block_context":{"text":"Eventos","link":"https:\/\/mundobibliotecario.com.br\/index.php\/category\/eventos\/"},"img":{"alt_text":"","src":"https:\/\/i0.wp.com\/mundobibliotecario.com.br\/wp-content\/uploads\/2021\/11\/image-1024x1024.jpeg?resize=350%2C200&ssl=1","width":350,"height":200},"classes":[]},{"id":9981,"url":"https:\/\/mundobibliotecario.com.br\/index.php\/2022\/06\/02\/projeto-de-lei-determina-a-obrigatoriedade-de-livros-acessiveis-e-tecnologias-assistidas-nas-bibliotecas-publicas\/","url_meta":{"origin":10105,"position":5},"title":"Projeto de lei determina a obrigatoriedade de livros acess\u00edveis e tecnologias assistidas nas bibliotecas p\u00fablicas","author":"mundobibliotecario","date":"02\/06\/2022","format":false,"excerpt":"O\u00a0 Projeto de Lei 1454\/2022, apresentado pelo deputado Francisco Jr. (PSD\/GO) em 01\/06\/2022, prev\u00ea uma altera\u00e7\u00e3o no art. 7\u00ba da Lei n\u00ba 10.753 (Pol\u00edtica Nacional do Livro). O projeto prop\u00f5e\u00a0a obrigatoriedade da presen\u00e7a de livros acess\u00edveis e tecnologias assistidas nas bibliotecas p\u00fablicas para garantir o acesso \u00e0s obras do acervo\u2026","rel":"","context":"Em &quot;Not\u00edcias&quot;","block_context":{"text":"Not\u00edcias","link":"https:\/\/mundobibliotecario.com.br\/index.php\/category\/noticias\/"},"img":{"alt_text":"","src":"https:\/\/i0.wp.com\/mundobibliotecario.com.br\/wp-content\/uploads\/2022\/06\/braille-g8f7857196_640.jpg?resize=350%2C200&ssl=1","width":350,"height":200},"classes":[]}],"jetpack_likes_enabled":true,"jetpack_shortlink":"https:\/\/wp.me\/pcbzwa-2CZ","_links":{"self":[{"href":"https:\/\/mundobibliotecario.com.br\/index.php\/wp-json\/wp\/v2\/posts\/10105","targetHints":{"allow":["GET"]}}],"collection":[{"href":"https:\/\/mundobibliotecario.com.br\/index.php\/wp-json\/wp\/v2\/posts"}],"about":[{"href":"https:\/\/mundobibliotecario.com.br\/index.php\/wp-json\/wp\/v2\/types\/post"}],"author":[{"embeddable":true,"href":"https:\/\/mundobibliotecario.com.br\/index.php\/wp-json\/wp\/v2\/users\/1"}],"replies":[{"embeddable":true,"href":"https:\/\/mundobibliotecario.com.br\/index.php\/wp-json\/wp\/v2\/comments?post=10105"}],"version-history":[{"count":5,"href":"https:\/\/mundobibliotecario.com.br\/index.php\/wp-json\/wp\/v2\/posts\/10105\/revisions"}],"predecessor-version":[{"id":10111,"href":"https:\/\/mundobibliotecario.com.br\/index.php\/wp-json\/wp\/v2\/posts\/10105\/revisions\/10111"}],"wp:attachment":[{"href":"https:\/\/mundobibliotecario.com.br\/index.php\/wp-json\/wp\/v2\/media?parent=10105"}],"wp:term":[{"taxonomy":"category","embeddable":true,"href":"https:\/\/mundobibliotecario.com.br\/index.php\/wp-json\/wp\/v2\/categories?post=10105"},{"taxonomy":"post_tag","embeddable":true,"href":"https:\/\/mundobibliotecario.com.br\/index.php\/wp-json\/wp\/v2\/tags?post=10105"}],"curies":[{"name":"wp","href":"https:\/\/api.w.org\/{rel}","templated":true}]}}