{"id":1032,"date":"2010-01-03T11:52:42","date_gmt":"2010-01-03T14:52:42","guid":{"rendered":"http:\/\/mundobibliotecario.wordpress.com\/?p=1032"},"modified":"2020-07-22T00:10:09","modified_gmt":"2020-07-22T03:10:09","slug":"livros-para-uma-vida","status":"publish","type":"post","link":"https:\/\/mundobibliotecario.com.br\/index.php\/2010\/01\/03\/livros-para-uma-vida\/","title":{"rendered":"Livros para uma vida"},"content":{"rendered":"<p>Dezoito educadores selecionaram 204 obras essenciais para serem lidas do Ensino Infantil ao Ensino M\u00e9dio<\/p>\n<div>Acesse:<\/div>\n","protected":false},"excerpt":{"rendered":"<p>Dezoito educadores selecionaram 204 obras essenciais para serem lidas do Ensino Infantil ao Ensino M\u00e9dio Acesse:<\/p>\n","protected":false},"author":1,"featured_media":0,"comment_status":"open","ping_status":"open","sticky":false,"template":"","format":"standard","meta":{"_mi_skip_tracking":false,"_exactmetrics_sitenote_active":false,"_exactmetrics_sitenote_note":"","_exactmetrics_sitenote_category":0,"_jetpack_newsletter_access":"","footnotes":""},"categories":[60],"tags":[9],"class_list":["post-1032","post","type-post","status-publish","format-standard","hentry","category-noticias","tag-livro"],"jetpack_featured_media_url":"","jetpack_sharing_enabled":true,"jetpack-related-posts":[{"id":3493,"url":"https:\/\/mundobibliotecario.com.br\/index.php\/2014\/05\/30\/projeto-ensina-criancas-a-cuidarem-da-saude-dos-livros-em-garca\/","url_meta":{"origin":1032,"position":0},"title":"Projeto ensina crian\u00e7as a cuidarem da &#8216;sa\u00fade&#8217; dos livros em Gar\u00e7a","author":"mundobibliotecario","date":"30\/05\/2014","format":false,"excerpt":"G1 - 25\/05\/2014 O mau estado em que os livros doados chegam \u00e0 Biblioteca Municipal de Gar\u00e7a (SP) levou as funcion\u00e1rias a tentarem minimizar os estragos ensinando as crian\u00e7as a como cuidar dos exemplares. Ao inv\u00e9s de simplesmente consert\u00e1-los, elas criaram um verdadeiro espa\u00e7o hospitalar para recuper\u00e1-los e mostrar aos\u2026","rel":"","context":"Em &quot;Not\u00edcias&quot;","block_context":{"text":"Not\u00edcias","link":"https:\/\/mundobibliotecario.com.br\/index.php\/category\/noticias\/"},"img":{"alt_text":"","src":"","width":0,"height":0},"classes":[]},{"id":2597,"url":"https:\/\/mundobibliotecario.com.br\/index.php\/2012\/05\/26\/ensinar-e-aprender-com-pesquisa-no-ensino-medio\/","url_meta":{"origin":1032,"position":1},"title":"Ensinar e aprender com pesquisa no Ensino M\u00e9dio","author":"mundobibliotecario","date":"26\/05\/2012","format":false,"excerpt":"Dois Severinos se unem em publica\u00e7\u00e3o para jovens estudantes Bruno Fischer Dimarch - Educa\u00e7\u00e3o 24\/05\/12 10:51 - Atualizado em 24\/05\/12 10:51 Ant\u00f4nio Joaquim Severino publicou um livro de grande sucesso chamado\u00a0M\u00e9todos de Estudo para o 2\u00ba Grau, mas que est\u00e1, h\u00e1 algum tempo, esgotado. De quando foi escrito, muita coisa\u2026","rel":"","context":"Em &quot;Not\u00edcias&quot;","block_context":{"text":"Not\u00edcias","link":"https:\/\/mundobibliotecario.com.br\/index.php\/category\/noticias\/"},"img":{"alt_text":"","src":"","width":0,"height":0},"classes":[]},{"id":2250,"url":"https:\/\/mundobibliotecario.com.br\/index.php\/2011\/10\/05\/morador-de-rua-ensina-respeito-ao-livro\/","url_meta":{"origin":1032,"position":2},"title":"Morador de rua ensina respeito ao livro","author":"mundobibliotecario","date":"05\/10\/2011","format":false,"excerpt":"05\/10\/2011\u00a0- 13h36 Um dos meus prazeres jornal\u00edsticos \u00e9 colecionar hist\u00f3rias de personagens invis\u00edveis. O que ocorreu nesta semana torna o ex-morador de Robson Mendon\u00e7a um dos meus melhores personagens. Daria um grande roteiro de filme ou um livro, cujo final seria a cena que acaba de ocorrer: ele recebendo de\u2026","rel":"","context":"Em &quot;Not\u00edcias&quot;","block_context":{"text":"Not\u00edcias","link":"https:\/\/mundobibliotecario.com.br\/index.php\/category\/noticias\/"},"img":{"alt_text":"","src":"","width":0,"height":0},"classes":[]},{"id":3994,"url":"https:\/\/mundobibliotecario.com.br\/index.php\/2015\/10\/13\/universidade-de-maryland-poe-um-ponto-final-aos-livros\/","url_meta":{"origin":1032,"position":3},"title":"Universidade de Maryland p\u00f5e um ponto final aos livros","author":"mundobibliotecario","date":"13\/10\/2015","format":false,"excerpt":"Rodney Eloy - Canal Superior\/Portugal A University of Maryland University College tornou-se a primeira institui\u00e7\u00e3o de ensino superior a eliminar os livros como material de ensino. A medida entra em vigor este ano letivo. Para al\u00e9m do valor das mensalidades, os estudantes do ensino superior t\u00eam custos muito elevados com\u2026","rel":"","context":"Em &quot;Not\u00edcias&quot;","block_context":{"text":"Not\u00edcias","link":"https:\/\/mundobibliotecario.com.br\/index.php\/category\/noticias\/"},"img":{"alt_text":"","src":"","width":0,"height":0},"classes":[]},{"id":1282,"url":"https:\/\/mundobibliotecario.com.br\/index.php\/2010\/05\/25\/sancionada-a-lei-sobre-a-universalizacao-das-bibliotecas-nas-instituicoes-de-ensino-do-pais\/","url_meta":{"origin":1032,"position":4},"title":"Sancionada a lei sobre a universaliza\u00e7\u00e3o das bibliotecas nas institui\u00e7\u00f5es de ensino do pa\u00eds","author":"mundobibliotecario","date":"25\/05\/2010","format":false,"excerpt":"LEI No- 12.244, DE 24 DE MAIO DE 2010 Disp\u00f5e sobre a universaliza\u00e7\u00e3o das bibliotecas nas institui\u00e7\u00f5es de ensino do Pa\u00eds. \u00a0O\u00a0 P R E S I D E N T E \u00a0D A \u00a0R E P \u00da B L I C A Fa\u00e7o saber que o Congresso Nacional decreta\u2026","rel":"","context":"Em &quot;Not\u00edcias&quot;","block_context":{"text":"Not\u00edcias","link":"https:\/\/mundobibliotecario.com.br\/index.php\/category\/noticias\/"},"img":{"alt_text":"","src":"","width":0,"height":0},"classes":[]},{"id":8392,"url":"https:\/\/mundobibliotecario.com.br\/index.php\/2021\/02\/12\/acelerando-a-transformacao-digital-do-ensino-superior\/","url_meta":{"origin":1032,"position":5},"title":"Acelerando a transforma\u00e7\u00e3o digital do ensino superior","author":"mundobibliotecario","date":"12\/02\/2021","format":false,"excerpt":"Manifesto das Bibliotecas Universit\u00e1rias perante o COVID-19, de 13 universidades do CSUC. Catalunha. Espanha Hoje trazemos a este espa\u00e7o o manifesto que as bibliotecas universit\u00e1rias catal\u00e3s tornaram p\u00fablico. As bibliotecas de 13 universidades membros e participantes do CSUC (UB, UAB, UPC, UPF, UdL, UdG, URV, UOC, URL, UVic-UCC, UIC, UIB\u2026","rel":"","context":"Em &quot;Not\u00edcias&quot;","block_context":{"text":"Not\u00edcias","link":"https:\/\/mundobibliotecario.com.br\/index.php\/category\/noticias\/"},"img":{"alt_text":"","src":"","width":0,"height":0},"classes":[]}],"jetpack_likes_enabled":true,"jetpack_shortlink":"https:\/\/wp.me\/pcbzwa-gE","_links":{"self":[{"href":"https:\/\/mundobibliotecario.com.br\/index.php\/wp-json\/wp\/v2\/posts\/1032","targetHints":{"allow":["GET"]}}],"collection":[{"href":"https:\/\/mundobibliotecario.com.br\/index.php\/wp-json\/wp\/v2\/posts"}],"about":[{"href":"https:\/\/mundobibliotecario.com.br\/index.php\/wp-json\/wp\/v2\/types\/post"}],"author":[{"embeddable":true,"href":"https:\/\/mundobibliotecario.com.br\/index.php\/wp-json\/wp\/v2\/users\/1"}],"replies":[{"embeddable":true,"href":"https:\/\/mundobibliotecario.com.br\/index.php\/wp-json\/wp\/v2\/comments?post=1032"}],"version-history":[{"count":2,"href":"https:\/\/mundobibliotecario.com.br\/index.php\/wp-json\/wp\/v2\/posts\/1032\/revisions"}],"predecessor-version":[{"id":7473,"href":"https:\/\/mundobibliotecario.com.br\/index.php\/wp-json\/wp\/v2\/posts\/1032\/revisions\/7473"}],"wp:attachment":[{"href":"https:\/\/mundobibliotecario.com.br\/index.php\/wp-json\/wp\/v2\/media?parent=1032"}],"wp:term":[{"taxonomy":"category","embeddable":true,"href":"https:\/\/mundobibliotecario.com.br\/index.php\/wp-json\/wp\/v2\/categories?post=1032"},{"taxonomy":"post_tag","embeddable":true,"href":"https:\/\/mundobibliotecario.com.br\/index.php\/wp-json\/wp\/v2\/tags?post=1032"}],"curies":[{"name":"wp","href":"https:\/\/api.w.org\/{rel}","templated":true}]}}