{"id":10334,"date":"2023-07-25T18:00:00","date_gmt":"2023-07-25T21:00:00","guid":{"rendered":"https:\/\/mundobibliotecario.com.br\/?p=10334"},"modified":"2023-07-25T17:41:04","modified_gmt":"2023-07-25T20:41:04","slug":"a-caixa-alta-morreu-conheca-essa-e-mais-6-outras-atualizacoes-da-norma-abnt-nbr-105202023-que-vao-te-surpreender","status":"publish","type":"post","link":"https:\/\/mundobibliotecario.com.br\/index.php\/2023\/07\/25\/a-caixa-alta-morreu-conheca-essa-e-mais-6-outras-atualizacoes-da-norma-abnt-nbr-105202023-que-vao-te-surpreender\/","title":{"rendered":"A caixa alta morreu: conhe\u00e7a essa e mais 6 outras atualiza\u00e7\u00f5es da norma ABNT NBR 10520:2023 que v\u00e3o te surpreender!"},"content":{"rendered":"\n<p>Voc\u00ea j\u00e1 est\u00e1 por dentro da atualiza\u00e7\u00e3o da ABNT NBR 10520:2023? A ABNT lan\u00e7ou uma atualiza\u00e7\u00e3o importante dessa norma trazendo mudan\u00e7as significativas para o nosso trabalho.<\/p>\n\n\n\n<p>Como profissionais engajados no compartilhamento e organiza\u00e7\u00e3o do conhecimento, sabemos o qu\u00e3o essencial \u00e9 seguir as normas para garantir a qualidade e a credibilidade dos trabalhos acad\u00eamicos.<\/p>\n\n\n\n<p>N\u00e3o se desespere! Nesse artigo, vamos apresentar as principais atualiza\u00e7\u00f5es da norma e como vamos lidar as cita\u00e7\u00f5es nos trabalhos acad\u00eamicos.<\/p>\n\n\n<div class=\"wp-block-image is-style-default\">\n<figure class=\"aligncenter size-full\"><a href=\"https:\/\/mundobibliotecario.com.br\/wp-content\/uploads\/2023\/07\/nbr-10520.jpg\"><img loading=\"lazy\" decoding=\"async\" width=\"600\" height=\"400\" src=\"https:\/\/mundobibliotecario.com.br\/wp-content\/uploads\/2023\/07\/nbr-10520.jpg\" alt=\"\" class=\"wp-image-10335\" srcset=\"https:\/\/mundobibliotecario.com.br\/wp-content\/uploads\/2023\/07\/nbr-10520.jpg 600w, https:\/\/mundobibliotecario.com.br\/wp-content\/uploads\/2023\/07\/nbr-10520-300x200.jpg 300w\" sizes=\"auto, (max-width: 600px) 100vw, 600px\" \/><\/a><\/figure><\/div>\n\n\n<h2 class=\"wp-block-heading\"><strong>Adeus, Caixa Alta!<\/strong><strong><\/strong><\/h2>\n\n\n\n<p>A partir de agora, n\u00e3o precisaremos mais nos preocupar com o uso da caixa alta nas cita\u00e7\u00f5es. Agora as fontes apresentadas dentro dos par\u00eanteses t\u00eam apenas as iniciais em mai\u00fasculo, o que tornar\u00e1 o texto mais harm\u00f4nico e visualmente agrad\u00e1vel.<\/p>\n\n\n\n<p>Conforme a regra 6.1.1.1:<\/p>\n\n\n\n<p><em>Quando for pessoa f\u00edsica, a indica\u00e7\u00e3o deve ser feita pelo sobrenome do autor, em letras mai\u00fasculas e min\u00fasculas.<\/em><\/p>\n\n\n\n<p>A ABNT tamb\u00e9m apresenta exemplos com essa novidade e trazemos um abaixo:<\/p>\n\n\n\n<p><em>\u201cApesar das apar\u00eancias, a desconstru\u00e7\u00e3o do logocentrismo n\u00e3o \u00e9 uma psican\u00e1lise da filosofia [&#8230;]\u201d (Derrida, 1967, p. 293).<\/em><\/p>\n\n\n\n<h2 class=\"wp-block-heading\"><strong>Uso liberado de siglas para institui\u00e7\u00f5es<\/strong><\/h2>\n\n\n\n<p>Outra novidade \u00e9 o uso de siglas para institui\u00e7\u00f5es. A partir desta norma, quando voc\u00ea for citar um documento de autoria de pessoa jur\u00eddica, voc\u00ea pode tanto usar o nome completo como a sigla.<\/p>\n\n\n\n<p>Isso ficou t\u00e3o flex\u00edvel que at\u00e9 as siglas podem ou n\u00e3o ser gradadas em mai\u00fasculas!<\/p>\n\n\n\n<p>Essa explica\u00e7\u00e3o est\u00e1 na regra 6.1.1.2:<\/p>\n\n\n\n<p><em>Quando for pessoa jur\u00eddica, a indica\u00e7\u00e3o deve ser feita pelo nome completo ou sigla da institui\u00e7\u00e3o, em letras mai\u00fasculas e min\u00fasculas. Recomenda-se que as siglas das institui\u00e7\u00f5es sejam grafadas em letras mai\u00fasculas.<\/em><\/p>\n\n\n\n<p>Veja um exemplo da pr\u00f3pria NBR 10520:<\/p>\n\n\n\n<p>\u201cDurante o S\u00e9culo XV, os portugueses decidiram que a melhor maneira para prosperar economicamente era acabar com o monop\u00f3lio das cidades italianas, passando a negociar diretamente com o Oriente\u201d (IBGE, 2011, p. 3).<\/p>\n\n\n\n<h2 class=\"wp-block-heading\"><strong><em>Et al.<\/em><\/strong><strong> opcional<\/strong><\/h2>\n\n\n\n<p>No universo das normas de refer\u00eancias, a j\u00e1 conhecida NBR 6023 deu um passo \u00e0 frente em sua \u00faltima atualiza\u00e7\u00e3o ao nos brindar com a op\u00e7\u00e3o de citar todos os autores ou adotar o tradicional <em>et al.<\/em> em nossas refer\u00eancias bibliogr\u00e1ficas.<\/p>\n\n\n\n<p>Agora, a NBR 10520 segue a mesma diretriz, proporcionando aos pesquisadores e acad\u00eamicos a liberdade de escolha nesse aspecto. Quando nos deparamos com trabalhos com quatro ou mais autores, podemos optar por listar todos eles ou, caso prefiramos, mencionar apenas o primeiro autor seguido do sempre pr\u00e1tico <em>et al<\/em>.<\/p>\n\n\n\n<p>Veja o que diz a regra 6.1.2:<\/p>\n\n\n\n<p><em>Para cita\u00e7\u00f5es de fontes com quatro ou mais autores, pode ser citado o primeiro autor seguido da express\u00e3o et al., embora na refer\u00eancia constem todos os autores. Qualquer que seja o recurso utilizado, este deve ser uniforme em todas as cita\u00e7\u00f5es.<\/em><\/p>\n\n\n\n<p>A NBR 10520 nos traz o seguinte exemplo dessa situa\u00e7\u00e3o:<\/p>\n\n\n\n<p>De acordo com Maciel <em>et al.<\/em> (2019, p. 163), \u201cos resultados dos testes mostraram uma maior preval\u00eancia (66,2%) de insatisfa\u00e7\u00e3o com imagem corporal (Resultados do BSQ) e uma propor\u00e7\u00e3o menor propor\u00e7\u00e3o (sic) (27,78%) de risco para desenvolvimento de transtornos alimentares (Resultados do EAT-26) [&#8230;]\u201d.<\/p>\n\n\n\n<h2 class=\"wp-block-heading\"><strong>Pagina\u00e7\u00e3o Flex\u00edvel<\/strong><\/h2>\n\n\n\n<p>Conforme a recente atualiza\u00e7\u00e3o da NBR 10520, ao realizarmos cita\u00e7\u00f5es diretas, agora acrescentamos o n\u00famero da p\u00e1gina de onde retiramos a informa\u00e7\u00e3o, caso dispon\u00edvel, logo ap\u00f3s a data da obra.<\/p>\n\n\n\n<p>Uma mudan\u00e7a e tanto! Antes, \u00e9ramos obrigados a incluir a pagina\u00e7\u00e3o em todas as cita\u00e7\u00f5es diretas, o que podia ser um tanto trabalhoso. Mas com essa nova diretriz, a vida de quem lida com livros digitais e outras m\u00eddias torna-se significativamente mais f\u00e1cil.<\/p>\n\n\n\n<p>A flexibilidade para citar obras em diferentes formatos nos permite adaptar nossas refer\u00eancias de maneira mais pr\u00e1tica e eficiente.<\/p>\n\n\n\n<p>Sobre isso, a NBR 10520 diz o seguinte na regra 6.1.3:<\/p>\n\n\n\n<p><em>A indica\u00e7\u00e3o de responsabilidade, quando estiver entre par\u00eanteses, deve ser acompanhada da data. Em cita\u00e7\u00f5es diretas, acrescenta-se o n\u00famero de p\u00e1gina ou localiza\u00e7\u00e3o, se houver, ap\u00f3s a data.<\/em><\/p>\n\n\n\n<p>Apresentamos abaixo um exemplo dessa nova situa\u00e7\u00e3o extra\u00eddo da NBR 10520:<\/p>\n\n\n\n<p>De fato, semelhante equacionamento do problema conteria o risco de se considerar a literatura meramente como uma fonte a mais de conte\u00fados j\u00e1 previamente dispon\u00edveis, em outros lugares, para a teologia (Jossua; Metz, 1976).<\/p>\n\n\n\n<h2 class=\"wp-block-heading\"><strong>Destaque ao Sistema Num\u00e9rico<\/strong><\/h2>\n\n\n\n<p>A nova vers\u00e3o da norma traz um destaque especial para o sistema num\u00e9rico de cita\u00e7\u00e3o, j\u00e1 que traz mais exemplos desse sistema.<\/p>\n\n\n\n<p>\u00c9 importante ressaltar que o sistema num\u00e9rico n\u00e3o \u00e9 permitido em trabalhos que contenham notas! \u00c9 crucial seguir essa diretriz para garantir a adequa\u00e7\u00e3o das nossas refer\u00eancias e evitar qualquer confus\u00e3o.<\/p>\n\n\n\n<p>Veja as novidades nas novas regras:<\/p>\n\n\n\n<p><em>6.2.1 No sistema num\u00e9rico, a numera\u00e7\u00e3o da fonte consultada deve ser consecutiva, em algarismo ar\u00e1bico, remetendo \u00e0 lista de refer\u00eancias ao final do documento, do cap\u00edtulo ou da parte, na mesma ordem em que aparece no texto. A numera\u00e7\u00e3o n\u00e3o pode ser reiniciada a cada p\u00e1gina.<\/em><\/p>\n\n\n\n<p><em>A fonte consultada, quando repetida, deve ser apresentada pela mesma numera\u00e7\u00e3o.<\/em><\/p>\n\n\n\n<p><em>6.2.2 O sistema num\u00e9rico n\u00e3o pode ser utilizado quando houver notas.<\/em><\/p>\n\n\n\n<p><em>6.2.3 A indica\u00e7\u00e3o da numera\u00e7\u00e3o pode ser feita entre par\u00eanteses, alinhada ao texto, ou em expoente.<\/em><\/p>\n\n\n\n<p><em>6.2.4 Em cita\u00e7\u00e3o direta, o n\u00famero da p\u00e1gina ou localizador, se houver, deve ser indicado ap\u00f3s o n\u00famero da fonte no texto, separado por v\u00edrgula e um espa\u00e7o. O n\u00famero da p\u00e1gina deve ser precedido pela letra p em min\u00fascula, acompanhada de ponto (p.). O n\u00famero do localizador, em publica\u00e7\u00f5es eletr\u00f4nicas, deve ser precedido pela respectiva abreviatura (local.).<\/em><\/p>\n\n\n\n<p>Veja agora um exemplo da norma com o uso do localizador, uma novidade introduzida pela NBR 10520:<\/p>\n\n\n\n<p>\u201cO ensino h\u00edbrido, ou <em>blended learning<\/em>, pede que o professor reveja a organiza\u00e7\u00e3o da sala de aula, a elabora\u00e7\u00e3o do seu plano pedag\u00f3gico e a gest\u00e3o do tempo das suas aulas\u201d (7, local. 72).<\/p>\n\n\n\n<h2 class=\"wp-block-heading\"><strong>It\u00e1lico Assumido<\/strong><\/h2>\n\n\n\n<p>Uma altera\u00e7\u00e3o que vai eliminar muitas d\u00favidas \u00e9 a seguinte: o uso do it\u00e1lico nas express\u00f5es latinas passa a ser obrigat\u00f3rio. Na edi\u00e7\u00e3o anterior na NBR 10520, n\u00e3o havia clareza sobre o destaque para essas express\u00f5es.<\/p>\n\n\n\n<p>Essa regra vale, inclusive, para a express\u00e3o <em>et al<\/em>. Com tudo em it\u00e1lico, as cita\u00e7\u00f5es passam a seguir o padr\u00e3o j\u00e1 utilizado na norma de refer\u00eancias, ou seja, a NBR 6023.<\/p>\n\n\n\n<p>Agora essa atualiza\u00e7\u00e3o garante uniformidade e clareza nas cita\u00e7\u00f5es, destacando corretamente termos que devem estar em it\u00e1lico nos trabalhos acad\u00eamicos.<\/p>\n\n\n\n<p>Veja o que diz a regra 8.1.1.2 sobre esse assunto:<\/p>\n\n\n\n<p><em>A nota que se refere a uma fonte de informa\u00e7\u00e3o citada e referenciada anteriormente pode ser indicada de forma abreviada, utilizando-se a chamada da refer\u00eancia anterior seguida do ano e, se houver, do n\u00famero de p\u00e1gina ou localiza\u00e7\u00e3o, se for cita\u00e7\u00e3o direta. As notas subsequentes podem ser indicadas utilizando-se as seguintes express\u00f5es latinas:<\/em><\/p>\n\n\n\n<ul class=\"wp-block-list\">\n<li><em>Idem<\/em><\/li>\n\n\n\n<li><em>Ibidem<\/em><\/li>\n\n\n\n<li><em>Opus citatum, opere citato<\/em><\/li>\n\n\n\n<li><em>Passim<\/em><\/li>\n\n\n\n<li><em>Loco citato<\/em><\/li>\n\n\n\n<li><em>Conferre<\/em><\/li>\n\n\n\n<li><em>Sequentia<\/em><\/li>\n\n\n\n<li><em>Apud<\/em><\/li>\n<\/ul>\n\n\n\n<h2 class=\"wp-block-heading\"><strong>Recuo das Cita\u00e7\u00f5es Diretas Longas<\/strong><strong><\/strong><\/h2>\n\n\n\n<p>A preocupa\u00e7\u00e3o com o recuo em cita\u00e7\u00f5es diretas longas agora \u00e9 coisa do passado! A nova norma esclarece que o recuo de 4 cm para cita\u00e7\u00f5es diretas com mais de 3 linhas \u00e9 uma recomenda\u00e7\u00e3o, e n\u00e3o \u00e9 mais uma obrigatoriedade.<\/p>\n\n\n\n<p>Mantendo-se o espa\u00e7o simples e a letra em tamanho reduzido, a nova norma continua a preservar a formata\u00e7\u00e3o sem o uso de aspas para as cita\u00e7\u00f5es diretas mais extensas.<\/p>\n\n\n\n<p>Assim, o uso desse tipo de cita\u00e7\u00e3o passa a ter maior flexibilidade, permitindo que o autor adote a forma que preferir e, com isso, tornar o processo de cita\u00e7\u00e3o mais eficiente.<\/p>\n\n\n\n<h2 class=\"wp-block-heading\"><strong>O que voc\u00ea achou das atualiza\u00e7\u00f5es da NBR 10520?<\/strong><\/h2>\n\n\n\n<p>Essas s\u00e3o algumas das principais mudan\u00e7as trazidas pela atualiza\u00e7\u00e3o da Norma ABNT NBR 10520:2023.<\/p>\n\n\n\n<p>Algumas mudan\u00e7as podem ter agradado e outras nem tanto, mas uma coisa \u00e9 certa: as institui\u00e7\u00f5es que adotam a ABNT nos seus trabalhos acad\u00eamicos precisar\u00e3o atualizar suas diretrizes em breve.<\/p>\n\n\n\n<p>Fique atento \u00e0s mudan\u00e7as e aproveite ao m\u00e1ximo as novas possibilidades oferecidas pela norma atualizada!<\/p>\n","protected":false},"excerpt":{"rendered":"<p>Voc\u00ea j\u00e1 est\u00e1 por dentro da atualiza\u00e7\u00e3o da ABNT NBR 10520:2023? A ABNT lan\u00e7ou uma atualiza\u00e7\u00e3o importante dessa norma trazendo mudan\u00e7as significativas para o nosso trabalho. Como profissionais engajados no compartilhamento e organiza\u00e7\u00e3o do conhecimento, sabemos o qu\u00e3o essencial \u00e9 seguir as normas para garantir a qualidade e a credibilidade dos trabalhos acad\u00eamicos. N\u00e3o se &#8230; <a title=\"A caixa alta morreu: conhe\u00e7a essa e mais 6 outras atualiza\u00e7\u00f5es da norma ABNT NBR 10520:2023 que v\u00e3o te surpreender!\" class=\"read-more\" href=\"https:\/\/mundobibliotecario.com.br\/index.php\/2023\/07\/25\/a-caixa-alta-morreu-conheca-essa-e-mais-6-outras-atualizacoes-da-norma-abnt-nbr-105202023-que-vao-te-surpreender\/\" aria-label=\"Read more about A caixa alta morreu: conhe\u00e7a essa e mais 6 outras atualiza\u00e7\u00f5es da norma ABNT NBR 10520:2023 que v\u00e3o te surpreender!\">Ler mais<\/a><\/p>\n","protected":false},"author":1,"featured_media":0,"comment_status":"closed","ping_status":"open","sticky":false,"template":"","format":"standard","meta":{"_mi_skip_tracking":false,"_exactmetrics_sitenote_active":false,"_exactmetrics_sitenote_note":"","_exactmetrics_sitenote_category":0,"_jetpack_newsletter_access":"","footnotes":""},"categories":[60],"tags":[2107,2106,2108],"class_list":["post-10334","post","type-post","status-publish","format-standard","hentry","category-noticias","tag-abnt-nbr-10520","tag-abnt-nbr-105202023","tag-citacoes"],"jetpack_featured_media_url":"","jetpack_sharing_enabled":true,"jetpack-related-posts":[{"id":1987,"url":"https:\/\/mundobibliotecario.com.br\/index.php\/2011\/04\/29\/entra-em-vigor-a-nova-nbr-sobre-elaboracao-de-trabalhos-academicos\/","url_meta":{"origin":10334,"position":0},"title":"Entra em vigor a nova NBR sobre elabora\u00e7\u00e3o de Trabalhos Acad\u00eamicos","author":"mundobibliotecario","date":"29\/04\/2011","format":false,"excerpt":"Do site http:\/\/www.praticadapesquisa.com.br\/... \u00a0 A partir de hoje (17.04.2011) entra em vigor a terceira edi\u00e7\u00e3o da NBR 14724 que disciplina a elabora\u00e7\u00e3o de Trabalhos Acad\u00eamicos. Publicada pela ABNT em 17.03.2011, esta norma foi elaborada pelo Comit\u00ea Brasileiro de Documenta\u00e7\u00e3o e Informa\u00e7\u00e3o e pela Comiss\u00e3o de Estudos de Documenta\u00e7\u00e3o. O\u00a0projeto foi\u2026","rel":"","context":"Em &quot;Not\u00edcias&quot;","block_context":{"text":"Not\u00edcias","link":"https:\/\/mundobibliotecario.com.br\/index.php\/category\/noticias\/"},"img":{"alt_text":"","src":"","width":0,"height":0},"classes":[]},{"id":2326,"url":"https:\/\/mundobibliotecario.com.br\/index.php\/2011\/11\/20\/curso-na-abnt-padronizacao-de-livros-e-periodicos\/","url_meta":{"origin":10334,"position":1},"title":"Curso na ABNT &#8211; Padroniza\u00e7\u00e3o de livros e peri\u00f3dicos","author":"mundobibliotecario","date":"20\/11\/2011","format":false,"excerpt":"Padroniza\u00e7\u00e3o de livros e peri\u00f3dicos P\u00fablico-alvo: Profissionais de empresas e\/ou institui\u00e7\u00f5es da \u00e1rea de informa\u00e7\u00e3o e documenta\u00e7\u00e3o que necessitem aprimorar seu conhecimento na utiliza\u00e7\u00e3o de normas t\u00e9cnicas. Objetivo: Atualizar os profissionais da \u00e1rea de informa\u00e7\u00e3o e documenta\u00e7\u00e3o na utiliza\u00e7\u00e3o das normas espec\u00edficas para apresenta\u00e7\u00e3o de livros e publica\u00e7\u00f5es peri\u00f3dicas cient\u00edficas\u2026","rel":"","context":"Em &quot;Curso&quot;","block_context":{"text":"Curso","link":"https:\/\/mundobibliotecario.com.br\/index.php\/category\/curso\/"},"img":{"alt_text":"","src":"","width":0,"height":0},"classes":[]},{"id":9119,"url":"https:\/\/mundobibliotecario.com.br\/index.php\/2021\/07\/13\/como-participar-da-revisao-das-normas-da-abnt\/","url_meta":{"origin":10334,"position":2},"title":"Como participar da revis\u00e3o das normas da ABNT","author":"mundobibliotecario","date":"13\/07\/2021","format":false,"excerpt":"Quatro normas de documenta\u00e7\u00e3o da ABNT est\u00e3o em revis\u00e3o e voc\u00ea pode participar desse processo. S\u00e3o elas: ABNT NBR 6025 - Revis\u00e3o de provas e originais ABNT NBR 6029 - Livros e folhetos - Apresenta\u00e7\u00e3o ABNT NBR 10520 - Cita\u00e7\u00f5es em documentos - Apresenta\u00e7\u00e3o ABNT NBR 12225 - Lombada -\u2026","rel":"","context":"Em &quot;Not\u00edcias&quot;","block_context":{"text":"Not\u00edcias","link":"https:\/\/mundobibliotecario.com.br\/index.php\/category\/noticias\/"},"img":{"alt_text":"","src":"https:\/\/i0.wp.com\/mundobibliotecario.com.br\/wp-content\/uploads\/2021\/07\/abnt-catalogo-3.jpg?resize=350%2C200&ssl=1","width":350,"height":200},"classes":[]},{"id":1407,"url":"https:\/\/mundobibliotecario.com.br\/index.php\/2010\/08\/07\/curso-abnt\/","url_meta":{"origin":10334,"position":3},"title":"Curso ABNT","author":"mundobibliotecario","date":"07\/08\/2010","format":false,"excerpt":"TRABALHOS ACAD\u00caMICOS P\u00fablico-alvo Estudantes e profissionais interessados em Normaliza\u00e7\u00e3o de Trabalhos Acad\u00eamicos Objetivo Auxiliar alunos e professores de gradua\u00e7\u00e3o, p\u00f3s-gradua\u00e7\u00e3o e pesquisadores em geral na elabora\u00e7\u00e3o e apresenta\u00e7\u00e3o trabalhos acad\u00eamicos Conte\u00fado program\u00e1tico - O curso ter\u00e1 como base as normas t\u00e9cnicas: ABNT NBR 6023:2002 \u2013 Refer\u00eancias \u2013 Elabora\u00e7\u00e3o ABNT NBR\u2026","rel":"","context":"Em &quot;Curso&quot;","block_context":{"text":"Curso","link":"https:\/\/mundobibliotecario.com.br\/index.php\/category\/curso\/"},"img":{"alt_text":"","src":"","width":0,"height":0},"classes":[]},{"id":5112,"url":"https:\/\/mundobibliotecario.com.br\/index.php\/2019\/02\/25\/abnt-nbr-60232018-e-necessario-referenciar-a-epigrafe\/","url_meta":{"origin":10334,"position":4},"title":"ABNT NBR 6023:2018: \u00e9 necess\u00e1rio referenciar a ep\u00edgrafe?","author":"mundobibliotecario","date":"25\/02\/2019","format":false,"excerpt":"Ep\u00edgrafe: voc\u00ea sabe o que \u00e9? Segundo o dicion\u00e1rio Michaelis, ep\u00edgrafe \u00e9: \"2 Senten\u00e7a ou divisa posta no come\u00e7o de um livro ou cap\u00edtulo, no come\u00e7o de um discurso ou de uma composi\u00e7\u00e3o po\u00e9tica, que serve de tema para a obra; mote. 3 Curto enunciado ou fragmento de texto inserido\u2026","rel":"","context":"Em &quot;Not\u00edcias&quot;","block_context":{"text":"Not\u00edcias","link":"https:\/\/mundobibliotecario.com.br\/index.php\/category\/noticias\/"},"img":{"alt_text":"","src":"","width":0,"height":0},"classes":[]},{"id":5058,"url":"https:\/\/mundobibliotecario.com.br\/index.php\/2019\/01\/09\/abnt-nbr-60232018-dispoe-sobre-quais-formas-de-organizacao-das-referencias\/","url_meta":{"origin":10334,"position":5},"title":"A ABNT NBR 6023:2018 disp\u00f5e sobre quais formas de organiza\u00e7\u00e3o das refer\u00eancias?","author":"mundobibliotecario","date":"09\/01\/2019","format":false,"excerpt":"A se\u00e7\u00e3o 9, Ordena\u00e7\u00e3o das refer\u00eancias, da\u00a0ABNT NBR 6023:2018, esclarece que Os sistemas\u00a0mais utilizados s\u00e3o: alfab\u00e9tico e num\u00e9rico (ordem de cita\u00e7\u00e3o no texto). As refer\u00eancias dos documentos citados em um trabalho devem ser orientadas de acordo com o sistema para cita\u00e7\u00e3o no texto, conforme a ABNT NBR 10520. \u00a0 \u00a0\u2026","rel":"","context":"Em &quot;Not\u00edcias&quot;","block_context":{"text":"Not\u00edcias","link":"https:\/\/mundobibliotecario.com.br\/index.php\/category\/noticias\/"},"img":{"alt_text":"","src":"https:\/\/i0.wp.com\/mundobibliotecario.com.br\/wp-content\/uploads\/2019\/01\/helloquence-51716-unsplash.jpg?resize=350%2C200","width":350,"height":200},"classes":[]}],"jetpack_likes_enabled":true,"jetpack_shortlink":"https:\/\/wp.me\/pcbzwa-2GG","_links":{"self":[{"href":"https:\/\/mundobibliotecario.com.br\/index.php\/wp-json\/wp\/v2\/posts\/10334","targetHints":{"allow":["GET"]}}],"collection":[{"href":"https:\/\/mundobibliotecario.com.br\/index.php\/wp-json\/wp\/v2\/posts"}],"about":[{"href":"https:\/\/mundobibliotecario.com.br\/index.php\/wp-json\/wp\/v2\/types\/post"}],"author":[{"embeddable":true,"href":"https:\/\/mundobibliotecario.com.br\/index.php\/wp-json\/wp\/v2\/users\/1"}],"replies":[{"embeddable":true,"href":"https:\/\/mundobibliotecario.com.br\/index.php\/wp-json\/wp\/v2\/comments?post=10334"}],"version-history":[{"count":3,"href":"https:\/\/mundobibliotecario.com.br\/index.php\/wp-json\/wp\/v2\/posts\/10334\/revisions"}],"predecessor-version":[{"id":10338,"href":"https:\/\/mundobibliotecario.com.br\/index.php\/wp-json\/wp\/v2\/posts\/10334\/revisions\/10338"}],"wp:attachment":[{"href":"https:\/\/mundobibliotecario.com.br\/index.php\/wp-json\/wp\/v2\/media?parent=10334"}],"wp:term":[{"taxonomy":"category","embeddable":true,"href":"https:\/\/mundobibliotecario.com.br\/index.php\/wp-json\/wp\/v2\/categories?post=10334"},{"taxonomy":"post_tag","embeddable":true,"href":"https:\/\/mundobibliotecario.com.br\/index.php\/wp-json\/wp\/v2\/tags?post=10334"}],"curies":[{"name":"wp","href":"https:\/\/api.w.org\/{rel}","templated":true}]}}