{"id":10350,"date":"2025-03-03T11:39:20","date_gmt":"2025-03-03T14:39:20","guid":{"rendered":"https:\/\/mundobibliotecario.com.br\/?p=10350"},"modified":"2025-03-03T11:39:30","modified_gmt":"2025-03-03T14:39:30","slug":"escreva-sua-historia-de-sucesso-transforme-sua-carreira-com-a-especializacao-em-gestao-de-bibliotecas-universitarias","status":"publish","type":"post","link":"https:\/\/mundobibliotecario.com.br\/index.php\/2025\/03\/03\/escreva-sua-historia-de-sucesso-transforme-sua-carreira-com-a-especializacao-em-gestao-de-bibliotecas-universitarias\/","title":{"rendered":"Escreva Sua Hist\u00f3ria de Sucesso: Transforme Sua Carreira com a Especializa\u00e7\u00e3o em Gest\u00e3o de Bibliotecas Universit\u00e1rias"},"content":{"rendered":"\n<figure class=\"wp-block-image size-large\"><a href=\"https:\/\/www.ucs.br\/site\/especializacao\/detalhes\/gestao-de-bibliotecas-universitarias\/\"><img loading=\"lazy\" decoding=\"async\" width=\"1024\" height=\"186\" src=\"https:\/\/mundobibliotecario.com.br\/wp-content\/uploads\/2025\/03\/pos-ucs-1024x186.jpg\" alt=\"\" class=\"wp-image-10352\" srcset=\"https:\/\/mundobibliotecario.com.br\/wp-content\/uploads\/2025\/03\/pos-ucs-1024x186.jpg 1024w, https:\/\/mundobibliotecario.com.br\/wp-content\/uploads\/2025\/03\/pos-ucs-300x55.jpg 300w, https:\/\/mundobibliotecario.com.br\/wp-content\/uploads\/2025\/03\/pos-ucs-768x140.jpg 768w, https:\/\/mundobibliotecario.com.br\/wp-content\/uploads\/2025\/03\/pos-ucs-150x27.jpg 150w, https:\/\/mundobibliotecario.com.br\/wp-content\/uploads\/2025\/03\/pos-ucs.jpg 1304w\" sizes=\"auto, (max-width: 1024px) 100vw, 1024px\" \/><\/a><\/figure>\n\n\n\n<p>Voc\u00ea j\u00e1 imaginou como seria transformar sua carreira em gest\u00e3o de bibliotecas universit\u00e1rias, tornando-se um l\u00edder inovador e eficaz nesse campo? A gest\u00e3o de bibliotecas \u00e9 uma \u00e1rea em constante evolu\u00e7\u00e3o, exigindo profissionais que n\u00e3o apenas dominem as ferramentas tradicionais, mas tamb\u00e9m estejam preparados para enfrentar os desafios do futuro.<\/p>\n\n\n\n<p>Imagine-se como o protagonista de uma hist\u00f3ria de sucesso, onde cada desafio enfrentado revela mais sobre sua personalidade e habilidades. Assim como em uma sitcom, onde os personagens se desenvolvem ao lidar com diferentes situa\u00e7\u00f5es, voc\u00ea pode se destacar na gest\u00e3o de bibliotecas ao aprender a navegar pelas complexidades desse ambiente.<\/p>\n\n\n\n<p>A&nbsp;<strong><a href=\"https:\/\/www.ucs.br\/site\/especializacao\/detalhes\/gestao-de-bibliotecas-universitarias\/\">Especializa\u00e7\u00e3o em Gest\u00e3o de Bibliotecas Universit\u00e1rias<\/a><\/strong>&nbsp;da Universidade de Caxias do Sul (UCS) \u00e9 mais do que um curso; \u00e9 uma jornada de autoconhecimento e crescimento profissional. Ao se matricular, voc\u00ea ter\u00e1 acesso a uma forma\u00e7\u00e3o completa que aborda desde a gest\u00e3o de recursos at\u00e9 a inova\u00e7\u00e3o tecnol\u00f3gica, preparando-o para liderar equipes e projetos com confian\u00e7a.<\/p>\n\n\n\n<p>Essa especializa\u00e7\u00e3o n\u00e3o apenas ensina t\u00e9cnicas e ferramentas, mas tamb\u00e9m ajuda a moldar sua personalidade profissional, mostrando como voc\u00ea responde aos desafios e se desenvolve como um l\u00edder. \u00c9 uma oportunidade de se destacar no mercado e fazer a diferen\u00e7a na comunidade acad\u00eamica.<\/p>\n\n\n\n<p>Confira o que os profissionais dizem sobre o curso:<\/p>\n\n\n\n<blockquote class=\"wp-block-quote is-layout-flow wp-block-quote-is-layout-flow\">\n<p><\/p>\n<cite>O curso tem ampliado minhas percep\u00e7\u00f5es acerca da multiplicidade de gest\u00e3o de bibliotecas universit\u00e1rias e o escolhi pela organiza\u00e7\u00e3o e acessibilidade de ser EAD. (Rosimar Baena &#8211; Par\u00e1)<\/cite><\/blockquote>\n\n\n\n<blockquote class=\"wp-block-quote is-layout-flow wp-block-quote-is-layout-flow\">\n<p><\/p>\n<cite>Pontos positivos do curso: a metodologia das disciplinas, os materiais utilizados, as leituras e trabalhos de escrita como avalia\u00e7\u00e3o, os v\u00eddeos das aulas, o calend\u00e1rio acad\u00eamico e os professores escolhidos. (Maria Trevisan &#8211; S\u00e3o Paulo)<\/cite><\/blockquote>\n\n\n\n<blockquote class=\"wp-block-quote is-layout-flow wp-block-quote-is-layout-flow\">\n<p><\/p>\n<cite>Em todas as atividades desenvolvidas em minha profiss\u00e3o, posso identificar elementos abordados ao longo das aulas. Sem d\u00favida, o curso tem representado significativo aporte para minha atua\u00e7\u00e3o como bibliotec\u00e1rio. (Marcelo Goulart &#8211; Rio Grande do Sul)<\/cite><\/blockquote>\n\n\n\n<p>Imagine-se como um especialista respeitado, capaz de transformar bibliotecas em espa\u00e7os vibrantes de aprendizado e inova\u00e7\u00e3o. Com a especializa\u00e7\u00e3o da UCS, voc\u00ea ganhar\u00e1 a confian\u00e7a para implementar mudan\u00e7as significativas e criar ambientes que inspiram a curiosidade e o conhecimento.<\/p>\n\n\n\n<p>Ao se formar, voc\u00ea estar\u00e1 preparado para enfrentar os desafios do futuro com criatividade e determina\u00e7\u00e3o, tornando-se um modelo a ser seguido por outros profissionais. A especializa\u00e7\u00e3o n\u00e3o \u00e9 apenas um diploma; \u00e9 um passaporte para uma carreira repleta de realiza\u00e7\u00f5es e satisfa\u00e7\u00e3o.<\/p>\n\n\n\n<p>N\u00e3o perca mais tempo! Inscreva-se agora na&nbsp;<strong>Especializa\u00e7\u00e3o em Gest\u00e3o de Bibliotecas Universit\u00e1rias<\/strong>&nbsp;da UCS e comece a escrever sua pr\u00f3pria hist\u00f3ria de sucesso. Com essa forma\u00e7\u00e3o, voc\u00ea estar\u00e1 pronto para liderar e inovar, transformando bibliotecas em verdadeiros centros de conhecimento e inspira\u00e7\u00e3o.<\/p>\n\n\n\n<p><a target=\"_blank\" rel=\"noreferrer noopener\" href=\"https:\/\/www.ucs.br\/site\/especializacao\/detalhes\/gestao-de-bibliotecas-universitarias\/\"><strong>Clique aqui para se inscrever<\/strong><\/a>&nbsp;e d\u00ea o primeiro passo em dire\u00e7\u00e3o a uma carreira brilhante na gest\u00e3o de bibliotecas universit\u00e1rias.<\/p>\n","protected":false},"excerpt":{"rendered":"<p>Voc\u00ea j\u00e1 imaginou como seria transformar sua carreira em gest\u00e3o de bibliotecas universit\u00e1rias, tornando-se um l\u00edder inovador e eficaz nesse campo? A gest\u00e3o de bibliotecas \u00e9 uma \u00e1rea em constante evolu\u00e7\u00e3o, exigindo profissionais que n\u00e3o apenas dominem as ferramentas tradicionais, mas tamb\u00e9m estejam preparados para enfrentar os desafios do futuro. Imagine-se como o protagonista de &#8230; <a title=\"Escreva Sua Hist\u00f3ria de Sucesso: Transforme Sua Carreira com a Especializa\u00e7\u00e3o em Gest\u00e3o de Bibliotecas Universit\u00e1rias\" class=\"read-more\" href=\"https:\/\/mundobibliotecario.com.br\/index.php\/2025\/03\/03\/escreva-sua-historia-de-sucesso-transforme-sua-carreira-com-a-especializacao-em-gestao-de-bibliotecas-universitarias\/\" aria-label=\"Read more about Escreva Sua Hist\u00f3ria de Sucesso: Transforme Sua Carreira com a Especializa\u00e7\u00e3o em Gest\u00e3o de Bibliotecas Universit\u00e1rias\">Ler mais<\/a><\/p>\n","protected":false},"author":1,"featured_media":0,"comment_status":"closed","ping_status":"open","sticky":false,"template":"","format":"standard","meta":{"_mi_skip_tracking":false,"_exactmetrics_sitenote_active":false,"_exactmetrics_sitenote_note":"","_exactmetrics_sitenote_category":0,"_jetpack_newsletter_access":"","footnotes":""},"categories":[252],"tags":[373,503,181,1012,1013],"class_list":["post-10350","post","type-post","status-publish","format-standard","hentry","category-curso","tag-biblioteca-universitaria","tag-especializacao","tag-gestao","tag-ucs","tag-universidade-de-caxias-do-sul"],"jetpack_featured_media_url":"","jetpack_sharing_enabled":true,"jetpack-related-posts":[{"id":10358,"url":"https:\/\/mundobibliotecario.com.br\/index.php\/2025\/03\/11\/como-nao-ser-chamado-de-senhor-no-dia-do-bibliotecario-em-2026\/","url_meta":{"origin":10350,"position":0},"title":"Como n\u00e3o ser chamado de senhor no Dia do Bibliotec\u00e1rio em 2026","author":"mundobibliotecario","date":"11\/03\/2025","format":false,"excerpt":"Outro dia, um aluno me chamou de \"senhor\" na biblioteca. De novo. Se fosse um caso isolado, tudo bem. Mas agora \u00e9 frequente. Os alunos me olham como se eu tivesse nascido junto com os primeiros manuscritos da Biblioteca de Alexandria. E, claro, os colegas n\u00e3o perdem a chance de\u2026","rel":"","context":"Em &quot;Curso&quot;","block_context":{"text":"Curso","link":"https:\/\/mundobibliotecario.com.br\/index.php\/category\/curso\/"},"img":{"alt_text":"","src":"https:\/\/i0.wp.com\/mundobibliotecario.com.br\/wp-content\/uploads\/2025\/03\/pos-ucs.jpg?resize=350%2C200&ssl=1","width":350,"height":200},"classes":[]},{"id":1257,"url":"https:\/\/mundobibliotecario.com.br\/index.php\/2010\/05\/04\/curso-de-especializacao-em-gestao-de-bibliotecas-universitarias\/","url_meta":{"origin":10350,"position":1},"title":"Curso de especializa\u00e7\u00e3o em Gest\u00e3o de Bibliotecas Universit\u00e1rias","author":"mundobibliotecario","date":"04\/05\/2010","format":false,"excerpt":"Inscri\u00e7\u00f5es: de 26\/04 a 26\/05\/2010.\u00a0 P\u00fablico Alvo: graduados em Biblioteconomia, Gest\u00e3o da Informa\u00e7\u00e3o e Ci\u00eancia da Informa\u00e7\u00e3o. Objetivos: O curso tem como objetivos capacitar os alunos a gerenciar bibliotecas universit\u00e1rias, utilizando as tecnologias de Informa\u00e7\u00e3o; gerenciar as avalia\u00e7\u00f5es institucionais externas; conhecer e aplicar metodologias do planejamento estrat\u00e9gico em Bibliotecas universit\u00e1rias;\u2026","rel":"","context":"Em &quot;Curso&quot;","block_context":{"text":"Curso","link":"https:\/\/mundobibliotecario.com.br\/index.php\/category\/curso\/"},"img":{"alt_text":"","src":"","width":0,"height":0},"classes":[]},{"id":8417,"url":"https:\/\/mundobibliotecario.com.br\/index.php\/2021\/03\/09\/live-novos-servicos-de-apoio-a-pesquisa-em-bibliotecas-universitarias\/","url_meta":{"origin":10350,"position":2},"title":"Live &#8220;Novos servi\u00e7os de apoio \u00e0 pesquisa em bibliotecas universit\u00e1rias&#8221;","author":"mundobibliotecario","date":"09\/03\/2021","format":false,"excerpt":"Comemora\u00e7\u00e3o do Dia do Bibliotec\u00e1rio na UFSCar! A atua\u00e7\u00e3o tradicional dos bibliotec\u00e1rios foi se transformando, novos desafios surgiram, novas habilidades s\u00e3o exigidas e um novo perfil do profissional desponta. Para comemorar o Dia do Bibliotec\u00e1rio na UFSCar, o Sistema Integrado de Bibliotecas (SIBi) e o Departamento de Ci\u00eancia da Informa\u00e7\u00e3o(DCI)\u2026","rel":"","context":"Em &quot;Eventos&quot;","block_context":{"text":"Eventos","link":"https:\/\/mundobibliotecario.com.br\/index.php\/category\/eventos\/"},"img":{"alt_text":"","src":"","width":0,"height":0},"classes":[]},{"id":5013,"url":"https:\/\/mundobibliotecario.com.br\/index.php\/2018\/10\/23\/anais-do-xx-seminario-nacional-de-bibliotecas-universitarias-snbu-2018\/","url_meta":{"origin":10350,"position":3},"title":"Anais do XX Semin\u00e1rio Nacional de Bibliotecas Universit\u00e1rias (SNBU 2018)","author":"mundobibliotecario","date":"23\/10\/2018","format":false,"excerpt":"Os anais do\u00a0Anais do XX Semin\u00e1rio Nacional de Bibliotecas Universit\u00e1rias (SNBU 2018) foram publicados e est\u00e3o dispon\u00edveis para download no Reposit\u00f3rio da UFBA:\u00a0https:\/\/repositorio.ufba.br\/ri\/handle\/ri\/27708. Veja abaixo o resumo da publica\u00e7\u00e3o: Em 2018, Salvador sediou o Semin\u00e1rio Nacional de Bibliotecas Universit\u00e1rias, o XX SNBU, organizado pelo Sistema Universit\u00e1rio de Bibliotecas da Universidade\u2026","rel":"","context":"Em &quot;Not\u00edcias&quot;","block_context":{"text":"Not\u00edcias","link":"https:\/\/mundobibliotecario.com.br\/index.php\/category\/noticias\/"},"img":{"alt_text":"","src":"","width":0,"height":0},"classes":[]},{"id":4381,"url":"https:\/\/mundobibliotecario.com.br\/index.php\/2016\/10\/26\/snbu-2016-dia-171016\/","url_meta":{"origin":10350,"position":4},"title":"SNBU 2016 &#8211; Dia 17\/10\/16","author":"mundobibliotecario","date":"26\/10\/2016","format":false,"excerpt":"No segundo dia do SNBU 2016, cujo eixo tem\u00e1tico foi \"Gest\u00e3o sustent\u00e1vel\", acompanhei a confer\u00eancia \"Gest\u00e3o da Biblioteca Universit\u00e1ria frente \u00e0s Demandas do Contexto Contempor\u00e2neo\", proferida por\u00a0Pedro Miguel Est\u00e1cio dos Santos, diretor da biblioteca de Letras da Universidade de Lisboa. Diferentemente do Brasil, as bibliotecas universit\u00e1rias portuguesas funcionam autonomamente, e\u2026","rel":"","context":"Em &quot;Eventos&quot;","block_context":{"text":"Eventos","link":"https:\/\/mundobibliotecario.com.br\/index.php\/category\/eventos\/"},"img":{"alt_text":"","src":"","width":0,"height":0},"classes":[]},{"id":5314,"url":"https:\/\/mundobibliotecario.com.br\/index.php\/2019\/09\/28\/a-aguia-comeca-a-levantar-voo\/","url_meta":{"origin":10350,"position":5},"title":"A Aguia come\u00e7a a levantar voo","author":"mundobibliotecario","date":"28\/09\/2019","format":false,"excerpt":"Decreto para cria\u00e7\u00e3o da ag\u00eancia que substitui SIBi foi publicado, marcando transi\u00e7\u00e3o Por Gabriel Araujo e Ligia Andrade Aguia englobar\u00e1 setores f\u00edsicos e digitais das bibliotecas. Cr\u00e9dito: Gabriel Araujo \u00a0 A pol\u00eamica transforma\u00e7\u00e3o do Sistema Integrado de Bibliotecas (SIBi) em ag\u00eancia come\u00e7ou. O Di\u00e1rio Oficial do Estado publicou em 27\u2026","rel":"","context":"Em &quot;Not\u00edcias&quot;","block_context":{"text":"Not\u00edcias","link":"https:\/\/mundobibliotecario.com.br\/index.php\/category\/noticias\/"},"img":{"alt_text":"","src":"","width":0,"height":0},"classes":[]}],"jetpack_likes_enabled":true,"jetpack_shortlink":"https:\/\/wp.me\/pcbzwa-2GW","_links":{"self":[{"href":"https:\/\/mundobibliotecario.com.br\/index.php\/wp-json\/wp\/v2\/posts\/10350","targetHints":{"allow":["GET"]}}],"collection":[{"href":"https:\/\/mundobibliotecario.com.br\/index.php\/wp-json\/wp\/v2\/posts"}],"about":[{"href":"https:\/\/mundobibliotecario.com.br\/index.php\/wp-json\/wp\/v2\/types\/post"}],"author":[{"embeddable":true,"href":"https:\/\/mundobibliotecario.com.br\/index.php\/wp-json\/wp\/v2\/users\/1"}],"replies":[{"embeddable":true,"href":"https:\/\/mundobibliotecario.com.br\/index.php\/wp-json\/wp\/v2\/comments?post=10350"}],"version-history":[{"count":3,"href":"https:\/\/mundobibliotecario.com.br\/index.php\/wp-json\/wp\/v2\/posts\/10350\/revisions"}],"predecessor-version":[{"id":10354,"href":"https:\/\/mundobibliotecario.com.br\/index.php\/wp-json\/wp\/v2\/posts\/10350\/revisions\/10354"}],"wp:attachment":[{"href":"https:\/\/mundobibliotecario.com.br\/index.php\/wp-json\/wp\/v2\/media?parent=10350"}],"wp:term":[{"taxonomy":"category","embeddable":true,"href":"https:\/\/mundobibliotecario.com.br\/index.php\/wp-json\/wp\/v2\/categories?post=10350"},{"taxonomy":"post_tag","embeddable":true,"href":"https:\/\/mundobibliotecario.com.br\/index.php\/wp-json\/wp\/v2\/tags?post=10350"}],"curies":[{"name":"wp","href":"https:\/\/api.w.org\/{rel}","templated":true}]}}