{"id":1037,"date":"2010-01-01T17:20:45","date_gmt":"2010-01-01T20:20:45","guid":{"rendered":"http:\/\/mundobibliotecario.wordpress.com\/?p=1037"},"modified":"2020-07-18T18:28:10","modified_gmt":"2020-07-18T21:28:10","slug":"instituto-nacional-do-cancer-abre-concurso-para-191-vagas","status":"publish","type":"post","link":"https:\/\/mundobibliotecario.com.br\/index.php\/2010\/01\/01\/instituto-nacional-do-cancer-abre-concurso-para-191-vagas\/","title":{"rendered":"Instituto Nacional do C\u00e2ncer abre concurso para 191 vagas"},"content":{"rendered":"<p>Remunera\u00e7\u00e3o N\u00edvel Superior &#8211; R$ 2.419,07<br \/>\nN\u00edvel M\u00e9dio &#8211; R$ 1.331,97<br \/>\nTaxa de Inscri\u00e7\u00e3o: R$ 110,00 n\u00edvel superior e R$ 60,00 n\u00edvel m\u00e9dio.<br \/>\nData de Inscri\u00e7\u00e3o: 21 de janeiro a 3 de fevereiro<\/p>\n<p>Cargo Biblioteconomia:<br \/>\nTecnologista j\u00fanior \u2013 \u00e1rea: biblioteconomia \u2013 divulga\u00e7\u00e3o cient\u00edfica na \u00e1rea de sa\u00fade.<\/p>\n<p>Link: <a href=\"https:\/\/mundobibliotecario.com.br\/index.php\/2010\/01\/01\/instituto-nacional-do-cancer-abre-concurso-para-191-vagas\/\">http:\/\/www.cespe.unb.br\/concursos\/inca2009\/<\/a><\/p>\n","protected":false},"excerpt":{"rendered":"<p>Remunera\u00e7\u00e3o N\u00edvel Superior &#8211; R$ 2.419,07 N\u00edvel M\u00e9dio &#8211; R$ 1.331,97 Taxa de Inscri\u00e7\u00e3o: R$ 110,00 n\u00edvel superior e R$ 60,00 n\u00edvel m\u00e9dio. Data de Inscri\u00e7\u00e3o: 21 de janeiro a 3 de fevereiro Cargo Biblioteconomia: Tecnologista j\u00fanior \u2013 \u00e1rea: biblioteconomia \u2013 divulga\u00e7\u00e3o cient\u00edfica na \u00e1rea de sa\u00fade. Link: http:\/\/www.cespe.unb.br\/concursos\/inca2009\/<\/p>\n","protected":false},"author":1,"featured_media":0,"comment_status":"open","ping_status":"open","sticky":false,"template":"","format":"standard","meta":{"_mi_skip_tracking":false,"_exactmetrics_sitenote_active":false,"_exactmetrics_sitenote_note":"","_exactmetrics_sitenote_category":0,"_jetpack_newsletter_access":"","footnotes":""},"categories":[168],"tags":[235],"class_list":["post-1037","post","type-post","status-publish","format-standard","hentry","category-concurso","tag-concurso-de-biblioteconomia"],"jetpack_featured_media_url":"","jetpack_sharing_enabled":true,"jetpack-related-posts":[{"id":366,"url":"https:\/\/mundobibliotecario.com.br\/index.php\/2009\/02\/12\/concurso-de-biblioteconomia-trtes\/","url_meta":{"origin":1037,"position":0},"title":"Concurso &#8211; TRT\/ES","author":"mundobibliotecario","date":"12\/02\/2009","format":false,"excerpt":"Sexta-feira, 30 de janeiro de 2009 \u00a0 \u00a0 TRT\/ES Sal\u00e1rio de R$ 4 mil para cargo de n\u00edvel m\u00e9dio O Tribunal Regional do Trabalho (TRT) do Esp\u00edrito Santo publicou edital anunciando concurso de 145 vagas de analista e t\u00e9cnico judici\u00e1rio. O sal\u00e1rio para n\u00edvel m\u00e9dio \u00e9 de R$ 4 mil.\u2026","rel":"","context":"Em &quot;Concurso&quot;","block_context":{"text":"Concurso","link":"https:\/\/mundobibliotecario.com.br\/index.php\/category\/concurso\/"},"img":{"alt_text":"","src":"","width":0,"height":0},"classes":[]},{"id":1449,"url":"https:\/\/mundobibliotecario.com.br\/index.php\/2010\/09\/09\/unir-divulga-edital-para-concurso-de-tecnicos-administrativos\/","url_meta":{"origin":1037,"position":1},"title":"UNIR divulga edital para concurso de t\u00e9cnicos-administrativos","author":"mundobibliotecario","date":"09\/09\/2010","format":false,"excerpt":"A Universidade Federal de Rond\u00f4nia (UNIR) divulgou, na \u00faltima sexta-feira (03), edital de concurso p\u00fablico para o quadro permanente de pessoal t\u00e9cnico-administrativo em educa\u00e7\u00e3o. No total, 10 vagas s\u00e3o oferecidas, sendo 4 para cargos de n\u00edvel m\u00e9dio e 6 para superior. Para n\u00edvel m\u00e9dio o sal\u00e1rio \u00e9 de R$ 1.821,94;\u2026","rel":"","context":"Em &quot;Concurso&quot;","block_context":{"text":"Concurso","link":"https:\/\/mundobibliotecario.com.br\/index.php\/category\/concurso\/"},"img":{"alt_text":"","src":"","width":0,"height":0},"classes":[]},{"id":1253,"url":"https:\/\/mundobibliotecario.com.br\/index.php\/2010\/04\/30\/concurso-para-bibliotecario-ufpr\/","url_meta":{"origin":1037,"position":2},"title":"Concurso para Bibliotec\u00e1rio &#8211; UFPR","author":"mundobibliotecario","date":"30\/04\/2010","format":false,"excerpt":"A Universidade Federal do Paran\u00e1 - UFPR, torno p\u00fablico que estar\u00e3o abertas as inscri\u00e7\u00f5es ao Concurso P\u00fablico para provimento de cargos da carreira de T\u00e9cnico-Administrativo, sob o Regime Jur\u00eddico \u00danico dos Servidores P\u00fablicos Federais. S\u00e3o disponibilizadas 9 vagas de n\u00edvel M\u00e9dio e Superior, para os cargos de Arquiteto e Urbanista,\u2026","rel":"","context":"Em &quot;Concurso&quot;","block_context":{"text":"Concurso","link":"https:\/\/mundobibliotecario.com.br\/index.php\/category\/concurso\/"},"img":{"alt_text":"","src":"","width":0,"height":0},"classes":[]},{"id":364,"url":"https:\/\/mundobibliotecario.com.br\/index.php\/2009\/02\/12\/concurso-pgerj\/","url_meta":{"origin":1037,"position":3},"title":"Concurso &#8211; PGE\/RJ","author":"mundobibliotecario","date":"12\/02\/2009","format":false,"excerpt":"Segunda-feira, 26 de janeiro de 2009 PGE\/RJ Procuradoria abre inscri\u00e7\u00f5es para 129 vagas A Procuradoria Geral do Estado do Rio de Janeiro abriu o per\u00edodo de inscri\u00e7\u00f5es para o concurso p\u00fablico que visa preencher 129 vagas de n\u00edvel m\u00e9dio e superior na capital do estado e em Bras\u00edlia (DF). O\u2026","rel":"","context":"Em &quot;Concurso&quot;","block_context":{"text":"Concurso","link":"https:\/\/mundobibliotecario.com.br\/index.php\/category\/concurso\/"},"img":{"alt_text":"","src":"","width":0,"height":0},"classes":[]},{"id":259,"url":"https:\/\/mundobibliotecario.com.br\/index.php\/2009\/01\/05\/anatel-abre-inscricoes-para-247-oportunidades\/","url_meta":{"origin":1037,"position":4},"title":"Anatel abre inscri\u00e7\u00f5es para 247 oportunidades","author":"mundobibliotecario","date":"05\/01\/2009","format":false,"excerpt":"At\u00e9 R$ 8.389 A Ag\u00eancia Nacional de Telecomunica\u00e7\u00f5es (Anatel) recebe inscri\u00e7\u00f5es para 247 vagas em todos os estados do Pa\u00eds. Parte das oportunidades s\u00e3o para o cargo de Analista Administrativo, que exige n\u00edvel superior e oferece remunera\u00e7\u00e3o de R$ 8.389,60. As \u00e1reas dispon\u00edveis s\u00e3o as seguintes: Administrativa, Biblioteconomia (grifo nosso),\u2026","rel":"","context":"Em &quot;Concurso&quot;","block_context":{"text":"Concurso","link":"https:\/\/mundobibliotecario.com.br\/index.php\/category\/concurso\/"},"img":{"alt_text":"","src":"","width":0,"height":0},"classes":[]},{"id":4191,"url":"https:\/\/mundobibliotecario.com.br\/index.php\/2016\/01\/14\/conselhos-regionais-de-biblioteconomia-abrem-concurso-com-mais-de-500-vagas\/","url_meta":{"origin":1037,"position":5},"title":"Conselhos Regionais de Biblioteconomia abrem concurso com mais de 500 vagas","author":"mundobibliotecario","date":"14\/01\/2016","format":false,"excerpt":"Cinco conselhos regionais de Biblioteconomia no Nordeste abriram novo concurso p\u00fablico. S\u00e3o cinco vagas de lota\u00e7\u00e3o imediata de cadastro reserva para at\u00e9 500 vagas. De acordo com o edital de abertura da sele\u00e7\u00e3o, est\u00e3o \u00e0 disposi\u00e7\u00e3o os cargos de assistente administrativo, de n\u00edvel m\u00e9dio, e bibliotec\u00e1rio fiscal, para quem tem\u2026","rel":"","context":"Em &quot;Concurso&quot;","block_context":{"text":"Concurso","link":"https:\/\/mundobibliotecario.com.br\/index.php\/category\/concurso\/"},"img":{"alt_text":"","src":"","width":0,"height":0},"classes":[]}],"jetpack_likes_enabled":true,"jetpack_shortlink":"https:\/\/wp.me\/pcbzwa-gJ","_links":{"self":[{"href":"https:\/\/mundobibliotecario.com.br\/index.php\/wp-json\/wp\/v2\/posts\/1037","targetHints":{"allow":["GET"]}}],"collection":[{"href":"https:\/\/mundobibliotecario.com.br\/index.php\/wp-json\/wp\/v2\/posts"}],"about":[{"href":"https:\/\/mundobibliotecario.com.br\/index.php\/wp-json\/wp\/v2\/types\/post"}],"author":[{"embeddable":true,"href":"https:\/\/mundobibliotecario.com.br\/index.php\/wp-json\/wp\/v2\/users\/1"}],"replies":[{"embeddable":true,"href":"https:\/\/mundobibliotecario.com.br\/index.php\/wp-json\/wp\/v2\/comments?post=1037"}],"version-history":[{"count":1,"href":"https:\/\/mundobibliotecario.com.br\/index.php\/wp-json\/wp\/v2\/posts\/1037\/revisions"}],"predecessor-version":[{"id":5761,"href":"https:\/\/mundobibliotecario.com.br\/index.php\/wp-json\/wp\/v2\/posts\/1037\/revisions\/5761"}],"wp:attachment":[{"href":"https:\/\/mundobibliotecario.com.br\/index.php\/wp-json\/wp\/v2\/media?parent=1037"}],"wp:term":[{"taxonomy":"category","embeddable":true,"href":"https:\/\/mundobibliotecario.com.br\/index.php\/wp-json\/wp\/v2\/categories?post=1037"},{"taxonomy":"post_tag","embeddable":true,"href":"https:\/\/mundobibliotecario.com.br\/index.php\/wp-json\/wp\/v2\/tags?post=1037"}],"curies":[{"name":"wp","href":"https:\/\/api.w.org\/{rel}","templated":true}]}}