{"id":1078,"date":"2010-01-27T07:33:39","date_gmt":"2010-01-27T10:33:39","guid":{"rendered":"http:\/\/mundobibliotecario.wordpress.com\/?p=1078"},"modified":"2020-07-21T23:53:16","modified_gmt":"2020-07-22T02:53:16","slug":"processo-seletivo-senaisao-bernardo-do-campo","status":"publish","type":"post","link":"https:\/\/mundobibliotecario.com.br\/index.php\/2010\/01\/27\/processo-seletivo-senaisao-bernardo-do-campo\/","title":{"rendered":"Processo seletivo &#8211; SENAI\/S\u00e3o Bernardo do Campo"},"content":{"rendered":"<p><strong>Cargo<\/strong>: Bibliotec\u00e1rio<br \/>\n<strong>Sal\u00e1rio<\/strong>: R$ 3.189,90<br \/>\n<strong>Hor\u00e1rio<\/strong>: 40h semanais \u2013 segunda a sexta-feira, das 7h45min \u00e0s 16h45min.<br \/>\n<strong>Local de Trabalho<\/strong>: S\u00e3o Bernardo do Campo<\/p>\n<p>Pr\u00e9-inscri\u00e7\u00f5es at\u00e9 o dia 29.01.2010, na Internet (<a href=\"http:\/\/mundobibliotecario.com.br\/index.php\/2010\/01\/27\/processo-seletivo-senaisao-bernardo-do-campo\/\">www.sp.senai.br\/trabalheconosco<\/a>).<\/p>\n<p>Dispon\u00edvel em: &lt;http:\/\/curriculo.sesisenaisp.org.br:8080\/curriculo\/edital\/0035-2010-01.PDF&gt;. Acesso em: 27 jan. 2010.<\/p>\n","protected":false},"excerpt":{"rendered":"<p>Cargo: Bibliotec\u00e1rio Sal\u00e1rio: R$ 3.189,90 Hor\u00e1rio: 40h semanais \u2013 segunda a sexta-feira, das 7h45min \u00e0s 16h45min. Local de Trabalho: S\u00e3o Bernardo do Campo Pr\u00e9-inscri\u00e7\u00f5es at\u00e9 o dia 29.01.2010, na Internet (www.sp.senai.br\/trabalheconosco). Dispon\u00edvel em: &lt;http:\/\/curriculo.sesisenaisp.org.br:8080\/curriculo\/edital\/0035-2010-01.PDF&gt;. Acesso em: 27 jan. 2010.<\/p>\n","protected":false},"author":1,"featured_media":0,"comment_status":"open","ping_status":"open","sticky":false,"template":"","format":"standard","meta":{"_mi_skip_tracking":false,"_exactmetrics_sitenote_active":false,"_exactmetrics_sitenote_note":"","_exactmetrics_sitenote_category":0,"_jetpack_newsletter_access":"","footnotes":""},"categories":[195],"tags":[196],"class_list":["post-1078","post","type-post","status-publish","format-standard","hentry","category-emprego","tag-vaga-para-bibliotecario"],"jetpack_featured_media_url":"","jetpack_sharing_enabled":true,"jetpack-related-posts":[{"id":935,"url":"https:\/\/mundobibliotecario.com.br\/index.php\/2009\/10\/21\/fdsbc-faculdade-de-direito-de-sao-bernardo-do-campo-sp\/","url_meta":{"origin":1078,"position":0},"title":"FDSBC &#8211; Faculdade de Direito de S\u00e3o Bernardo do Campo &#8211; SP","author":"mundobibliotecario","date":"21\/10\/2009","format":false,"excerpt":"Inscri\u00e7\u00f5es: de 16 de outubro a 23 de novembro de 2009. Remunera\u00e7\u00e3o: R$ 2.993,13 Vagas: Cadastro de reservas Taxa: R$ 50,00 Data prevista para a prova: 13\/12\/2009 Site: www.quadrix.org.br","rel":"","context":"Em &quot;Concurso&quot;","block_context":{"text":"Concurso","link":"https:\/\/mundobibliotecario.com.br\/index.php\/category\/concurso\/"},"img":{"alt_text":"","src":"","width":0,"height":0},"classes":[]},{"id":1196,"url":"https:\/\/mundobibliotecario.com.br\/index.php\/2010\/04\/07\/keith-richards-diz-em-autobiografia-que-sonha-em-ser-bibliotecario\/","url_meta":{"origin":1078,"position":1},"title":"Keith Richards diz em autobiografia que sonha em ser bibliotec\u00e1rio","author":"mundobibliotecario","date":"07\/04\/2010","format":false,"excerpt":"04\/04\/2010 - 11:29 Guitarrista dos Rolling Stones diz amar os livros Por Londres (EFE) O guitarrista Keith Richards, do Rolling Stones, tem o sonho secreto de ser bibliotec\u00e1rio, diz o pr\u00f3prio em uma autobiografia que est\u00e1 perto de ser publicada. Segundo a edi\u00e7\u00e3o de hoje do jornal ingl\u00eas \"The Sunday\u2026","rel":"","context":"Em &quot;N\u00e3o classificado&quot;","block_context":{"text":"N\u00e3o classificado","link":"https:\/\/mundobibliotecario.com.br\/index.php\/category\/nao-classificado\/"},"img":{"alt_text":"","src":"","width":0,"height":0},"classes":[]},{"id":1279,"url":"https:\/\/mundobibliotecario.com.br\/index.php\/2010\/05\/23\/vaga-bibliotecario-em-escritorio-juridico\/","url_meta":{"origin":1078,"position":2},"title":"Vaga Bibliotec\u00e1rio em escrit\u00f3rio jur\u00eddico","author":"mundobibliotecario","date":"23\/05\/2010","format":false,"excerpt":"Barbosa, M\u00fcssnich & Arag\u00e3o \u00e9 um escrit\u00f3rio de advocacia de grande porte com cerca de 650 integrantes, que est\u00e1 entre os 10 maiores do Brasil. O escrit\u00f3rio, fundado em 1995, est\u00e1 presente nas cidades do Rio de Janeiro, S\u00e3o Paulo, Bras\u00edlia e Belo Horizonte, atuando nos mais diversos campos do\u2026","rel":"","context":"Em &quot;Emprego&quot;","block_context":{"text":"Emprego","link":"https:\/\/mundobibliotecario.com.br\/index.php\/category\/emprego\/"},"img":{"alt_text":"","src":"","width":0,"height":0},"classes":[]},{"id":1247,"url":"https:\/\/mundobibliotecario.com.br\/index.php\/2010\/04\/30\/analista-sociocultural-bibliotecario-hc-sao-paulo\/","url_meta":{"origin":1078,"position":3},"title":"ANALISTA SOCIOCULTURAL &#8211; BIBLIOTEC\u00c1RIO &#8211; HC S\u00e3o Paulo","author":"mundobibliotecario","date":"30\/04\/2010","format":false,"excerpt":"Concurso P\u00fablico: ANALISTA SOCIOCULTURAL - BIBLIOTEC\u00c1RIO - HC S\u00e3o Paulo Inscri\u00e7\u00f5es: 27\/04\/2010 a 11\/05\/2010. Local: www.hcnet.usp.br (por correio) http:\/\/www.imprensaoficial.com.br\/PortalIO\/DO\/BuscaDO2001Documento_11_4.aspx?link=\/2010\/executivo%2520secao%2520i\/abril\/27\/pag_0138_6LQP2T19SP7T2e3UTOS6JDINGNT.pdf&pagina=138&data=27\/04\/2010&caderno=Executivo%20I&paginaordenacao=100138","rel":"","context":"Em &quot;Concurso&quot;","block_context":{"text":"Concurso","link":"https:\/\/mundobibliotecario.com.br\/index.php\/category\/concurso\/"},"img":{"alt_text":"","src":"","width":0,"height":0},"classes":[]},{"id":1255,"url":"https:\/\/mundobibliotecario.com.br\/index.php\/2010\/05\/01\/concurso-fundacao-parque-zoologico-de-sao-paulo-bibliotecario\/","url_meta":{"origin":1078,"position":4},"title":"Concurso Funda\u00e7\u00e3o Parque Zool\u00f3gico de S\u00e3o Paulo &#8211; Bibliotec\u00e1rio","author":"mundobibliotecario","date":"01\/05\/2010","format":false,"excerpt":"Fonte: http:\/\/www.imprensaoficial.com.br\/PortalIO\/DO\/BuscaDO2001Documento_11_4.aspx?link=\/2010\/executivo%2520secao%2520i\/maio\/01\/pag_0207_DV7G3O326K5A4e24I7NCK38PRQK.pdf&pagina=207&data=01\/05\/2010&caderno=Executivo%20I&paginaordenacao=100207 Bibliotec\u00e1rio 01 vaga Remunera\u00e7\u00e3o: R$ 1.974,00 40h - RC Superior completo em Biblioteconomia, registro no CRBibl. Conhecimentos em microinform\u00e1tica. Inscri\u00e7\u00f5es: De 03 a 19 de maio de 2010, http:\/\/www.institutocetro.org.br.","rel":"","context":"Em &quot;Concurso&quot;","block_context":{"text":"Concurso","link":"https:\/\/mundobibliotecario.com.br\/index.php\/category\/concurso\/"},"img":{"alt_text":"","src":"","width":0,"height":0},"classes":[]},{"id":1128,"url":"https:\/\/mundobibliotecario.com.br\/index.php\/2010\/02\/25\/processo-seletivo-para-bibliotecario-sesisp\/","url_meta":{"origin":1078,"position":5},"title":"Processo seletivo para bibliotec\u00e1rio &#8211; SESI\/SP","author":"mundobibliotecario","date":"25\/02\/2010","format":false,"excerpt":"Sesi\/SP - Processo Seletivo para Bibliotec\u00e1rio Para o CAT da Vila Leopoldina - S\u00e3o Paulo - Capital Inscri\u00e7\u00f5es at\u00e9 26\/02\/2009. Edital em","rel":"","context":"Em &quot;Emprego&quot;","block_context":{"text":"Emprego","link":"https:\/\/mundobibliotecario.com.br\/index.php\/category\/emprego\/"},"img":{"alt_text":"","src":"","width":0,"height":0},"classes":[]}],"jetpack_likes_enabled":true,"jetpack_shortlink":"https:\/\/wp.me\/pcbzwa-ho","_links":{"self":[{"href":"https:\/\/mundobibliotecario.com.br\/index.php\/wp-json\/wp\/v2\/posts\/1078","targetHints":{"allow":["GET"]}}],"collection":[{"href":"https:\/\/mundobibliotecario.com.br\/index.php\/wp-json\/wp\/v2\/posts"}],"about":[{"href":"https:\/\/mundobibliotecario.com.br\/index.php\/wp-json\/wp\/v2\/types\/post"}],"author":[{"embeddable":true,"href":"https:\/\/mundobibliotecario.com.br\/index.php\/wp-json\/wp\/v2\/users\/1"}],"replies":[{"embeddable":true,"href":"https:\/\/mundobibliotecario.com.br\/index.php\/wp-json\/wp\/v2\/comments?post=1078"}],"version-history":[{"count":2,"href":"https:\/\/mundobibliotecario.com.br\/index.php\/wp-json\/wp\/v2\/posts\/1078\/revisions"}],"predecessor-version":[{"id":7016,"href":"https:\/\/mundobibliotecario.com.br\/index.php\/wp-json\/wp\/v2\/posts\/1078\/revisions\/7016"}],"wp:attachment":[{"href":"https:\/\/mundobibliotecario.com.br\/index.php\/wp-json\/wp\/v2\/media?parent=1078"}],"wp:term":[{"taxonomy":"category","embeddable":true,"href":"https:\/\/mundobibliotecario.com.br\/index.php\/wp-json\/wp\/v2\/categories?post=1078"},{"taxonomy":"post_tag","embeddable":true,"href":"https:\/\/mundobibliotecario.com.br\/index.php\/wp-json\/wp\/v2\/tags?post=1078"}],"curies":[{"name":"wp","href":"https:\/\/api.w.org\/{rel}","templated":true}]}}