{"id":1093,"date":"2010-02-05T12:51:12","date_gmt":"2010-02-05T15:51:12","guid":{"rendered":"http:\/\/mundobibliotecario.wordpress.com\/?p=1093"},"modified":"2020-07-21T23:54:48","modified_gmt":"2020-07-22T02:54:48","slug":"face-realiza-especializacao-em-inteligencia-competitiva","status":"publish","type":"post","link":"https:\/\/mundobibliotecario.com.br\/index.php\/2010\/02\/05\/face-realiza-especializacao-em-inteligencia-competitiva\/","title":{"rendered":"FACE realiza especializa\u00e7\u00e3o em Intelig\u00eancia Competitiva"},"content":{"rendered":"<p>04 de fevereiro de 2010<\/p>\n<p>Est\u00e3o abertas as inscri\u00e7\u00f5es para p\u00f3s-gradua\u00e7\u00e3o em Intelig\u00eancia Competitiva. O curso, coordenado pela professora Neusa Mendel, busca desenvolver conhecimentos, habilidades e atitudes para atua\u00e7\u00e3o em gest\u00e3o de neg\u00f3cios, propiciando qualificar o processo de tomada de decis\u00f5es estrat\u00e9gicas. A atividade \u00e9 voltada para profissionais com forma\u00e7\u00e3o superior, que atuam em cargos que demandam capacita\u00e7\u00e3o em gest\u00e3o de neg\u00f3cios.<\/p>\n<p>Inscri\u00e7\u00f5es e informa\u00e7\u00f5es pelo telefone (51) 3320-3658, no site  ou na Secretaria do Programa de P\u00f3s-Gradua\u00e7\u00e3o da Faculdade de Administra\u00e7\u00e3o, Contabilidade e Economia da PUCRS (FACE), no 11\u00ba andar do pr\u00e9dio 50, no Campus Central (avenida Ipiranga, 6681 &#8211; Porto Alegre).<\/p>\n<p><em>Assessoria de Comunica\u00e7\u00e3o Social &#8211; PUCRS \/ ASCOM<\/em><\/p>\n<p>Dispon\u00edvel em: &lt;<a href=\"http:\/\/www.planetauniversitario.com\/index.php?option=com_content&amp;task=view&amp;id=11914&amp;Itemid=67\">http:\/\/www.planetauniversitario.com\/index.php?option=com_content&amp;task=view&amp;id=11914&amp;Itemid=67<\/a>.&gt; Acesso em: 5 fev. 2010.<\/p>\n","protected":false},"excerpt":{"rendered":"<p>04 de fevereiro de 2010 Est\u00e3o abertas as inscri\u00e7\u00f5es para p\u00f3s-gradua\u00e7\u00e3o em Intelig\u00eancia Competitiva. O curso, coordenado pela professora Neusa Mendel, busca desenvolver conhecimentos, habilidades e atitudes para atua\u00e7\u00e3o em gest\u00e3o de neg\u00f3cios, propiciando qualificar o processo de tomada de decis\u00f5es estrat\u00e9gicas. A atividade \u00e9 voltada para profissionais com forma\u00e7\u00e3o superior, que atuam em cargos &#8230; <a title=\"FACE realiza especializa\u00e7\u00e3o em Intelig\u00eancia Competitiva\" class=\"read-more\" href=\"https:\/\/mundobibliotecario.com.br\/index.php\/2010\/02\/05\/face-realiza-especializacao-em-inteligencia-competitiva\/\" aria-label=\"Read more about FACE realiza especializa\u00e7\u00e3o em Intelig\u00eancia Competitiva\">Ler mais<\/a><\/p>\n","protected":false},"author":1,"featured_media":0,"comment_status":"open","ping_status":"open","sticky":false,"template":"","format":"standard","meta":{"_mi_skip_tracking":false,"_exactmetrics_sitenote_active":false,"_exactmetrics_sitenote_note":"","_exactmetrics_sitenote_category":0,"_jetpack_newsletter_access":"","footnotes":""},"categories":[252],"tags":[503,504,96],"class_list":["post-1093","post","type-post","status-publish","format-standard","hentry","category-curso","tag-especializacao","tag-inteligencia-competitiva","tag-puc-rs"],"jetpack_featured_media_url":"","jetpack_sharing_enabled":true,"jetpack-related-posts":[{"id":1185,"url":"https:\/\/mundobibliotecario.com.br\/index.php\/2010\/03\/31\/vaga-para-analista-de-informacoes\/","url_meta":{"origin":1093,"position":0},"title":"Vaga para Analista de Informa\u00e7\u00f5es","author":"mundobibliotecario","date":"31\/03\/2010","format":false,"excerpt":"O Sistema Ind\u00fastria precisa de Analista de Informa\u00e7\u00f5es para trabalhar em Bras\u00edlia. Cadastro de curr\u00edculo: www.vagas.com.br\/cni Analista de Informa\u00e7\u00f5es (Normaliza\u00e7\u00e3o) Pr\u00e9-requisitos: \u2022 Ensino Superior completo em Biblioteconomia \u2022 Experi\u00eancia em Normaliza\u00e7\u00e3o, Indexa\u00e7\u00e3o, Classifica\u00e7\u00e3o ou Cataloga\u00e7\u00e3o \u2022 Conhecimento em normas da ABNT, cataloga\u00e7\u00e3o (AACR2), Classifica\u00e7\u00e3o (CDU) Indexa\u00e7\u00e3o \u2022 Desej\u00e1vel conhecimento: o\u2026","rel":"","context":"Em &quot;Emprego&quot;","block_context":{"text":"Emprego","link":"https:\/\/mundobibliotecario.com.br\/index.php\/category\/emprego\/"},"img":{"alt_text":"","src":"","width":0,"height":0},"classes":[]},{"id":2761,"url":"https:\/\/mundobibliotecario.com.br\/index.php\/2012\/12\/04\/pos-graduacao-especializacao-informacao-em-ambientes-digitais\/","url_meta":{"origin":1093,"position":1},"title":"P\u00f3s-gradua\u00e7\u00e3o &#8211; Especializa\u00e7\u00e3o Informa\u00e7\u00e3o em Ambientes Digitais","author":"mundobibliotecario","date":"04\/12\/2012","format":false,"excerpt":"Cursos de especializa\u00e7\u00e3o em n\u00edvel de p\u00f3s-gradua\u00e7\u00e3o lato sensu s\u00e3o direcionados \u00e0 \u00e1rea de exerc\u00edcio profissional, tanto do docente como de outros profissionais inseridos no mercado de trabalho, na perspectiva de educa\u00e7\u00e3o continuada. O curso de especializa\u00e7\u00e3o Informa\u00e7\u00e3o em Ambientes Digitais tem carga hor\u00e1ria m\u00ednima de 360 horas, n\u00e3o computando\u2026","rel":"","context":"Em &quot;Curso de P\u00f3s-Gradua\u00e7\u00e3o&quot;","block_context":{"text":"Curso de P\u00f3s-Gradua\u00e7\u00e3o","link":"https:\/\/mundobibliotecario.com.br\/index.php\/category\/curso-de-pos-graduacao\/"},"img":{"alt_text":"","src":"","width":0,"height":0},"classes":[]},{"id":3556,"url":"https:\/\/mundobibliotecario.com.br\/index.php\/2014\/08\/25\/inscricoes-abertas-para-pos-graduacao-em-ged\/","url_meta":{"origin":1093,"position":2},"title":"Inscri\u00e7\u00f5es abertas para p\u00f3s-gradua\u00e7\u00e3o em GED","author":"mundobibliotecario","date":"25\/08\/2014","format":false,"excerpt":"Est\u00e3o abertas as inscri\u00e7\u00f5es para o Curso de P\u00f3s-Gradua\u00e7\u00e3o em Gest\u00e3o Eletr\u00f4nica de Documentos - GED da UNISUAM (RJ). Carga hor\u00e1ria total: 360h P\u00fablico-Alvo: Arquivistas, bibliotec\u00e1rios, profissionais de tecnologia da informa\u00e7\u00e3o e demais profissionais que atuem em unidades de informa\u00e7\u00e3o e que desejam construir carreira em uma das \u00e1reas de\u2026","rel":"","context":"Em &quot;Curso de P\u00f3s-Gradua\u00e7\u00e3o&quot;","block_context":{"text":"Curso de P\u00f3s-Gradua\u00e7\u00e3o","link":"https:\/\/mundobibliotecario.com.br\/index.php\/category\/curso-de-pos-graduacao\/"},"img":{"alt_text":"","src":"https:\/\/mundobibliotecario.files.wordpress.com\/2014\/08\/ged_2014-2.jpg?w=350&h=200&crop=1","width":350,"height":200},"classes":[]},{"id":788,"url":"https:\/\/mundobibliotecario.com.br\/index.php\/2009\/08\/05\/fespsp-propoe-dupla-especializacao-em-ciencia-da-informacao\/","url_meta":{"origin":1093,"position":3},"title":"FESPSP prop\u00f5e dupla especializa\u00e7\u00e3o em Ci\u00eancia da Informa\u00e7\u00e3o","author":"mundobibliotecario","date":"05\/08\/2009","format":false,"excerpt":"A Funda\u00e7\u00e3o Escola de Sociologia e Pol\u00edtica de S\u00e3o Paulo est\u00e1 com matr\u00edculas abertas para mais de 10 cursos em Gest\u00e3o da Informa\u00e7\u00e3o A Funda\u00e7\u00e3o Escola de Sociologia e Pol\u00edtica de S\u00e3o Paulo (FESPSP) estruturou a integra\u00e7\u00e3o entre dois cursos de P\u00f3s-Gradua\u00e7\u00e3o Lato Sensu, \u201cGest\u00e3o de Documentos de Arquivo\u201d e\u2026","rel":"","context":"Em &quot;Curso de P\u00f3s-Gradua\u00e7\u00e3o&quot;","block_context":{"text":"Curso de P\u00f3s-Gradua\u00e7\u00e3o","link":"https:\/\/mundobibliotecario.com.br\/index.php\/category\/curso-de-pos-graduacao\/"},"img":{"alt_text":"","src":"","width":0,"height":0},"classes":[]},{"id":3084,"url":"https:\/\/mundobibliotecario.com.br\/index.php\/2013\/04\/18\/curso-coleta-e-monitoramento-de-informacao-estrategica\/","url_meta":{"origin":1093,"position":4},"title":"Curso: Coleta e Monitoramento de Informa\u00e7\u00e3o Estrat\u00e9gica","author":"mundobibliotecario","date":"18\/04\/2013","format":false,"excerpt":"Divulgando cursos recebidos por e-mail. ************* Prezados, Convidamos voc\u00eas para participarem dos Cursos que a EVTur Corporativo\u00a0 programou para o 1\u00ba semestre de 2013. Verifiquem nossa\u00a0 Agenda de Cursos abaixo\u00a0 e\/ou acesse site www.evtur.com.br e click Agenda de Cursos. Curso: Coleta e Monitoramento de Informa\u00e7\u00e3o Estrat\u00e9gica. Hotel Faial, Florian\u00f3polis -\u2026","rel":"","context":"Em &quot;Curso&quot;","block_context":{"text":"Curso","link":"https:\/\/mundobibliotecario.com.br\/index.php\/category\/curso\/"},"img":{"alt_text":"","src":"","width":0,"height":0},"classes":[]},{"id":3224,"url":"https:\/\/mundobibliotecario.com.br\/index.php\/2013\/08\/27\/divulgacao-de-curso-de-pos-graduacao-em-gestao-eletronica-de-documentos\/","url_meta":{"origin":1093,"position":5},"title":"Divulga\u00e7\u00e3o de Curso de P\u00f3s Gradua\u00e7\u00e3o em Gest\u00e3o Eletr\u00f4nica de Documentos","author":"mundobibliotecario","date":"27\/08\/2013","format":false,"excerpt":"","rel":"","context":"Em &quot;Curso&quot;","block_context":{"text":"Curso","link":"https:\/\/mundobibliotecario.com.br\/index.php\/category\/curso\/"},"img":{"alt_text":"","src":"","width":0,"height":0},"classes":[]}],"jetpack_likes_enabled":true,"jetpack_shortlink":"https:\/\/wp.me\/pcbzwa-hD","_links":{"self":[{"href":"https:\/\/mundobibliotecario.com.br\/index.php\/wp-json\/wp\/v2\/posts\/1093","targetHints":{"allow":["GET"]}}],"collection":[{"href":"https:\/\/mundobibliotecario.com.br\/index.php\/wp-json\/wp\/v2\/posts"}],"about":[{"href":"https:\/\/mundobibliotecario.com.br\/index.php\/wp-json\/wp\/v2\/types\/post"}],"author":[{"embeddable":true,"href":"https:\/\/mundobibliotecario.com.br\/index.php\/wp-json\/wp\/v2\/users\/1"}],"replies":[{"embeddable":true,"href":"https:\/\/mundobibliotecario.com.br\/index.php\/wp-json\/wp\/v2\/comments?post=1093"}],"version-history":[{"count":2,"href":"https:\/\/mundobibliotecario.com.br\/index.php\/wp-json\/wp\/v2\/posts\/1093\/revisions"}],"predecessor-version":[{"id":7297,"href":"https:\/\/mundobibliotecario.com.br\/index.php\/wp-json\/wp\/v2\/posts\/1093\/revisions\/7297"}],"wp:attachment":[{"href":"https:\/\/mundobibliotecario.com.br\/index.php\/wp-json\/wp\/v2\/media?parent=1093"}],"wp:term":[{"taxonomy":"category","embeddable":true,"href":"https:\/\/mundobibliotecario.com.br\/index.php\/wp-json\/wp\/v2\/categories?post=1093"},{"taxonomy":"post_tag","embeddable":true,"href":"https:\/\/mundobibliotecario.com.br\/index.php\/wp-json\/wp\/v2\/tags?post=1093"}],"curies":[{"name":"wp","href":"https:\/\/api.w.org\/{rel}","templated":true}]}}