{"id":1119,"date":"2010-02-19T17:14:37","date_gmt":"2010-02-19T20:14:37","guid":{"rendered":"http:\/\/mundobibliotecario.wordpress.com\/?p=1119"},"modified":"2010-02-19T17:14:37","modified_gmt":"2010-02-19T20:14:37","slug":"processo-seletivo-para-o-mestrado-academico-e-doutorado-unesp","status":"publish","type":"post","link":"https:\/\/mundobibliotecario.com.br\/index.php\/2010\/02\/19\/processo-seletivo-para-o-mestrado-academico-e-doutorado-unesp\/","title":{"rendered":"Processo Seletivo para o Mestrado Acad\u00eamico e Doutorado &#8211; UNESP"},"content":{"rendered":"<p>O Programa de P\u00f3s-Gradua\u00e7\u00e3o em Ci\u00eancia da Informa\u00e7\u00e3o (PPGCI) da Universidade Estadual Paulista (Unesp), Faculdade de Filosofia e Ci\u00eancias (FFC) &#8211; Campus de Mar\u00edlia, torna p\u00fablico que, de 01 de fevereiro a 01 de mar\u00e7o de 2010, estar\u00e3o abertas as inscri\u00e7\u00f5es para o Processo Seletivo para o Mestrado Acad\u00eamico e Doutorado.<\/p>\n<p>O Mestrado Acad\u00eamico conta com 10 (dez) vagas e o Doutorado com 5 (cinco) vagas.<\/p>\n<p>As informa\u00e7\u00f5es sobre o PPGCI &#8211; UNESP, \u00e1rea de concentra\u00e7\u00e3o, linhas de pesquisa, corpo docente, disserta\u00e7\u00f5es e teses defendidas, processo seletivo, edital e inscri\u00e7\u00f5es (on-line) podem ser obtidas via:<\/p>\n<p>&#8211; website: http:\/\/www.marilia.unesp.br\/posci\/<br \/>\n&#8211; e-mail: posci@marilia.unesp.br<br \/>\n&#8211; telefones: +55 (14) 34021336 \/ 34021357<\/p>\n","protected":false},"excerpt":{"rendered":"<p>O Programa de P\u00f3s-Gradua\u00e7\u00e3o em Ci\u00eancia da Informa\u00e7\u00e3o (PPGCI) da Universidade Estadual Paulista (Unesp), Faculdade de Filosofia e Ci\u00eancias (FFC) &#8211; Campus de Mar\u00edlia, torna p\u00fablico que, de 01 de fevereiro a 01 de mar\u00e7o de 2010, estar\u00e3o abertas as inscri\u00e7\u00f5es para o Processo Seletivo para o Mestrado Acad\u00eamico e Doutorado. O Mestrado Acad\u00eamico conta &#8230; <a title=\"Processo Seletivo para o Mestrado Acad\u00eamico e Doutorado &#8211; UNESP\" class=\"read-more\" href=\"https:\/\/mundobibliotecario.com.br\/index.php\/2010\/02\/19\/processo-seletivo-para-o-mestrado-academico-e-doutorado-unesp\/\" aria-label=\"Read more about Processo Seletivo para o Mestrado Acad\u00eamico e Doutorado &#8211; UNESP\">Ler mais<\/a><\/p>\n","protected":false},"author":1,"featured_media":0,"comment_status":"open","ping_status":"open","sticky":false,"template":"","format":"standard","meta":{"_mi_skip_tracking":false,"_exactmetrics_sitenote_active":false,"_exactmetrics_sitenote_note":"","_exactmetrics_sitenote_category":0,"_jetpack_newsletter_access":"","footnotes":""},"categories":[175],"tags":[40,518,519,144],"class_list":["post-1119","post","type-post","status-publish","format-standard","hentry","category-curso-de-pos-graduacao","tag-ciencia-da-informacao","tag-doutorado","tag-mestrado-academico","tag-unesp"],"jetpack_featured_media_url":"","jetpack_sharing_enabled":true,"jetpack-related-posts":[{"id":2157,"url":"https:\/\/mundobibliotecario.com.br\/index.php\/2011\/08\/23\/selecao-para-o-mestrado-e-o-doutorado-em-ciencia-da-informacao-ibict-ufrj\/","url_meta":{"origin":1119,"position":0},"title":"Sele\u00e7\u00e3o para o Mestrado e o Doutorado em Ci\u00eancia da Informa\u00e7\u00e3o (IBICT-UFRJ)","author":"mundobibliotecario","date":"23\/08\/2011","format":false,"excerpt":"No per\u00edodo de 29 de agosto a 26 de setembro estar\u00e3o abertas as inscri\u00e7\u00f5es para o processo de sele\u00e7\u00e3o dos cursos de Mestrado e de Doutorado do Programa de P\u00f3s-Gradua\u00e7\u00e3o em Ci\u00eancia da Informa\u00e7\u00e3o - PPGCI (IBICT-UFRJ).\u00a0 Os editais e ficha de inscri\u00e7\u00e3o para o Mestrado encontram-se em: http:\/\/www.ppgci.ufrj.br\/index.php?option=com_phocadownload&view=section&id=7&Itemid=89 ;\u00a0\u2026","rel":"","context":"Em &quot;Curso de P\u00f3s-Gradua\u00e7\u00e3o&quot;","block_context":{"text":"Curso de P\u00f3s-Gradua\u00e7\u00e3o","link":"https:\/\/mundobibliotecario.com.br\/index.php\/category\/curso-de-pos-graduacao\/"},"img":{"alt_text":"","src":"","width":0,"height":0},"classes":[]},{"id":283,"url":"https:\/\/mundobibliotecario.com.br\/index.php\/2009\/01\/15\/pos-graducao-em-ciencia-da-informacao-unesp-de-marilia\/","url_meta":{"origin":1119,"position":1},"title":"P\u00f3s-Gradu\u00e7\u00e3o em Ci\u00eancia da Informa\u00e7\u00e3o &#8211; UNESP de Mar\u00edlia","author":"mundobibliotecario","date":"15\/01\/2009","format":false,"excerpt":"A Universidade Estadual Paulista \u2013 UNESP \u2013 Campus de Mar\u00edlia comunica que durante o per\u00edodo de 19.01.2009 a 16.02.2009 estar\u00e3o abertas as inscri\u00e7\u00f5es para o processo seletivo do Programa de P\u00f3s-Gradua\u00e7\u00e3o em Ci\u00eancia da Informa\u00e7\u00e3o. No\u00a0site\u00a0do Programa pode-se conferir uma descri\u00e7\u00e3o completa do mesmo.","rel":"","context":"Em &quot;Curso de P\u00f3s-Gradua\u00e7\u00e3o&quot;","block_context":{"text":"Curso de P\u00f3s-Gradua\u00e7\u00e3o","link":"https:\/\/mundobibliotecario.com.br\/index.php\/category\/curso-de-pos-graduacao\/"},"img":{"alt_text":"","src":"","width":0,"height":0},"classes":[]},{"id":835,"url":"https:\/\/mundobibliotecario.com.br\/index.php\/2009\/08\/26\/programa-de-pos-graduacao-em-ciencia-da-informacao\/","url_meta":{"origin":1119,"position":2},"title":"Programa de P\u00f3s-gradua\u00e7\u00e3o em Ci\u00eancia da Informa\u00e7\u00e3o","author":"mundobibliotecario","date":"26\/08\/2009","format":false,"excerpt":"A partir de 28\/10\/2009 e at\u00e9 13\/11\/2009 estar\u00e3o abertas as inscri\u00e7\u00f5es para os cursos de mestrado e doutorado do Programa de P\u00f3s-gradua\u00e7\u00e3o em Ci\u00eancia da Informa\u00e7\u00e3o, mantido atrav\u00e9s do Conv\u00eanio IBICT - Faculdade de Administra\u00e7\u00e3o e Ci\u00eancias Cont\u00e1beis, da UFRJ. Os Editais poder\u00e3o ser vistos no ponto de acesso do\u2026","rel":"","context":"Em &quot;Curso de P\u00f3s-Gradua\u00e7\u00e3o&quot;","block_context":{"text":"Curso de P\u00f3s-Gradua\u00e7\u00e3o","link":"https:\/\/mundobibliotecario.com.br\/index.php\/category\/curso-de-pos-graduacao\/"},"img":{"alt_text":"","src":"","width":0,"height":0},"classes":[]},{"id":2893,"url":"https:\/\/mundobibliotecario.com.br\/index.php\/2013\/02\/18\/mestrado-profissional-em-gestao-de-unidades-de-informacao\/","url_meta":{"origin":1119,"position":3},"title":"Mestrado Profissional em Gest\u00e3o de Unidades de Informa\u00e7\u00e3o","author":"mundobibliotecario","date":"18\/02\/2013","format":false,"excerpt":"Universidade do Estado de Santa Catarina - UDESC Est\u00e3o abertas, de 04 de fevereiro a 15 de mar\u00e7o de 2013, as inscri\u00e7\u00f5es para o processo seletivo do Programa de P\u00f3s-Gradua\u00e7\u00e3o em Gest\u00e3o da Informa\u00e7\u00e3o - PPGInfo \/ Mestrado Profissional em Gest\u00e3o de Unidades de Informa\u00e7\u00e3o, objetivando o preenchimento de at\u00e9\u2026","rel":"","context":"Em &quot;Curso de P\u00f3s-Gradua\u00e7\u00e3o&quot;","block_context":{"text":"Curso de P\u00f3s-Gradua\u00e7\u00e3o","link":"https:\/\/mundobibliotecario.com.br\/index.php\/category\/curso-de-pos-graduacao\/"},"img":{"alt_text":"","src":"","width":0,"height":0},"classes":[]},{"id":9698,"url":"https:\/\/mundobibliotecario.com.br\/index.php\/2021\/12\/13\/processo-seletivo-2022-do-ppgci-ufscar\/","url_meta":{"origin":1119,"position":4},"title":"Processo Seletivo 2022 do PPGCI\/UFSCar","author":"mundobibliotecario","date":"13\/12\/2021","format":false,"excerpt":"Cronograma do Processo Seletivo 2022 do PPGCI\/UFSCar -\u00a0Edital no 001\/2021\u00a008 dez. 2021:\u00a0Divulga\u00e7\u00e3o do Edital no 001\/2021.\u00a0Publica\u00e7\u00e3o do Edital no site do PPGCI.\u00a009 e 10 dez. 2021:\u00a0Impugna\u00e7\u00e3o ou pedido de esclarecimentos sobre o Edital.\u00a0Solicita\u00e7\u00f5es de esclarecimentos ou indica\u00e7\u00e3o de impugna\u00e7\u00e3o dever\u00e3o ser assinados\u00a0e encaminhados ao e-mail do PPGCI.13 dez. 2021:\u00a0Divulga\u00e7\u00e3o de\u2026","rel":"","context":"Em &quot;Not\u00edcias&quot;","block_context":{"text":"Not\u00edcias","link":"https:\/\/mundobibliotecario.com.br\/index.php\/category\/noticias\/"},"img":{"alt_text":"","src":"https:\/\/i0.wp.com\/mundobibliotecario.com.br\/wp-content\/uploads\/2021\/12\/graduate-g9292c7609_640.png?resize=350%2C200&ssl=1","width":350,"height":200},"classes":[]},{"id":3782,"url":"https:\/\/mundobibliotecario.com.br\/index.php\/2015\/07\/07\/capes-aprova-e-ufrn-ganha-mestrado-em-ciencias-da-informacao\/","url_meta":{"origin":1119,"position":5},"title":"Capes aprova e UFRN ganha Mestrado em Ci\u00eancias da Informa\u00e7\u00e3o","author":"mundobibliotecario","date":"07\/07\/2015","format":false,"excerpt":"29 de junho de 2015 A Universidade Federal do Rio Grande do Norte (UFRN) vai abrir vagas\u00a0para\u00a0o Mestrado Profissional em Ci\u00eancias da Informa\u00e7\u00e3o. O curso foi aprovado pela Capes na semana passada e o processo seletivo ser\u00e1 realizado ainda este ano, com a primeira turma ingressante no segundo semestre letivo.\u2026","rel":"","context":"Em &quot;Not\u00edcias&quot;","block_context":{"text":"Not\u00edcias","link":"https:\/\/mundobibliotecario.com.br\/index.php\/category\/noticias\/"},"img":{"alt_text":"","src":"","width":0,"height":0},"classes":[]}],"jetpack_likes_enabled":true,"jetpack_shortlink":"https:\/\/wp.me\/pcbzwa-i3","_links":{"self":[{"href":"https:\/\/mundobibliotecario.com.br\/index.php\/wp-json\/wp\/v2\/posts\/1119","targetHints":{"allow":["GET"]}}],"collection":[{"href":"https:\/\/mundobibliotecario.com.br\/index.php\/wp-json\/wp\/v2\/posts"}],"about":[{"href":"https:\/\/mundobibliotecario.com.br\/index.php\/wp-json\/wp\/v2\/types\/post"}],"author":[{"embeddable":true,"href":"https:\/\/mundobibliotecario.com.br\/index.php\/wp-json\/wp\/v2\/users\/1"}],"replies":[{"embeddable":true,"href":"https:\/\/mundobibliotecario.com.br\/index.php\/wp-json\/wp\/v2\/comments?post=1119"}],"version-history":[{"count":0,"href":"https:\/\/mundobibliotecario.com.br\/index.php\/wp-json\/wp\/v2\/posts\/1119\/revisions"}],"wp:attachment":[{"href":"https:\/\/mundobibliotecario.com.br\/index.php\/wp-json\/wp\/v2\/media?parent=1119"}],"wp:term":[{"taxonomy":"category","embeddable":true,"href":"https:\/\/mundobibliotecario.com.br\/index.php\/wp-json\/wp\/v2\/categories?post=1119"},{"taxonomy":"post_tag","embeddable":true,"href":"https:\/\/mundobibliotecario.com.br\/index.php\/wp-json\/wp\/v2\/tags?post=1119"}],"curies":[{"name":"wp","href":"https:\/\/api.w.org\/{rel}","templated":true}]}}