{"id":1138,"date":"2010-03-03T07:41:24","date_gmt":"2010-03-03T10:41:24","guid":{"rendered":"http:\/\/mundobibliotecario.wordpress.com\/?p=1138"},"modified":"2020-07-21T23:25:41","modified_gmt":"2020-07-22T02:25:41","slug":"concurso-para-professor-na-unirio","status":"publish","type":"post","link":"https:\/\/mundobibliotecario.com.br\/index.php\/2010\/03\/03\/concurso-para-professor-na-unirio\/","title":{"rendered":"Concurso para professor na UNIRIO"},"content":{"rendered":"<p>Est\u00e3o abertas as inscri\u00e7\u00f5es para professor efetivo na UNIRIO para a \u00e1rea\/disciplina: Biblioteconomia\/M\u00e9todos de ensino em Biblioteconomia. \u00c9 uma vaga para a licenciatura em biblioteconomia com carga hor\u00e1ria para o ensino \u00e0 dist\u00e2ncia e presenca e presencial. Exige mestrado.<\/p>\n<p>As inscri\u00e7\u00f5es se encerram no dia 5 de mar\u00e7o &#8211; nesta 6a feira!!<\/p>\n<p>O Edital a que se refere o concurso \u00e9 o n\u00ba 5, 2010.<br \/>\n1\u00aa p\u00e1gina:<br \/>\n2\u00aa p\u00e1gina:<br \/>\n3\u00aa p\u00e1gina: <\/p>\n<p>Programa no final da 4\u00aa p\u00e1gina e in\u00edcio da 5\u00aa p\u00e1gina:<\/p>\n","protected":false},"excerpt":{"rendered":"<p>Est\u00e3o abertas as inscri\u00e7\u00f5es para professor efetivo na UNIRIO para a \u00e1rea\/disciplina: Biblioteconomia\/M\u00e9todos de ensino em Biblioteconomia. \u00c9 uma vaga para a licenciatura em biblioteconomia com carga hor\u00e1ria para o ensino \u00e0 dist\u00e2ncia e presenca e presencial. Exige mestrado. As inscri\u00e7\u00f5es se encerram no dia 5 de mar\u00e7o &#8211; nesta 6a feira!! O Edital a &#8230; <a title=\"Concurso para professor na UNIRIO\" class=\"read-more\" href=\"https:\/\/mundobibliotecario.com.br\/index.php\/2010\/03\/03\/concurso-para-professor-na-unirio\/\" aria-label=\"Read more about Concurso para professor na UNIRIO\">Ler mais<\/a><\/p>\n","protected":false},"author":1,"featured_media":0,"comment_status":"open","ping_status":"open","sticky":false,"template":"","format":"standard","meta":{"_mi_skip_tracking":false,"_exactmetrics_sitenote_active":false,"_exactmetrics_sitenote_note":"","_exactmetrics_sitenote_category":0,"_jetpack_newsletter_access":"","footnotes":""},"categories":[168],"tags":[517],"class_list":["post-1138","post","type-post","status-publish","format-standard","hentry","category-concurso","tag-vaga-para-professor"],"jetpack_featured_media_url":"","jetpack_sharing_enabled":true,"jetpack-related-posts":[{"id":1000,"url":"https:\/\/mundobibliotecario.com.br\/index.php\/2009\/12\/01\/concurso-para-professor-mestre-na-unirio\/","url_meta":{"origin":1138,"position":0},"title":"Concurso para professor Mestre na Unirio","author":"mundobibliotecario","date":"01\/12\/2009","format":false,"excerpt":"As inscri\u00e7\u00f5es estar\u00e3o abertas durante 40 dias, a partir do dia 16 de novembro de 2009, no locais e hor\u00e1rios abaixo discriminados. CENTRO: Ci\u00eancias Humanas e Sociais (CCH) - Inscri\u00e7\u00e3o: Protocolo do CCH - Av. Pasteur, no 458 (fundos) - Urca, de 09 as 11h, e 15 as 17h. Telefone:\u2026","rel":"","context":"Em &quot;Concurso&quot;","block_context":{"text":"Concurso","link":"https:\/\/mundobibliotecario.com.br\/index.php\/category\/concurso\/"},"img":{"alt_text":"","src":"","width":0,"height":0},"classes":[]},{"id":1251,"url":"https:\/\/mundobibliotecario.com.br\/index.php\/2010\/04\/30\/concurso-professor-uff\/","url_meta":{"origin":1138,"position":1},"title":"Concurso Professor UFF","author":"mundobibliotecario","date":"30\/04\/2010","format":false,"excerpt":"Encontram-se abertas no Departamento de Ci\u00eancia da Informa\u00e7\u00e3o da Uiversidade Federal Fluminense, Rua Lara Villela 126 sala 6, Ing\u00e1 Niter\u00f3i, telefone 2629 9758, de segunda \u00e0 sexta das 14 \u00e0s 17 h\u00a0as inscri\u00e7\u00f5es para provimento de 2 vagas do cargo\u00a0 de professor assistente (mestrado) 40 H\u00a0DE\u00a0na \u00e1rea de Organiza\u00e7\u00e3o, Tratameto\u2026","rel":"","context":"Em &quot;Concurso&quot;","block_context":{"text":"Concurso","link":"https:\/\/mundobibliotecario.com.br\/index.php\/category\/concurso\/"},"img":{"alt_text":"","src":"","width":0,"height":0},"classes":[]},{"id":902,"url":"https:\/\/mundobibliotecario.com.br\/index.php\/2009\/10\/07\/usp-concurso-para-descritiva-e-informatica\/","url_meta":{"origin":1138,"position":2},"title":"USP &#8211; Concurso para Descritiva e Inform\u00e1tica","author":"mundobibliotecario","date":"07\/10\/2009","format":false,"excerpt":"Est\u00e3o abertas inscri\u00e7\u00f5es para sele\u00e7\u00e3o de professor doutor, na \u00e1rea de\u00a0 Descritiva e Inform\u00e1tica, para o curso de Biblioteconomia e Documenta\u00e7\u00e3o da ECA\/USP - campus Butant\u00e3, S\u00e3o Paulo. A vaga exige conhecimento de inform\u00e1tica, banco de dados, redes eletr\u00f4nicas, softwares aplicados \u00e0 documenta\u00e7\u00e3o e independe de gradua\u00e7\u00e3o. O edital foi\u2026","rel":"","context":"Em &quot;Concurso&quot;","block_context":{"text":"Concurso","link":"https:\/\/mundobibliotecario.com.br\/index.php\/category\/concurso\/"},"img":{"alt_text":"","src":"","width":0,"height":0},"classes":[]},{"id":1895,"url":"https:\/\/mundobibliotecario.com.br\/index.php\/2011\/03\/22\/concurso-para-professor-de-biblioteconomia-na-universidade-federal-do-ceara\/","url_meta":{"origin":1138,"position":3},"title":"Concurso para professor de Biblioteconomia na Universidade Federal do Cear\u00e1","author":"mundobibliotecario","date":"22\/03\/2011","format":false,"excerpt":"Est\u00e3o\u00a0abertas, no per\u00edodo de 10 de mar\u00e7o a 8 de abril de 2011, as inscri\u00e7\u00f5es para Concurso P\u00fablico para o cargo de Professor da Carreira do Magist\u00e9rio Superior \u2013 Classe Adjunto, regido pela Lei 8.112\/90, para o Departamento de Ci\u00eancias da Informa\u00e7\u00e3o da Universidade Federal do Cear\u00e1, regulamentado pelo Edital\u2026","rel":"","context":"Em &quot;Concurso&quot;","block_context":{"text":"Concurso","link":"https:\/\/mundobibliotecario.com.br\/index.php\/category\/concurso\/"},"img":{"alt_text":"","src":"","width":0,"height":0},"classes":[]},{"id":4292,"url":"https:\/\/mundobibliotecario.com.br\/index.php\/2016\/06\/20\/concursos-para-bibliotecario-junhojulho-2016\/","url_meta":{"origin":1138,"position":4},"title":"Concursos para bibliotec\u00e1rio &#8211; junho\/julho 2016","author":"mundobibliotecario","date":"20\/06\/2016","format":false,"excerpt":"CRB - Conselho Regional de Biblioteconomia - 14\u00aa Regi\u00e3o (SC) 1 vaga at\u00e9 R$ 2447,99 Bibliotec\u00e1rio Fiscal e Assist. Admin. M\u00e9dio \/ Superior Reaberto at\u00e9 07\/07\/2016 Palmas, Quedas de Igua\u00e7\u00fa - PR Bibliotec\u00e1rio - Instituto Federal do Paran\u00e1 2 vagas, sendo uma para Palmas e uma para Quedas de Igua\u00e7u.\u2026","rel":"","context":"Em &quot;Concurso&quot;","block_context":{"text":"Concurso","link":"https:\/\/mundobibliotecario.com.br\/index.php\/category\/concurso\/"},"img":{"alt_text":"","src":"https:\/\/mundobibliotecario.files.wordpress.com\/2016\/06\/13507267_874663929327880_1138784641324897370_n.png?w=350&h=200&crop=1","width":350,"height":200},"classes":[]},{"id":1020,"url":"https:\/\/mundobibliotecario.com.br\/index.php\/2009\/12\/22\/prefeitura-abre-600-vagas-para-a-secretaria-de-educacao-e-desporto\/","url_meta":{"origin":1138,"position":5},"title":"Prefeitura abre 600 vagas para a Secretaria de Educa\u00e7\u00e3o e Desporto","author":"mundobibliotecario","date":"22\/12\/2009","format":false,"excerpt":"As inscri\u00e7\u00f5es devem ser feitas atrav\u00e9s da internet at\u00e9 o dia 24 de janeiro de 2010. Da reda\u00e7\u00e3o Novo Hamburgo - A Prefeitura de Novo Hamburgo abre na ter\u00e7a-feira o per\u00edodo de inscri\u00e7\u00f5es para concurso p\u00fablico para o preenchimento de vagas na Secretaria Municipal de Educa\u00e7\u00e3o e Desporto (Smed). O\u2026","rel":"","context":"Em &quot;Concurso&quot;","block_context":{"text":"Concurso","link":"https:\/\/mundobibliotecario.com.br\/index.php\/category\/concurso\/"},"img":{"alt_text":"","src":"","width":0,"height":0},"classes":[]}],"jetpack_likes_enabled":true,"jetpack_shortlink":"https:\/\/wp.me\/pcbzwa-im","_links":{"self":[{"href":"https:\/\/mundobibliotecario.com.br\/index.php\/wp-json\/wp\/v2\/posts\/1138","targetHints":{"allow":["GET"]}}],"collection":[{"href":"https:\/\/mundobibliotecario.com.br\/index.php\/wp-json\/wp\/v2\/posts"}],"about":[{"href":"https:\/\/mundobibliotecario.com.br\/index.php\/wp-json\/wp\/v2\/types\/post"}],"author":[{"embeddable":true,"href":"https:\/\/mundobibliotecario.com.br\/index.php\/wp-json\/wp\/v2\/users\/1"}],"replies":[{"embeddable":true,"href":"https:\/\/mundobibliotecario.com.br\/index.php\/wp-json\/wp\/v2\/comments?post=1138"}],"version-history":[{"count":4,"href":"https:\/\/mundobibliotecario.com.br\/index.php\/wp-json\/wp\/v2\/posts\/1138\/revisions"}],"predecessor-version":[{"id":6771,"href":"https:\/\/mundobibliotecario.com.br\/index.php\/wp-json\/wp\/v2\/posts\/1138\/revisions\/6771"}],"wp:attachment":[{"href":"https:\/\/mundobibliotecario.com.br\/index.php\/wp-json\/wp\/v2\/media?parent=1138"}],"wp:term":[{"taxonomy":"category","embeddable":true,"href":"https:\/\/mundobibliotecario.com.br\/index.php\/wp-json\/wp\/v2\/categories?post=1138"},{"taxonomy":"post_tag","embeddable":true,"href":"https:\/\/mundobibliotecario.com.br\/index.php\/wp-json\/wp\/v2\/tags?post=1138"}],"curies":[{"name":"wp","href":"https:\/\/api.w.org\/{rel}","templated":true}]}}