{"id":1142,"date":"2010-03-03T07:48:16","date_gmt":"2010-03-03T10:48:16","guid":{"rendered":"http:\/\/mundobibliotecario.wordpress.com\/?p=1142"},"modified":"2020-07-22T10:47:23","modified_gmt":"2020-07-22T13:47:23","slug":"becas-para-masteres-en-universidades-espanolas","status":"publish","type":"post","link":"https:\/\/mundobibliotecario.com.br\/index.php\/2010\/03\/03\/becas-para-masteres-en-universidades-espanolas\/","title":{"rendered":"Becas para m\u00e1steres en universidades espa\u00f1olas"},"content":{"rendered":"<p>LA UNIVERSIDAD DE C\u00d3RDOBA oferta 15 becas dirigidas a estudiantes iberoamericanos para realizar estudios oficiales de Master Universitario en esta Universidad.<\/p>\n<p>Plazos de solicitud:<\/p>\n<p>Primer plazo hasta el 15 de marzo de 2010<br \/>\nSegundo plazo hasta el 15 de abril de 201<br \/>\nPara m\u00e1s informaci\u00f3n: aqu\u00ed<\/p>\n<p>LA UNIVERSIDAD DE VALLADOLID con el patrocinio del Banco de Santander, convoca 27 becas destinadas a residentes en Iberoam\u00e9rica, con preferencia Brasil, para la realizaci\u00f3n de Masteres Oficiales en esta Universidad.<\/p>\n<p>Plazo de solicitud: hasta el 31 de marzo de 2010<\/p>\n<p>Para m\u00e1s informaci\u00f3n: aqu\u00ed<\/p>\n","protected":false},"excerpt":{"rendered":"<p>LA UNIVERSIDAD DE C\u00d3RDOBA oferta 15 becas dirigidas a estudiantes iberoamericanos para realizar estudios oficiales de Master Universitario en esta Universidad. Plazos de solicitud: Primer plazo hasta el 15 de marzo de 2010 Segundo plazo hasta el 15 de abril de 201 Para m\u00e1s informaci\u00f3n: aqu\u00ed LA UNIVERSIDAD DE VALLADOLID con el patrocinio del Banco &#8230; <a title=\"Becas para m\u00e1steres en universidades espa\u00f1olas\" class=\"read-more\" href=\"https:\/\/mundobibliotecario.com.br\/index.php\/2010\/03\/03\/becas-para-masteres-en-universidades-espanolas\/\" aria-label=\"Read more about Becas para m\u00e1steres en universidades espa\u00f1olas\">Ler mais<\/a><\/p>\n","protected":false},"author":1,"featured_media":0,"comment_status":"open","ping_status":"open","sticky":false,"template":"","format":"standard","meta":{"_mi_skip_tracking":false,"_exactmetrics_sitenote_active":false,"_exactmetrics_sitenote_note":"","_exactmetrics_sitenote_category":0,"_jetpack_newsletter_access":"","footnotes":""},"categories":[175],"tags":[528,529],"class_list":["post-1142","post","type-post","status-publish","format-standard","hentry","category-curso-de-pos-graduacao","tag-universidad-de-cordoba","tag-universidad-de-valladolid"],"jetpack_featured_media_url":"","jetpack_sharing_enabled":true,"jetpack-related-posts":[{"id":1905,"url":"https:\/\/mundobibliotecario.com.br\/index.php\/2011\/03\/25\/bolsas-de-estudo-de-biblioteconomia-na-espanha\/","url_meta":{"origin":1142,"position":0},"title":"Bolsas de estudo de Biblioteconomia na Espanha","author":"mundobibliotecario","date":"25\/03\/2011","format":false,"excerpt":"Encontrei essa semana uma not\u00edcia sobre bolsa de estudos de Biblioteconomia na Espanha no blog Coisa de Bibliotec\u00e1rio. A outra oportunidade recebi por e-mail e divulgo abaixo. Boa sorte! La Universidad de Salamanca ha convocado 94 becas internacionales de movilidad para realizar estudios de t\u00edtulo oficial de M\u00e1ster destinadas a\u2026","rel":"","context":"Em &quot;Curso de P\u00f3s-Gradua\u00e7\u00e3o&quot;","block_context":{"text":"Curso de P\u00f3s-Gradua\u00e7\u00e3o","link":"https:\/\/mundobibliotecario.com.br\/index.php\/category\/curso-de-pos-graduacao\/"},"img":{"alt_text":"","src":"","width":0,"height":0},"classes":[]},{"id":1506,"url":"https:\/\/mundobibliotecario.com.br\/index.php\/2010\/10\/12\/segundo-congreso-internacional-de-editores-redalyc\/","url_meta":{"origin":1142,"position":1},"title":"Segundo Congreso Internacional de Editores Redalyc","author":"mundobibliotecario","date":"12\/10\/2010","format":false,"excerpt":"En el marco del octavo aniversario del Sistema de Informaci\u00f3n Cient\u00edfica Redalyc \u2013 proyecto desarrollado desde su inicio por la Universidad Aut\u00f3noma del Estado de M\u00e9xico\u2013 y gracias al apoyo brindado por la Universidad Austral de Chile y la Pontificia Universidad Cat\u00f3lica de Valpara\u00edso, nos complace invitar a editores cient\u00edficos,\u2026","rel":"","context":"Em &quot;Eventos&quot;","block_context":{"text":"Eventos","link":"https:\/\/mundobibliotecario.com.br\/index.php\/category\/eventos\/"},"img":{"alt_text":"","src":"","width":0,"height":0},"classes":[]},{"id":454,"url":"https:\/\/mundobibliotecario.com.br\/index.php\/2009\/03\/12\/salao-do-estudante-procurando-por-biblioteconomia-no-mundo\/","url_meta":{"origin":1142,"position":2},"title":"Sal\u00e3o do Estudante: procurando por biblioteconomia no mundo&#8230;","author":"mundobibliotecario","date":"12\/03\/2009","format":false,"excerpt":"12 de mar\u00e7o: dia do bibliotec\u00e1rio! Para o dia de hoje, preparei este post para os colegas bibliotec\u00e1rios. Parab\u00e9ns a todos! Estive no Sal\u00e3o do Estudante no \u00faltimo s\u00e1bado procurando por cursos p\u00f3s-gradua\u00e7\u00e3o de biblioteconomia no mundo. Para quem n\u00e3o conhece, o Sal\u00e3o do Estudante \u00e9 uma feira de interc\u00e2mbio\u2026","rel":"","context":"Em &quot;Curso de P\u00f3s-Gradua\u00e7\u00e3o&quot;","block_context":{"text":"Curso de P\u00f3s-Gradua\u00e7\u00e3o","link":"https:\/\/mundobibliotecario.com.br\/index.php\/category\/curso-de-pos-graduacao\/"},"img":{"alt_text":"","src":"","width":0,"height":0},"classes":[]},{"id":1514,"url":"https:\/\/mundobibliotecario.com.br\/index.php\/2010\/10\/13\/desafio-de-adoptar-un-mandato-de-acceso-abierto-para-la-semana-de-acceso-abierto\/","url_meta":{"origin":1142,"position":3},"title":"Desafio de adoptar un mandato de acceso abierto para la semana de Acceso Abierto","author":"mundobibliotecario","date":"13\/10\/2010","format":false,"excerpt":"La University of Southampton\/EPrints ha lanzada un desaf\u00edo de una semana: el \u201cOpen Access Mandate Adoption Challenge for OA Week\u201d (\u201cDesafio de adoptar un mandato de acceso abierto para la semana de Acceso Abierto\u201d). http:\/\/www.openaccessweek.org\/events\/oa-mandate-adoption-challenge-1 Los Representantes de universidades, instituciones y financiadores de investigaci\u00f3n por el mundo que ya han\u2026","rel":"","context":"Em &quot;Not\u00edcias&quot;","block_context":{"text":"Not\u00edcias","link":"https:\/\/mundobibliotecario.com.br\/index.php\/category\/noticias\/"},"img":{"alt_text":"","src":"","width":0,"height":0},"classes":[]},{"id":2370,"url":"https:\/\/mundobibliotecario.com.br\/index.php\/2011\/12\/20\/estudo-fesabid-sobre-a-profissao-de-bibliotecario-na-espanha\/","url_meta":{"origin":1142,"position":4},"title":"Estudo FESABID sobre a profiss\u00e3o de bibliotec\u00e1rio na Espanha","author":"mundobibliotecario","date":"20\/12\/2011","format":false,"excerpt":"Considero relevante compartilhar com os leitores o estudo \"Prospectiva de una profesi\u00f3n en constante evoluci\u00f3n\", realizado pela FESABID, tanto por abordar o perfil do profissional da informa\u00e7\u00e3o como por mostrar algumas tend\u00eancias. Alguns pontos em comum com o que se discute no Brasil, pelo menos at\u00e9 onde tenho acompanhado, s\u00e3o\u2026","rel":"","context":"Em &quot;Not\u00edcias&quot;","block_context":{"text":"Not\u00edcias","link":"https:\/\/mundobibliotecario.com.br\/index.php\/category\/noticias\/"},"img":{"alt_text":"","src":"","width":0,"height":0},"classes":[]},{"id":2006,"url":"https:\/\/mundobibliotecario.com.br\/index.php\/2011\/05\/05\/bem-vindos-a-metabiblioteca-org\/","url_meta":{"origin":1142,"position":5},"title":"Bem-vindos a Metabiblioteca.org!","author":"mundobibliotecario","date":"05\/05\/2011","format":false,"excerpt":"\u00d3tima iniciativa! Vale a pena conferir! Bienvenidos a la Iniciativa Metabiblioteca.org Metabiblioteca es una iniciativa sin \u00e1nimo de lucro, desarrollado alrededor de una comunidad de personas e instituciones en la cual se incluyen docentes, estudiantes, profesionales y expertos del \u00e1rea de los sistemas de informaci\u00f3n, bibliotecolog\u00eda y archiv\u00edstica. As\u00ed mismo,\u2026","rel":"","context":"Em &quot;N\u00e3o classificado&quot;","block_context":{"text":"N\u00e3o classificado","link":"https:\/\/mundobibliotecario.com.br\/index.php\/category\/nao-classificado\/"},"img":{"alt_text":"","src":"","width":0,"height":0},"classes":[]}],"jetpack_likes_enabled":true,"jetpack_shortlink":"https:\/\/wp.me\/pcbzwa-iq","_links":{"self":[{"href":"https:\/\/mundobibliotecario.com.br\/index.php\/wp-json\/wp\/v2\/posts\/1142","targetHints":{"allow":["GET"]}}],"collection":[{"href":"https:\/\/mundobibliotecario.com.br\/index.php\/wp-json\/wp\/v2\/posts"}],"about":[{"href":"https:\/\/mundobibliotecario.com.br\/index.php\/wp-json\/wp\/v2\/types\/post"}],"author":[{"embeddable":true,"href":"https:\/\/mundobibliotecario.com.br\/index.php\/wp-json\/wp\/v2\/users\/1"}],"replies":[{"embeddable":true,"href":"https:\/\/mundobibliotecario.com.br\/index.php\/wp-json\/wp\/v2\/comments?post=1142"}],"version-history":[{"count":2,"href":"https:\/\/mundobibliotecario.com.br\/index.php\/wp-json\/wp\/v2\/posts\/1142\/revisions"}],"predecessor-version":[{"id":7525,"href":"https:\/\/mundobibliotecario.com.br\/index.php\/wp-json\/wp\/v2\/posts\/1142\/revisions\/7525"}],"wp:attachment":[{"href":"https:\/\/mundobibliotecario.com.br\/index.php\/wp-json\/wp\/v2\/media?parent=1142"}],"wp:term":[{"taxonomy":"category","embeddable":true,"href":"https:\/\/mundobibliotecario.com.br\/index.php\/wp-json\/wp\/v2\/categories?post=1142"},{"taxonomy":"post_tag","embeddable":true,"href":"https:\/\/mundobibliotecario.com.br\/index.php\/wp-json\/wp\/v2\/tags?post=1142"}],"curies":[{"name":"wp","href":"https:\/\/api.w.org\/{rel}","templated":true}]}}