{"id":1172,"date":"2010-03-17T12:42:36","date_gmt":"2010-03-17T15:42:36","guid":{"rendered":"http:\/\/mundobibliotecario.wordpress.com\/?p=1172"},"modified":"2020-07-21T23:55:36","modified_gmt":"2020-07-22T02:55:36","slug":"seminario-sobre-educacao-e-direitos-autorais","status":"publish","type":"post","link":"https:\/\/mundobibliotecario.com.br\/index.php\/2010\/03\/17\/seminario-sobre-educacao-e-direitos-autorais\/","title":{"rendered":"Semin\u00e1rio sobre educa\u00e7\u00e3o e direitos autorais"},"content":{"rendered":"<p><strong>Semin\u00e1rio debate direito \u00e0 educa\u00e7\u00e3o e os limites da atual lei de direitos autorais<\/strong><\/p>\n<p><em>Evento acontece no pr\u00f3ximo s\u00e1bado (13\/03), das 10h \u00e0s 17h, em S\u00e3o Paulo. Inscri\u00e7\u00f5es s\u00e3o gratuitas.<\/em><br \/>\nAs tecnologias digitais ampliaram consideravelmente as possibilidades de acesso \u00e0 informa\u00e7\u00e3o e ao conhecimento e t\u00eam entusiasmado educadores, pesquisadores e estudantes no debate sobre a incorpora\u00e7\u00e3o desses recursos na escola para melhorar a qualidade da educa\u00e7\u00e3o.<\/p>\n<p>No entanto, a legisla\u00e7\u00e3o de direitos autorais em vigor apresenta restri\u00e7\u00f5es ao pleno desenvolvimento dos processos educativos. A Lei de Direitos Autorais (a chamada LDA, lei 9.610, de 1998) n\u00e3o permite que m\u00fasicas, filmes, fotos, c\u00f3pias de textos \u2013 mesmo aqueles que est\u00e3o fora de circula\u00e7\u00e3o comercial \u2013 sejam usados para fins did\u00e1ticos e educacionais. Escolas e universidades, assim como organiza\u00e7\u00f5es n\u00e3o-governamentais que trabalham com atividades de forma\u00e7\u00e3o, est\u00e3o sujeitas a esses limites.<\/p>\n<p>O EducaRede convida voc\u00ea a participar de um encontro idealizado por organiza\u00e7\u00f5es envolvidas com o tema \u2013 A\u00e7\u00e3o Educativa, Casa da Cultura Digital, GPopai-USP, Idec, Instituto Paulo Freire, Intervozes e M\u00fasica Para Baixar \u2013 para debater os limites da atual LDA e os pontos necess\u00e1rios em uma reforma para que se equilibrem os direitos do autor e o direito \u00e0 educa\u00e7\u00e3o. As inscri\u00e7\u00f5es s\u00e3o gratuitas. Saiba mais.<\/p>\n","protected":false},"excerpt":{"rendered":"<p>Semin\u00e1rio debate direito \u00e0 educa\u00e7\u00e3o e os limites da atual lei de direitos autorais Evento acontece no pr\u00f3ximo s\u00e1bado (13\/03), das 10h \u00e0s 17h, em S\u00e3o Paulo. Inscri\u00e7\u00f5es s\u00e3o gratuitas. As tecnologias digitais ampliaram consideravelmente as possibilidades de acesso \u00e0 informa\u00e7\u00e3o e ao conhecimento e t\u00eam entusiasmado educadores, pesquisadores e estudantes no debate sobre a &#8230; <a title=\"Semin\u00e1rio sobre educa\u00e7\u00e3o e direitos autorais\" class=\"read-more\" href=\"https:\/\/mundobibliotecario.com.br\/index.php\/2010\/03\/17\/seminario-sobre-educacao-e-direitos-autorais\/\" aria-label=\"Read more about Semin\u00e1rio sobre educa\u00e7\u00e3o e direitos autorais\">Ler mais<\/a><\/p>\n","protected":false},"author":1,"featured_media":0,"comment_status":"open","ping_status":"open","sticky":false,"template":"","format":"standard","meta":{"_mi_skip_tracking":false,"_exactmetrics_sitenote_active":false,"_exactmetrics_sitenote_note":"","_exactmetrics_sitenote_category":0,"_jetpack_newsletter_access":"","footnotes":""},"categories":[60],"tags":[76,327],"class_list":["post-1172","post","type-post","status-publish","format-standard","hentry","category-noticias","tag-direito-autoral","tag-educacao"],"jetpack_featured_media_url":"","jetpack_sharing_enabled":true,"jetpack-related-posts":[{"id":1372,"url":"https:\/\/mundobibliotecario.com.br\/index.php\/2010\/07\/18\/direitos-autorais-um-debate-com-toda-a-sociedade\/","url_meta":{"origin":1172,"position":0},"title":"Direitos Autorais: um debate com toda a sociedade","author":"mundobibliotecario","date":"18\/07\/2010","format":false,"excerpt":"Fonte: Semin\u00e1rio em S\u00e3o Paulo 'Direitos Autorais: um debate com toda a sociedade', na segunda-feira, 19 de julho Nesta segunda-feira, 19 de julho, a partir das 9h, em Tucarena (Rua Monte Alegre, 1024, Perdizes), em S\u00e3o Paulo, acontece o semin\u00e1rio Direitos Autorais: um debate com toda a sociedade. Organizado pelo\u2026","rel":"","context":"Em &quot;Eventos&quot;","block_context":{"text":"Eventos","link":"https:\/\/mundobibliotecario.com.br\/index.php\/category\/eventos\/"},"img":{"alt_text":"","src":"","width":0,"height":0},"classes":[]},{"id":1907,"url":"https:\/\/mundobibliotecario.com.br\/index.php\/2011\/03\/25\/minc-divulga-texto-da-reforma-da-lei-dos-direitos-autorais\/","url_meta":{"origin":1172,"position":1},"title":"MinC divulga texto da reforma da Lei dos Direitos Autorais","author":"mundobibliotecario","date":"25\/03\/2011","format":false,"excerpt":"MinC torna p\u00fablico texto entregue \u00e0 Casa Civil em 2010; cronograma ser\u00e1 divulgado em at\u00e9 30 dias O Minist\u00e9rio da Cultura torna p\u00fablico a partir de hoje (22\/3), no seu portal na internet, o texto da reforma da Lei dos Direitos Autorais entregue \u00e0 Casa Civil em 23 de dezembro\u2026","rel":"","context":"Em &quot;Not\u00edcias&quot;","block_context":{"text":"Not\u00edcias","link":"https:\/\/mundobibliotecario.com.br\/index.php\/category\/noticias\/"},"img":{"alt_text":"","src":"","width":0,"height":0},"classes":[]},{"id":2092,"url":"https:\/\/mundobibliotecario.com.br\/index.php\/2011\/06\/23\/ana-de-hollanda-diz-que-os-interesses-do-autor-sao-prioridade\/","url_meta":{"origin":1172,"position":2},"title":"Ana de Hollanda diz que os interesses do autor s\u00e3o prioridade","author":"mundobibliotecario","date":"23\/06\/2011","format":false,"excerpt":"31\/05\/2011 - 15h18 N\u00c1DIA GUERLENDA CABRAL DE BRAS\u00cdLIA Atualizado \u00e0s 17h08. Na manh\u00e3 desta ter\u00e7a-feira (31), a ministra da Cultura, Ana de Hollanda, afirmou que o foco da reforma dos direitos autorais s\u00e3o os interesses do autor. \"O autor \u00e9 senhor de sua obra e deseja que ela circule. Este\u2026","rel":"","context":"Em &quot;Not\u00edcias&quot;","block_context":{"text":"Not\u00edcias","link":"https:\/\/mundobibliotecario.com.br\/index.php\/category\/noticias\/"},"img":{"alt_text":"","src":"","width":0,"height":0},"classes":[]},{"id":4035,"url":"https:\/\/mundobibliotecario.com.br\/index.php\/2015\/11\/05\/fazendo-nossa-licao-de-casa-de-direito-autoral\/","url_meta":{"origin":1172,"position":3},"title":"Fazendo nossa li\u00e7\u00e3o de casa de direito autoral","author":"mundobibliotecario","date":"05\/11\/2015","format":false,"excerpt":"Quando comecei na biblioteca escolar muitos anos atr\u00e1s, n\u00e3o sabia que eu estaria pensando sobre direitos autorais em uma base regular. Postamos um aviso de direitos autorais sobre cada fotocopiadora para evitar que os usu\u00e1rios da biblioteca violem a lei, mas quest\u00f5es sobre se algo foi legal ou n\u00e3o surgiram\u2026","rel":"","context":"Em &quot;Not\u00edcias&quot;","block_context":{"text":"Not\u00edcias","link":"https:\/\/mundobibliotecario.com.br\/index.php\/category\/noticias\/"},"img":{"alt_text":"","src":"","width":0,"height":0},"classes":[]},{"id":4447,"url":"https:\/\/mundobibliotecario.com.br\/index.php\/2017\/01\/03\/lei-obriga-escolas-a-ter-biblioteca-bibliotecario-e-um-livro-por-aluno\/","url_meta":{"origin":1172,"position":4},"title":"Lei obriga escolas a ter biblioteca, bibliotec\u00e1rio e um livro por aluno","author":"mundobibliotecario","date":"03\/01\/2017","format":false,"excerpt":"O Projeto de Lei que obriga toda escola a ter biblioteca, bibliotec\u00e1rio e, no m\u00ednimo, um livro por aluno, de autoria do deputado estadual Jos\u00e9 Ricardo Wendling (PT), foi promulgado nesta quinta-feira (22) pelo plen\u00e1rio da Assembleia Legislativa do Amazonas (Aleam), passando a vigorar na data da publica\u00e7\u00e3o. A proposta\u2026","rel":"","context":"Em &quot;Not\u00edcias&quot;","block_context":{"text":"Not\u00edcias","link":"https:\/\/mundobibliotecario.com.br\/index.php\/category\/noticias\/"},"img":{"alt_text":"","src":"","width":0,"height":0},"classes":[]},{"id":3537,"url":"https:\/\/mundobibliotecario.com.br\/index.php\/2014\/07\/14\/projeto-estabelece-divulgacao-obrigatoria-de-trabalho-de-conclusao-de-curso\/","url_meta":{"origin":1172,"position":5},"title":"Projeto estabelece divulga\u00e7\u00e3o obrigat\u00f3ria de trabalho de conclus\u00e3o de curso","author":"mundobibliotecario","date":"14\/07\/2014","format":false,"excerpt":"Marilia Co\u00ealho Para evitar pl\u00e1gio e coibir a venda de monografias, projeto de lei altera a Lei de Diretrizes e Bases da Educa\u00e7\u00e3o (LDB) para determinar o car\u00e1ter p\u00fablico de trabalhos acad\u00eamicos de conclus\u00e3o de curso superior. O\u00a0PLS 199\/2012, do senador Blairo Maggi (PR-MT), est\u00e1 pronto para ser votado na\u2026","rel":"","context":"Em &quot;Not\u00edcias&quot;","block_context":{"text":"Not\u00edcias","link":"https:\/\/mundobibliotecario.com.br\/index.php\/category\/noticias\/"},"img":{"alt_text":"","src":"","width":0,"height":0},"classes":[]}],"jetpack_likes_enabled":true,"jetpack_shortlink":"https:\/\/wp.me\/pcbzwa-iU","_links":{"self":[{"href":"https:\/\/mundobibliotecario.com.br\/index.php\/wp-json\/wp\/v2\/posts\/1172","targetHints":{"allow":["GET"]}}],"collection":[{"href":"https:\/\/mundobibliotecario.com.br\/index.php\/wp-json\/wp\/v2\/posts"}],"about":[{"href":"https:\/\/mundobibliotecario.com.br\/index.php\/wp-json\/wp\/v2\/types\/post"}],"author":[{"embeddable":true,"href":"https:\/\/mundobibliotecario.com.br\/index.php\/wp-json\/wp\/v2\/users\/1"}],"replies":[{"embeddable":true,"href":"https:\/\/mundobibliotecario.com.br\/index.php\/wp-json\/wp\/v2\/comments?post=1172"}],"version-history":[{"count":1,"href":"https:\/\/mundobibliotecario.com.br\/index.php\/wp-json\/wp\/v2\/posts\/1172\/revisions"}],"predecessor-version":[{"id":7445,"href":"https:\/\/mundobibliotecario.com.br\/index.php\/wp-json\/wp\/v2\/posts\/1172\/revisions\/7445"}],"wp:attachment":[{"href":"https:\/\/mundobibliotecario.com.br\/index.php\/wp-json\/wp\/v2\/media?parent=1172"}],"wp:term":[{"taxonomy":"category","embeddable":true,"href":"https:\/\/mundobibliotecario.com.br\/index.php\/wp-json\/wp\/v2\/categories?post=1172"},{"taxonomy":"post_tag","embeddable":true,"href":"https:\/\/mundobibliotecario.com.br\/index.php\/wp-json\/wp\/v2\/tags?post=1172"}],"curies":[{"name":"wp","href":"https:\/\/api.w.org\/{rel}","templated":true}]}}