{"id":1185,"date":"2010-03-31T09:15:56","date_gmt":"2010-03-31T12:15:56","guid":{"rendered":"http:\/\/mundobibliotecario.wordpress.com\/?p=1185"},"modified":"2010-03-31T09:15:56","modified_gmt":"2010-03-31T12:15:56","slug":"vaga-para-analista-de-informacoes","status":"publish","type":"post","link":"https:\/\/mundobibliotecario.com.br\/index.php\/2010\/03\/31\/vaga-para-analista-de-informacoes\/","title":{"rendered":"Vaga para Analista de Informa\u00e7\u00f5es"},"content":{"rendered":"<p>O Sistema Ind\u00fastria precisa de Analista de Informa\u00e7\u00f5es para trabalhar em Bras\u00edlia. Cadastro de curr\u00edculo: www.vagas.com.br\/cni<br \/>\nAnalista de  Informa\u00e7\u00f5es (Normaliza\u00e7\u00e3o)<br \/>\nPr\u00e9-requisitos:<br \/>\n\u2022 Ensino Superior  completo em Biblioteconomia<br \/>\n\u2022 Experi\u00eancia em Normaliza\u00e7\u00e3o,  Indexa\u00e7\u00e3o, Classifica\u00e7\u00e3o ou Cataloga\u00e7\u00e3o<br \/>\n\u2022 Conhecimento em normas da  ABNT, cataloga\u00e7\u00e3o (AACR2), Classifica\u00e7\u00e3o (CDU)<br \/>\nIndexa\u00e7\u00e3o<br \/>\n\u2022  Desej\u00e1vel conhecimento:<br \/>\no Intermedi\u00e1rio de Word, Excel e Power Point<br \/>\no B\u00e1sico de atribui\u00e7\u00e3o de ISB e ISSN<br \/>\no B\u00e1sico de Ingl\u00eas<br \/>\no  Apresenta\u00e7\u00e3o tabular do IBGE e tabela Cutter<br \/>\no Direito Autoral<br \/>\nAnalista de Informa\u00e7\u00f5es (Gest\u00e3o do Conhecimento)<br \/>\nPr\u00e9-requisitos:<br \/>\n\u2022 Ensino Superior completo preferencialmente em Biblioteconomia ou Administra\u00e7\u00e3o<br \/>\n\u2022 P\u00f3s Gradua\u00e7\u00e3o completa preferencialmente em Gest\u00e3o  do Conhecimento, Intelig\u00eancia Competitiva ou Ci\u00eancia da Informa\u00e7\u00e3o<br \/>\n\u2022 Experi\u00eancia na \u00e1rea de Informa\u00e7\u00e3o e Documenta\u00e7\u00e3o, preferencialmente  em Gest\u00e3o do Conhecimento ou Intelig\u00eancia Competitiva<br \/>\n\u2022  Conhecimento em Gest\u00e3o do Conhecimento ou Intelig\u00eancia Competitiva<br \/>\n\u2022  Desej\u00e1vel conhecimento:<br \/>\no Intermedi\u00e1rio de Word, Excel e Power  Point<br \/>\no Avan\u00e7ado do idioma Ingl\u00eas<br \/>\no Base de dados e Portais  Corporativos<\/p>\n","protected":false},"excerpt":{"rendered":"<p>O Sistema Ind\u00fastria precisa de Analista de Informa\u00e7\u00f5es para trabalhar em Bras\u00edlia. Cadastro de curr\u00edculo: www.vagas.com.br\/cni Analista de Informa\u00e7\u00f5es (Normaliza\u00e7\u00e3o) Pr\u00e9-requisitos: \u2022 Ensino Superior completo em Biblioteconomia \u2022 Experi\u00eancia em Normaliza\u00e7\u00e3o, Indexa\u00e7\u00e3o, Classifica\u00e7\u00e3o ou Cataloga\u00e7\u00e3o \u2022 Conhecimento em normas da ABNT, cataloga\u00e7\u00e3o (AACR2), Classifica\u00e7\u00e3o (CDU) Indexa\u00e7\u00e3o \u2022 Desej\u00e1vel conhecimento: o Intermedi\u00e1rio de Word, Excel e &#8230; <a title=\"Vaga para Analista de Informa\u00e7\u00f5es\" class=\"read-more\" href=\"https:\/\/mundobibliotecario.com.br\/index.php\/2010\/03\/31\/vaga-para-analista-de-informacoes\/\" aria-label=\"Read more about Vaga para Analista de Informa\u00e7\u00f5es\">Ler mais<\/a><\/p>\n","protected":false},"author":1,"featured_media":0,"comment_status":"open","ping_status":"open","sticky":false,"template":"","format":"standard","meta":{"_mi_skip_tracking":false,"_exactmetrics_sitenote_active":false,"_exactmetrics_sitenote_note":"","_exactmetrics_sitenote_category":0,"_jetpack_newsletter_access":"","footnotes":""},"categories":[195],"tags":[331,540],"class_list":["post-1185","post","type-post","status-publish","format-standard","hentry","category-emprego","tag-brasilia","tag-vaga-para-analista-de-informacoes"],"jetpack_featured_media_url":"","jetpack_sharing_enabled":true,"jetpack-related-posts":[{"id":1583,"url":"https:\/\/mundobibliotecario.com.br\/index.php\/2010\/11\/26\/vaga-analista-de-informacoes\/","url_meta":{"origin":1185,"position":0},"title":"Vaga &#8211; Analista de informa\u00e7\u00f5es","author":"mundobibliotecario","date":"26\/11\/2010","format":false,"excerpt":"ANALISTA DE INFORMA\u00c7\u00d5ES \u00c1rea: Centro de Informa\u00e7\u00f5es Bibliogr\u00e1ficas - CIB Local de trabalho: Cajamar Atividades: - Execu\u00e7\u00e3o de pesquisas de dados, informa\u00e7\u00f5es e conte\u00fados com foco em economia, mercado e concorr\u00eancia; - Prospec\u00e7\u00e3o, acompanhamento, sele\u00e7\u00e3o e dissemina\u00e7\u00e3o di\u00e1ria de informa\u00e7\u00f5es, not\u00edcias, mat\u00e9rias e relat\u00f3rios sobre a concorr\u00eancia nacional e internacional;\u2026","rel":"","context":"Em &quot;Emprego&quot;","block_context":{"text":"Emprego","link":"https:\/\/mundobibliotecario.com.br\/index.php\/category\/emprego\/"},"img":{"alt_text":"","src":"","width":0,"height":0},"classes":[]},{"id":2419,"url":"https:\/\/mundobibliotecario.com.br\/index.php\/2012\/01\/25\/vaga-e-concurso-para-bibliotecario-2\/","url_meta":{"origin":1185,"position":1},"title":"Vaga e concurso para bibliotec\u00e1rio","author":"mundobibliotecario","date":"25\/01\/2012","format":false,"excerpt":"Bibliotec\u00e1rio(a) - Institui\u00e7\u00e3o de Ensino Superior Requisitos: forma\u00e7\u00e3o superior completa em Biblioteconomia; 06 meses de experi\u00eancia profissional comprovada como bibliotec\u00e1rio(a) ou 06 meses como estagi\u00e1rio(a) em biblioteca universit\u00e1ria; conhecimento de cataloga\u00e7\u00e3o em AACR2, formato MARC21, classifica\u00e7\u00e3o em CDD e Doris, indexa\u00e7\u00e3o de documentos; conhecimento do pacote MS Office. Desej\u00e1vel: experi\u00eancia\u2026","rel":"","context":"Em &quot;Concurso&quot;","block_context":{"text":"Concurso","link":"https:\/\/mundobibliotecario.com.br\/index.php\/category\/concurso\/"},"img":{"alt_text":"","src":"","width":0,"height":0},"classes":[]},{"id":2750,"url":"https:\/\/mundobibliotecario.com.br\/index.php\/2012\/11\/15\/concursos-para-bibliotecario-em-2012\/","url_meta":{"origin":1185,"position":2},"title":"Concursos para bibliotec\u00e1rio em 2012","author":"mundobibliotecario","date":"15\/11\/2012","format":false,"excerpt":"Ainda h\u00e1 concursos para bibliotec\u00e1rio neste ano em diversas regi\u00f5es. Confira! MG\u00a0Prefeitura de Concei\u00e7\u00e3o do Mato Dentro As oportunidades para quem n\u00edvel superior s\u00e3o para superior s\u00e3o para professor PI, professor PII nas disciplinas de portugu\u00eas, matem\u00e1tica, hist\u00f3ria, geografia, ci\u00eancias, ingl\u00eas, educa\u00e7\u00e3o f\u00edsica, educa\u00e7\u00e3o ambiental, ensino religioso e educa\u00e7\u00e3o art\u00edstica,\u2026","rel":"","context":"Em &quot;Concurso&quot;","block_context":{"text":"Concurso","link":"https:\/\/mundobibliotecario.com.br\/index.php\/category\/concurso\/"},"img":{"alt_text":"","src":"","width":0,"height":0},"classes":[]},{"id":366,"url":"https:\/\/mundobibliotecario.com.br\/index.php\/2009\/02\/12\/concurso-de-biblioteconomia-trtes\/","url_meta":{"origin":1185,"position":3},"title":"Concurso &#8211; TRT\/ES","author":"mundobibliotecario","date":"12\/02\/2009","format":false,"excerpt":"Sexta-feira, 30 de janeiro de 2009 \u00a0 \u00a0 TRT\/ES Sal\u00e1rio de R$ 4 mil para cargo de n\u00edvel m\u00e9dio O Tribunal Regional do Trabalho (TRT) do Esp\u00edrito Santo publicou edital anunciando concurso de 145 vagas de analista e t\u00e9cnico judici\u00e1rio. O sal\u00e1rio para n\u00edvel m\u00e9dio \u00e9 de R$ 4 mil.\u2026","rel":"","context":"Em &quot;Concurso&quot;","block_context":{"text":"Concurso","link":"https:\/\/mundobibliotecario.com.br\/index.php\/category\/concurso\/"},"img":{"alt_text":"","src":"","width":0,"height":0},"classes":[]},{"id":926,"url":"https:\/\/mundobibliotecario.com.br\/index.php\/2009\/10\/19\/vaga-senai-concordia\/","url_meta":{"origin":1185,"position":4},"title":"Vaga &#8211; SENAI Conc\u00f3rdia","author":"mundobibliotecario","date":"19\/10\/2009","format":false,"excerpt":"Maiores informa\u00e7\u00f5es: www.sc.senai.br - Link Tranalhe Conosco 211\/2009 - Processo Seletivo Conc\u00f3rdia - Analista Bibliotec\u00e1rio, Cadastrado em 16\/10\/2009 - Unidade : Conc\u00f3rdia (Conc\u00f3rdia) VAGA N.\u00ba OS 788\/2009 \u2013 01 Vaga Cargo: Analista Fun\u00e7\u00e3o: Bibliotec\u00e1rio Sal\u00e1rio: R$ 2.037,52 Carga hor\u00e1ria Mensal: 220 h Per\u00edodo: 13:30 \u00e0s 17:30 e 18:30 \u00e0s 22:30\u2026","rel":"","context":"Em &quot;Emprego&quot;","block_context":{"text":"Emprego","link":"https:\/\/mundobibliotecario.com.br\/index.php\/category\/emprego\/"},"img":{"alt_text":"","src":"","width":0,"height":0},"classes":[]},{"id":3249,"url":"https:\/\/mundobibliotecario.com.br\/index.php\/2013\/09\/24\/ibge-lanca-editais-com-420-vagas-em-tres-carreiras\/","url_meta":{"origin":1185,"position":5},"title":"IBGE lan\u00e7a editais com 420 vagas em tr\u00eas carreiras","author":"mundobibliotecario","date":"24\/09\/2013","format":false,"excerpt":"H\u00e1 vagas para biblioteconomia e arquivologia. Confira! *** A espera pela libera\u00e7\u00e3o de\u00a0concursos\u00a0pelo Instituto Brasileiro de Geografia e Estat\u00edstica (IBGE) acabou nesta segunda-feira (23), com a divulga\u00e7\u00e3o de dois editais no Di\u00e1rio Oficial da Uni\u00e3o (se\u00e7\u00e3o 3). \u00a0Para o\u00a0cargo\u00a0de t\u00e9cnico em informa\u00e7\u00f5es geogr\u00e1ficas e estat\u00edsticas h\u00e1 300 vagas, com 5%\u2026","rel":"","context":"Em &quot;Not\u00edcias&quot;","block_context":{"text":"Not\u00edcias","link":"https:\/\/mundobibliotecario.com.br\/index.php\/category\/noticias\/"},"img":{"alt_text":"","src":"","width":0,"height":0},"classes":[]}],"jetpack_likes_enabled":true,"jetpack_shortlink":"https:\/\/wp.me\/pcbzwa-j7","_links":{"self":[{"href":"https:\/\/mundobibliotecario.com.br\/index.php\/wp-json\/wp\/v2\/posts\/1185","targetHints":{"allow":["GET"]}}],"collection":[{"href":"https:\/\/mundobibliotecario.com.br\/index.php\/wp-json\/wp\/v2\/posts"}],"about":[{"href":"https:\/\/mundobibliotecario.com.br\/index.php\/wp-json\/wp\/v2\/types\/post"}],"author":[{"embeddable":true,"href":"https:\/\/mundobibliotecario.com.br\/index.php\/wp-json\/wp\/v2\/users\/1"}],"replies":[{"embeddable":true,"href":"https:\/\/mundobibliotecario.com.br\/index.php\/wp-json\/wp\/v2\/comments?post=1185"}],"version-history":[{"count":0,"href":"https:\/\/mundobibliotecario.com.br\/index.php\/wp-json\/wp\/v2\/posts\/1185\/revisions"}],"wp:attachment":[{"href":"https:\/\/mundobibliotecario.com.br\/index.php\/wp-json\/wp\/v2\/media?parent=1185"}],"wp:term":[{"taxonomy":"category","embeddable":true,"href":"https:\/\/mundobibliotecario.com.br\/index.php\/wp-json\/wp\/v2\/categories?post=1185"},{"taxonomy":"post_tag","embeddable":true,"href":"https:\/\/mundobibliotecario.com.br\/index.php\/wp-json\/wp\/v2\/tags?post=1185"}],"curies":[{"name":"wp","href":"https:\/\/api.w.org\/{rel}","templated":true}]}}