{"id":1227,"date":"2010-04-22T18:41:50","date_gmt":"2010-04-22T21:41:50","guid":{"rendered":"http:\/\/mundobibliotecario.wordpress.com\/2010\/04\/22\/projeto-de-lobbe-neto-sobre-universalizacao-das-bibliotecas-escolares-se-tornara-lei-em-breve\/"},"modified":"2010-04-22T18:41:50","modified_gmt":"2010-04-22T21:41:50","slug":"projeto-de-lobbe-neto-sobre-universalizacao-das-bibliotecas-escolares-se-tornara-lei-em-breve","status":"publish","type":"post","link":"https:\/\/mundobibliotecario.com.br\/index.php\/2010\/04\/22\/projeto-de-lobbe-neto-sobre-universalizacao-das-bibliotecas-escolares-se-tornara-lei-em-breve\/","title":{"rendered":"Projeto de Lobbe Neto sobre universaliza\u00e7\u00e3o das bibliotecas escolares se tornar\u00e1 lei em breve"},"content":{"rendered":"<p>O Senado Federal aprovou\u00a0 esta semana, em Bras\u00edlia, um projeto de autoria do deputado Lobbe Neto (PSDB\/SP) que disp\u00f5e sobre a universaliza\u00e7\u00e3o das bibliotecas nas institui\u00e7\u00f5es de ensino do Pa\u00eds.<br \/>\n\u00a0<br \/>\nPelo projeto, as institui\u00e7\u00f5es de ensino p\u00fablicas e privadas de todos os sistemas de ensino do Pa\u00eds contar\u00e3o com bibliotecas, e caber\u00e1 a cada institui\u00e7\u00e3o determinar a amplia\u00e7\u00e3o de seu acervo m\u00ednimo conforme sua realidade, bem como divulgar orienta\u00e7\u00e3o de armazenamento, preserva\u00e7\u00e3o, organiza\u00e7\u00e3o e funcionamento das bibliotecas escolares. Al\u00e9m disso, dever\u00e3o desenvolver esfor\u00e7os progressivos para que cada uma das bibliotecas contenha o dobro de livros no prazo de dez anos.<br \/>\n\u00a0<br \/>\nEste projeto \u00e9 um incentivo \u00e0 leitura, com aumento dos acervos das bibliotecas escolares, al\u00e9m da cria\u00e7\u00e3o de novas bibliotecas. \u00c9 uma forma de garantir a todos os alunos e \u00e0 comunidade acesso ao conhecimento. A escola \u00e9 o ambiente ideal para que crian\u00e7as e adolescentes conhe\u00e7am a magia dos livros e possam abrir novos caminhos para suas vidas. \u00c9 local de forma\u00e7\u00e3o e difus\u00e3o cultural.<br \/>\n\u00a0<br \/>\n\u201cUniversalizar as bibliotecas escolares significa permitir que todos os estudantes do Pa\u00eds possam contar com um razo\u00e1vel acervo de livros, incentivando-os \u00e0 pr\u00e1tica da leitura e ao conhecimento. A pessoa que adquire a pratica da leitura possui melhor forma\u00e7\u00e3o e desenvolvimento na sua vida acad\u00eamica, se tornando um profissional melhor\u201d, afirmou o deputado.<br \/>\n\u00a0<br \/>\nO projeto segue agora para san\u00e7\u00e3o presidencial.<\/p>\n","protected":false},"excerpt":{"rendered":"<p>O Senado Federal aprovou\u00a0 esta semana, em Bras\u00edlia, um projeto de autoria do deputado Lobbe Neto (PSDB\/SP) que disp\u00f5e sobre a universaliza\u00e7\u00e3o das bibliotecas nas institui\u00e7\u00f5es de ensino do Pa\u00eds. \u00a0 Pelo projeto, as institui\u00e7\u00f5es de ensino p\u00fablicas e privadas de todos os sistemas de ensino do Pa\u00eds contar\u00e3o com bibliotecas, e caber\u00e1 a cada &#8230; <a title=\"Projeto de Lobbe Neto sobre universaliza\u00e7\u00e3o das bibliotecas escolares se tornar\u00e1 lei em breve\" class=\"read-more\" href=\"https:\/\/mundobibliotecario.com.br\/index.php\/2010\/04\/22\/projeto-de-lobbe-neto-sobre-universalizacao-das-bibliotecas-escolares-se-tornara-lei-em-breve\/\" aria-label=\"Read more about Projeto de Lobbe Neto sobre universaliza\u00e7\u00e3o das bibliotecas escolares se tornar\u00e1 lei em breve\">Ler mais<\/a><\/p>\n","protected":false},"author":1,"featured_media":0,"comment_status":"open","ping_status":"open","sticky":false,"template":"","format":"standard","meta":{"_mi_skip_tracking":false,"_exactmetrics_sitenote_active":false,"_exactmetrics_sitenote_note":"","_exactmetrics_sitenote_category":0,"_jetpack_newsletter_access":"","footnotes":""},"categories":[60],"tags":[462],"class_list":["post-1227","post","type-post","status-publish","format-standard","hentry","category-noticias","tag-biblioteca-escolar"],"jetpack_featured_media_url":"","jetpack_sharing_enabled":true,"jetpack-related-posts":[{"id":1282,"url":"https:\/\/mundobibliotecario.com.br\/index.php\/2010\/05\/25\/sancionada-a-lei-sobre-a-universalizacao-das-bibliotecas-nas-instituicoes-de-ensino-do-pais\/","url_meta":{"origin":1227,"position":0},"title":"Sancionada a lei sobre a universaliza\u00e7\u00e3o das bibliotecas nas institui\u00e7\u00f5es de ensino do pa\u00eds","author":"mundobibliotecario","date":"25\/05\/2010","format":false,"excerpt":"LEI No- 12.244, DE 24 DE MAIO DE 2010 Disp\u00f5e sobre a universaliza\u00e7\u00e3o das bibliotecas nas institui\u00e7\u00f5es de ensino do Pa\u00eds. \u00a0O\u00a0 P R E S I D E N T E \u00a0D A \u00a0R E P \u00da B L I C A Fa\u00e7o saber que o Congresso Nacional decreta\u2026","rel":"","context":"Em &quot;Not\u00edcias&quot;","block_context":{"text":"Not\u00edcias","link":"https:\/\/mundobibliotecario.com.br\/index.php\/category\/noticias\/"},"img":{"alt_text":"","src":"","width":0,"height":0},"classes":[]},{"id":2792,"url":"https:\/\/mundobibliotecario.com.br\/index.php\/2013\/01\/13\/pronta-para-votacao-na-ce-proposta-que-obriga-escolas-a-terem-bibliotecas\/","url_meta":{"origin":1227,"position":1},"title":"Pronta para vota\u00e7\u00e3o na CE proposta que obriga escolas a terem bibliotecas","author":"mundobibliotecario","date":"13\/01\/2013","format":false,"excerpt":"Est\u00e1 pronta para entrar na pauta da Comiss\u00e3o de Educa\u00e7\u00e3o (CE)\u00a0proposta que obriga toda escolap\u00fablicas de ensino b\u00e1sico a manter biblioteca, com profissional capacitado a atender os alunos.\u00a0O\u00a0PLC 28\/2012, do deputado Sandes J\u00fanior (PP-GO),\u00a0acrescenta dois artigos \u00e0 Lei de Diretrizes e Bases da Educa\u00e7\u00e3o (Lei 9.394\/1996) na parte\u00a0que trata das\u00a0diretrizes\u2026","rel":"","context":"Em &quot;Not\u00edcias&quot;","block_context":{"text":"Not\u00edcias","link":"https:\/\/mundobibliotecario.com.br\/index.php\/category\/noticias\/"},"img":{"alt_text":"","src":"","width":0,"height":0},"classes":[]},{"id":982,"url":"https:\/\/mundobibliotecario.com.br\/index.php\/2009\/11\/13\/camara-aprova-biblioteca-em-cada-escola-e-numero-minimo-de-livros\/","url_meta":{"origin":1227,"position":2},"title":"C\u00e2mara aprova biblioteca em cada escola e n\u00famero m\u00ednimo de livros","author":"mundobibliotecario","date":"13\/11\/2009","format":false,"excerpt":"Aconteceu - 12\/11\/2009 \u00a017h19 C\u00e2mara aprova biblioteca em cada escola e n\u00famero m\u00ednimo de livros J.Batista Marcelo Guimar\u00e3es votou pela aprova\u00e7\u00e3o de duas propostas que tratam do tema. A Comiss\u00e3o de Constitui\u00e7\u00e3o e Justi\u00e7a e de Cidadania (CCJ) aprovou dia na quarta-feira (11) o Projeto de Lei 1831\/03, do deputado\u2026","rel":"","context":"Em &quot;Not\u00edcias&quot;","block_context":{"text":"Not\u00edcias","link":"https:\/\/mundobibliotecario.com.br\/index.php\/category\/noticias\/"},"img":{"alt_text":"","src":"","width":0,"height":0},"classes":[]},{"id":5239,"url":"https:\/\/mundobibliotecario.com.br\/index.php\/2019\/08\/19\/comissao-de-cultura-aprova-criacao-de-mais-bibliotecas-publicas\/","url_meta":{"origin":1227,"position":3},"title":"Comiss\u00e3o de Cultura aprova cria\u00e7\u00e3o de mais bibliotecas p\u00fablicas","author":"mundobibliotecario","date":"19\/08\/2019","format":false,"excerpt":"Proposta segue para an\u00e1lise de outras duas comiss\u00f5es da C\u00e2mara: a de Finan\u00e7as e Tributa\u00e7\u00e3o; e a de Constitui\u00e7\u00e3o e Justi\u00e7a e de Cidadania 16\/08\/2019 - 12:11 A Comiss\u00e3o de Cultura da C\u00e2mara dos Deputados aprovou o Projeto de Lei\u00a011157\/18, que aprimora a Pol\u00edtica Nacional do Livro (Lei 10.753\/03) para\u2026","rel":"","context":"Em &quot;Not\u00edcias&quot;","block_context":{"text":"Not\u00edcias","link":"https:\/\/mundobibliotecario.com.br\/index.php\/category\/noticias\/"},"img":{"alt_text":"","src":"","width":0,"height":0},"classes":[]},{"id":7793,"url":"https:\/\/mundobibliotecario.com.br\/index.php\/2020\/08\/18\/ministerio-publico-da-paraiba-recomenda-a-criacao-de-bibliotecas-escolares-em-municipio-da-grande-joao-pessoa\/","url_meta":{"origin":1227,"position":4},"title":"Minist\u00e9rio P\u00fablico da Para\u00edba recomenda a cria\u00e7\u00e3o de bibliotecas escolares em munic\u00edpio da Grande Jo\u00e3o Pessoa","author":"mundobibliotecario","date":"18\/08\/2020","format":false,"excerpt":"Recomenda\u00e7\u00e3o visa atender os dispositivos da lei 12.244 de 2010, que prev\u00ea a universaliza\u00e7\u00e3o das bibliotecas escolares Com base na Lei 12.244 de 2010, que prev\u00ea a universaliza\u00e7\u00e3o das bibliotecas escolares, a promotora de Justi\u00e7a Ana Caroline Almeida, do Minist\u00e9rio P\u00fablico da Para\u00edba, recomendou \u00e0 prefeitura de Bayeux, cidade da\u2026","rel":"","context":"Em &quot;Not\u00edcias&quot;","block_context":{"text":"Not\u00edcias","link":"https:\/\/mundobibliotecario.com.br\/index.php\/category\/noticias\/"},"img":{"alt_text":"","src":"","width":0,"height":0},"classes":[]},{"id":3609,"url":"https:\/\/mundobibliotecario.com.br\/index.php\/2014\/10\/10\/3609\/","url_meta":{"origin":1227,"position":5},"title":"Movimento Brasil Liter\u00e1rio - 28\/09\/2014\u2026","author":"mundobibliotecario","date":"10\/10\/2014","format":false,"excerpt":"Movimento Brasil Liter\u00e1rio - 28\/09\/2014 A Lei 12.244\/10 determina que todas as institui\u00e7\u00f5es de ensino do Brasil tenham uma biblioteca at\u00e9 2020. Al\u00e9m disso, bibliotecas em escolas s\u00e3o fundamentais para o atingimento das Metas 7 e 9 do Plano Nacional de Educa\u00e7\u00e3o (PNE) e converge com o Eixo 1 do\u2026","rel":"","context":"Em &quot;Not\u00edcias&quot;","block_context":{"text":"Not\u00edcias","link":"https:\/\/mundobibliotecario.com.br\/index.php\/category\/noticias\/"},"img":{"alt_text":"","src":"","width":0,"height":0},"classes":[]}],"jetpack_likes_enabled":true,"jetpack_shortlink":"https:\/\/wp.me\/pcbzwa-jN","_links":{"self":[{"href":"https:\/\/mundobibliotecario.com.br\/index.php\/wp-json\/wp\/v2\/posts\/1227","targetHints":{"allow":["GET"]}}],"collection":[{"href":"https:\/\/mundobibliotecario.com.br\/index.php\/wp-json\/wp\/v2\/posts"}],"about":[{"href":"https:\/\/mundobibliotecario.com.br\/index.php\/wp-json\/wp\/v2\/types\/post"}],"author":[{"embeddable":true,"href":"https:\/\/mundobibliotecario.com.br\/index.php\/wp-json\/wp\/v2\/users\/1"}],"replies":[{"embeddable":true,"href":"https:\/\/mundobibliotecario.com.br\/index.php\/wp-json\/wp\/v2\/comments?post=1227"}],"version-history":[{"count":0,"href":"https:\/\/mundobibliotecario.com.br\/index.php\/wp-json\/wp\/v2\/posts\/1227\/revisions"}],"wp:attachment":[{"href":"https:\/\/mundobibliotecario.com.br\/index.php\/wp-json\/wp\/v2\/media?parent=1227"}],"wp:term":[{"taxonomy":"category","embeddable":true,"href":"https:\/\/mundobibliotecario.com.br\/index.php\/wp-json\/wp\/v2\/categories?post=1227"},{"taxonomy":"post_tag","embeddable":true,"href":"https:\/\/mundobibliotecario.com.br\/index.php\/wp-json\/wp\/v2\/tags?post=1227"}],"curies":[{"name":"wp","href":"https:\/\/api.w.org\/{rel}","templated":true}]}}