{"id":1237,"date":"2010-04-24T14:26:20","date_gmt":"2010-04-24T17:26:20","guid":{"rendered":"http:\/\/mundobibliotecario.wordpress.com\/?p=1237"},"modified":"2020-07-21T23:54:47","modified_gmt":"2020-07-22T02:54:47","slug":"simposio-internacional-de-politicas-publicas-para-acervos-digitais","status":"publish","type":"post","link":"https:\/\/mundobibliotecario.com.br\/index.php\/2010\/04\/24\/simposio-internacional-de-politicas-publicas-para-acervos-digitais\/","title":{"rendered":"SIMP\u00d3SIO INTERNACIONAL DE POL\u00cdTICAS P\u00daBLICAS PARA ACERVOS DIGITAIS"},"content":{"rendered":"<p>Data: 26\/04 a 29\/04<\/p>\n<p>O evento \u00e9 gratuito, aberto ao p\u00fablico (sujeito \u00e0 lota\u00e7\u00e3o da sala) e<br \/>\nser\u00e1 transmitido pela internet.<\/p>\n<p>Programa\u00e7\u00e3o:<\/p>\n<p>26.04 (segunda-feira)<br \/>\n19h30 Coquetel e Abertura com Prof. Jos\u00e9 de Oliveira Ascens\u00e3o (Portugal)<\/p>\n<p>27.04 (ter\u00e7a-feira)<br \/>\n9h \u00e0s 11h30: Grandes Projetos de Digitaliza\u00e7\u00e3o<\/p>\n<p>-Mathias Schindler (Wikimedia Foundation\/ Alemanha)<br \/>\n-Frederic Martin (Galica\/ Fran\u00e7a)<br \/>\n-Pedro Puntoni (Brasiliana, USP\/ Brasil)<br \/>\nModera\u00e7\u00e3o: Abel Paker (Scielo)<\/p>\n<p>12h \u00e0s 14h: almo\u00e7o<\/p>\n<p>14h \u00e0s 15h: apresenta\u00e7\u00e3o dos Grupos de Trabalho de \u00c1udio e V\u00eddeo<\/p>\n<p>15h \u00e0s 15h30: intervalo<\/p>\n<p>15h30 \u00e0s 18h: Direito \u00e0 Cultura &#8211; Acesso Qualificado<\/p>\n<p>&#8211; Jean-Claude Guedon (Universidade de Montreal\/ Canad\u00e1)<br \/>\n&#8211; Jos\u00e9 Murilo Jr. (Ger\u00eancia de Cultura Digital do Minist\u00e9rio da<br \/>\nCultura\/ Brasil)<br \/>\n&#8211; Evelin Heidel (Bibliofyl\/ Argentina)<br \/>\n&#8211; Pablo Ortellado (GPOPAI- USP\/ Brasil)<br \/>\nModera\u00e7\u00e3o: Beatriz Busaniche (Via Livre\/ Argentina)<\/p>\n<p>28\/04 (quarta-feira)<\/p>\n<p>9h \u00e0s 11h30: Preserva\u00e7\u00e3o (patrim\u00f4nio cultural)<\/p>\n<p>&#8211; Andreas Lange (Computer Game Museum\/ Alemanha)<br \/>\n&#8211; Carlos de Almeida Prado Bacellar (Arquivo do Estado\/ Brasil)<br \/>\n&#8211; Anne Vroegop (DISH\/ Holanda)<br \/>\nModera\u00e7\u00e3o: \u00c2ngela Bittencourt (Biblioteca Nacional)<\/p>\n<p>12h \u00e0s 14h: almo\u00e7o<\/p>\n<p>14 \u00e0s 15h: Apresenta\u00e7\u00e3o do Grupo de Trabalho de Direito Autoral<\/p>\n<p>15h \u00e0s 15h30: intervalo<\/p>\n<p>15h30 \u00e0s 18h: Direitos de Autor e Diversidade Cultural<\/p>\n<p>&#8211; Jeremy Malcolm (Consumers International\/ Austr\u00e1lia)<br \/>\n&#8211; Marcos Wachowicz (UFSC\/ Brasil)<br \/>\n&#8211; Marcos Souza (GDA- Minist\u00e9rio da Cultura\/ Brasil)<br \/>\nModera\u00e7\u00e3o: Manoel J.P. dos Santos<\/p>\n<p>29\/04 (quinta-feira)<\/p>\n<p>9h \u00e0s 11h30: Sustentabilidade para A\u00e7\u00f5es de Digitaliza\u00e7\u00e3o<\/p>\n<p>&#8211; Paul Keller (Creative Commons\/ Holanda)<br \/>\n&#8211; Ivo Corr\u00eaa (Google\/ Brasil)<br \/>\n&#8211; Eliane Costa (Petrobr\u00e1s\/ Brasil)<br \/>\n&#8211; S\u00e9rgio Burgi (Instituto Moreira Salles\/ Brasil)<br \/>\nModera\u00e7\u00e3o: Jos\u00e9 Luis Her\u00eancia (Minist\u00e9rio da Cultura\/ Brasil)<\/p>\n<p>12h \u00e0s 14h: almo\u00e7o<\/p>\n<p>14h \u00e0s 15h: Apresenta\u00e7\u00e3o do Grupo de Trabalho de Texto e Imagem<\/p>\n<p>15h \u00e0s 15h30: intervalo<\/p>\n<p>15h30 \u00e0s 18h: Pol\u00edticas P\u00fablicas &#8211; Por um Plano Nacional<\/p>\n<p>&#8211; Nelson Sim\u00f5es (Rede Nacional de Ensino e Pesquisa\/ Brasil)<br \/>\n&#8211; Jos\u00e9 Castilho (Secret\u00e1rio Executivo do Plano Nacional do Livro e<br \/>\nLeitura\/ Brasil)<br \/>\n&#8211; Carlos Ditadi (Arquivo Nacional\/ Brasil)<br \/>\nModera\u00e7\u00e3o: Alfredo Manevy (Minist\u00e9rio da Cultura)<\/p>\n<p>Maiores informa\u00e7\u00f5es: <\/p>\n<p>LOCAL:<br \/>\nNovotel Jaragu\u00e1 S\u00e3o Paulo Conventions<br \/>\nAudit\u00f3rio Jaragu\u00e1 (250 lugares)<br \/>\nRua: Martins Fontes, 71 &#8211; Centro &#8211; S\u00e3o Paulo &#8211; SP &#8211; Brasil<\/p>\n","protected":false},"excerpt":{"rendered":"<p>Data: 26\/04 a 29\/04 O evento \u00e9 gratuito, aberto ao p\u00fablico (sujeito \u00e0 lota\u00e7\u00e3o da sala) e ser\u00e1 transmitido pela internet. Programa\u00e7\u00e3o: 26.04 (segunda-feira) 19h30 Coquetel e Abertura com Prof. Jos\u00e9 de Oliveira Ascens\u00e3o (Portugal) 27.04 (ter\u00e7a-feira) 9h \u00e0s 11h30: Grandes Projetos de Digitaliza\u00e7\u00e3o -Mathias Schindler (Wikimedia Foundation\/ Alemanha) -Frederic Martin (Galica\/ Fran\u00e7a) -Pedro Puntoni &#8230; <a title=\"SIMP\u00d3SIO INTERNACIONAL DE POL\u00cdTICAS P\u00daBLICAS PARA ACERVOS DIGITAIS\" class=\"read-more\" href=\"https:\/\/mundobibliotecario.com.br\/index.php\/2010\/04\/24\/simposio-internacional-de-politicas-publicas-para-acervos-digitais\/\" aria-label=\"Read more about SIMP\u00d3SIO INTERNACIONAL DE POL\u00cdTICAS P\u00daBLICAS PARA ACERVOS DIGITAIS\">Ler mais<\/a><\/p>\n","protected":false},"author":1,"featured_media":0,"comment_status":"open","ping_status":"open","sticky":false,"template":"","format":"standard","meta":{"_mi_skip_tracking":false,"_exactmetrics_sitenote_active":false,"_exactmetrics_sitenote_note":"","_exactmetrics_sitenote_category":0,"_jetpack_newsletter_access":"","footnotes":""},"categories":[27],"tags":[555,126,76,215,82],"class_list":["post-1237","post","type-post","status-publish","format-standard","hentry","category-eventos","tag-acervos-digitais","tag-digitalizacao","tag-direito-autoral","tag-patrimonio-cultural","tag-preservacao"],"jetpack_featured_media_url":"","jetpack_sharing_enabled":true,"jetpack-related-posts":[{"id":3001,"url":"https:\/\/mundobibliotecario.com.br\/index.php\/2013\/03\/11\/seminario-internacional-sistemas-de-informacao-e-acervos-digitais-de-cultura\/","url_meta":{"origin":1237,"position":0},"title":"Semin\u00e1rio Internacional Sistemas de Informa\u00e7\u00e3o e Acervos Digitais de Cultura","author":"mundobibliotecario","date":"11\/03\/2013","format":false,"excerpt":"Semin\u00e1rio Internacional Sistemas de Informa\u00e7\u00e3o e Acervos Digitais de Cultura \u2013 De 11 a 13 de mar\u00e7o de 2013, no Audit\u00f3rio Istv\u00e1n Jancs\u00f3 da Biblioteca Mindlin (USP), a Secretaria de Pol\u00edticas Culturais do MinC realiza o \u201cSemin\u00e1rio Internacional Sistemas de Informa\u00e7\u00e3o e Acervos Digitais de Cultura\u201d, com a presen\u00e7a da\u2026","rel":"","context":"Em &quot;Eventos&quot;","block_context":{"text":"Eventos","link":"https:\/\/mundobibliotecario.com.br\/index.php\/category\/eventos\/"},"img":{"alt_text":"","src":"","width":0,"height":0},"classes":[]},{"id":2499,"url":"https:\/\/mundobibliotecario.com.br\/index.php\/2012\/03\/17\/memoria-informacao\/","url_meta":{"origin":1237,"position":1},"title":"Mem\u00f3ria e Informa\u00e7\u00e3o","author":"mundobibliotecario","date":"17\/03\/2012","format":false,"excerpt":"O projeto Mem\u00f3ria & Informa\u00e7\u00e3o, que promove palestras sobre estudos e pesquisas\u00a0nas \u00e1reas de mem\u00f3ria, documenta\u00e7\u00e3o, preserva\u00e7\u00e3o e informa\u00e7\u00e3o, est\u00e1 de volta\u00a0em seu 9\u00ba ano de atividades. No dia 21 de mar\u00e7o, \u00e0s 14h30, a s\u00e9rie receber\u00e1 o\u00a0professor doutor Pedro Puntoni, que ministrar\u00e1 a palestra \"Plataforma Corisco: um\u00a0novo tema para\u2026","rel":"","context":"Em &quot;Eventos&quot;","block_context":{"text":"Eventos","link":"https:\/\/mundobibliotecario.com.br\/index.php\/category\/eventos\/"},"img":{"alt_text":"","src":"","width":0,"height":0},"classes":[]},{"id":1416,"url":"https:\/\/mundobibliotecario.com.br\/index.php\/2010\/08\/18\/apcbh-promove-o-8%c2%ba-seminario-de-gestao-de-documentos\/","url_meta":{"origin":1237,"position":2},"title":"APCBH promove o 8\u00ba Semin\u00e1rio de Gest\u00e3o de Documentos","author":"mundobibliotecario","date":"18\/08\/2010","format":false,"excerpt":"A Prefeitura de Belo Horizonte, por meio da Funda\u00e7\u00e3o Municipal de Cultura e do Arquivo P\u00fablico da Cidade de Belo Horizonte, promove o 8\u00ba Semin\u00e1rio de Gest\u00e3o de Documentos: Gest\u00e3o e Preserva\u00e7\u00e3o de Fotografias Digitais. O objetivo \u00e9 debater, com especialistas e profissionais, a gest\u00e3o e preserva\u00e7\u00e3o dos acervos arquiv\u00edsticos,\u2026","rel":"","context":"Em &quot;Eventos&quot;","block_context":{"text":"Eventos","link":"https:\/\/mundobibliotecario.com.br\/index.php\/category\/eventos\/"},"img":{"alt_text":"","src":"","width":0,"height":0},"classes":[]},{"id":900,"url":"https:\/\/mundobibliotecario.com.br\/index.php\/2009\/10\/07\/semana-inaugural-arquivo-publico-e-historico-de-sao-carlos\/","url_meta":{"origin":1237,"position":3},"title":"SEMANA INAUGURAL \u2013 Arquivo P\u00fablico e Hist\u00f3rico de S\u00e3o Carlos","author":"mundobibliotecario","date":"07\/10\/2009","format":false,"excerpt":"FUNDA\u00c7\u00c3O PR\u00d3-MEM\u00d3RIA DE S\u00c3O CARLOS Data: 19 a 23\/10 \u2013 Local: Audit\u00f3rio \u201cOctavio Damiano\u201d \u2013 Esta\u00e7\u00e3o Cultura Pra\u00e7a Ant\u00f4nio Prado, s\/n \u2013 Centro \u2013 Antiga Esta\u00e7\u00e3o Ferrovi\u00e1ria Inscri\u00e7\u00f5es at\u00e9 16\/10 pelo e-mail: arquivo.fpm@saocarlos.sp.gov.br ou Tel.: (16) 3373.2700 (Mencionar a palestra\/mesa redonda que ir\u00e1 participar) Programa\u00e7\u00e3o segunda-feira (19\/10) 9h - Credenciamento\u2026","rel":"","context":"Em &quot;Eventos&quot;","block_context":{"text":"Eventos","link":"https:\/\/mundobibliotecario.com.br\/index.php\/category\/eventos\/"},"img":{"alt_text":"","src":"","width":0,"height":0},"classes":[]},{"id":1458,"url":"https:\/\/mundobibliotecario.com.br\/index.php\/2010\/09\/18\/palestra-arquivamento-do-passado-para-o-futuro-modernos-metodos-de-preservacao-de-acervos-de-bibliotecas-o-centro-de-digitalizacao-da-biblioteca-estadual-da-baviera\/","url_meta":{"origin":1237,"position":4},"title":"Palestra: Arquivamento do passado para o futuro: modernos m\u00e9todos de preserva\u00e7\u00e3o de acervos de bibliotecas &#8211; O Centro de Digitaliza\u00e7\u00e3o da Biblioteca Estadual da Baviera","author":"mundobibliotecario","date":"18\/09\/2010","format":false,"excerpt":"O Goethe-Institut S\u00e3o Paulo, com o apoio da Funda\u00e7\u00e3o Memorial da Am\u00e9rica Latina promove a palestra : Arquivamento do passado para o futuro: modernos m\u00e9todos de preserva\u00e7\u00e3o de acervos de bibliotecas - O Centro de Digitaliza\u00e7\u00e3o da Biblioteca Estadual da Baviera Desde 1997, o Centro de Digitaliza\u00e7\u00e3o da Biblioteca Estadual\u2026","rel":"","context":"Em &quot;Eventos&quot;","block_context":{"text":"Eventos","link":"https:\/\/mundobibliotecario.com.br\/index.php\/category\/eventos\/"},"img":{"alt_text":"","src":"","width":0,"height":0},"classes":[]},{"id":1960,"url":"https:\/\/mundobibliotecario.com.br\/index.php\/2011\/04\/19\/vii-semana-a-pos-graduacao-da-eesc-na-biblioteca\/","url_meta":{"origin":1237,"position":5},"title":"VII Semana &#8220;A P\u00f3s-Gradua\u00e7\u00e3o da EESC na Biblioteca&#8221;","author":"mundobibliotecario","date":"19\/04\/2011","format":false,"excerpt":"O Servi\u00e7o de Biblioteca da EESC\/USP realizar\u00e1, entre os dias 26 e 29 de abril de 2011, a VII edi\u00e7\u00e3o da Semana \"A P\u00f3s-Gradua\u00e7\u00e3o da EESC na Biblioteca\". A programa\u00e7\u00e3o segue abaixo: 26\/04\/2011 - ter\u00e7a-feira 08h30 \u00e0s 09h00 Abertura - Exposi\u00e7\u00e3o permanente dos livros publicados pelos docentes da EESC Prof.\u2026","rel":"","context":"Em &quot;Eventos&quot;","block_context":{"text":"Eventos","link":"https:\/\/mundobibliotecario.com.br\/index.php\/category\/eventos\/"},"img":{"alt_text":"","src":"","width":0,"height":0},"classes":[]}],"jetpack_likes_enabled":true,"jetpack_shortlink":"https:\/\/wp.me\/pcbzwa-jX","_links":{"self":[{"href":"https:\/\/mundobibliotecario.com.br\/index.php\/wp-json\/wp\/v2\/posts\/1237","targetHints":{"allow":["GET"]}}],"collection":[{"href":"https:\/\/mundobibliotecario.com.br\/index.php\/wp-json\/wp\/v2\/posts"}],"about":[{"href":"https:\/\/mundobibliotecario.com.br\/index.php\/wp-json\/wp\/v2\/types\/post"}],"author":[{"embeddable":true,"href":"https:\/\/mundobibliotecario.com.br\/index.php\/wp-json\/wp\/v2\/users\/1"}],"replies":[{"embeddable":true,"href":"https:\/\/mundobibliotecario.com.br\/index.php\/wp-json\/wp\/v2\/comments?post=1237"}],"version-history":[{"count":1,"href":"https:\/\/mundobibliotecario.com.br\/index.php\/wp-json\/wp\/v2\/posts\/1237\/revisions"}],"predecessor-version":[{"id":7275,"href":"https:\/\/mundobibliotecario.com.br\/index.php\/wp-json\/wp\/v2\/posts\/1237\/revisions\/7275"}],"wp:attachment":[{"href":"https:\/\/mundobibliotecario.com.br\/index.php\/wp-json\/wp\/v2\/media?parent=1237"}],"wp:term":[{"taxonomy":"category","embeddable":true,"href":"https:\/\/mundobibliotecario.com.br\/index.php\/wp-json\/wp\/v2\/categories?post=1237"},{"taxonomy":"post_tag","embeddable":true,"href":"https:\/\/mundobibliotecario.com.br\/index.php\/wp-json\/wp\/v2\/tags?post=1237"}],"curies":[{"name":"wp","href":"https:\/\/api.w.org\/{rel}","templated":true}]}}