{"id":1247,"date":"2010-04-30T11:15:31","date_gmt":"2010-04-30T14:15:31","guid":{"rendered":"http:\/\/mundobibliotecario.wordpress.com\/?p=1247"},"modified":"2010-04-30T11:15:31","modified_gmt":"2010-04-30T14:15:31","slug":"analista-sociocultural-bibliotecario-hc-sao-paulo","status":"publish","type":"post","link":"https:\/\/mundobibliotecario.com.br\/index.php\/2010\/04\/30\/analista-sociocultural-bibliotecario-hc-sao-paulo\/","title":{"rendered":"ANALISTA SOCIOCULTURAL &#8211; BIBLIOTEC\u00c1RIO &#8211; HC S\u00e3o Paulo"},"content":{"rendered":"<p>Concurso P\u00fablico: ANALISTA SOCIOCULTURAL &#8211; BIBLIOTEC\u00c1RIO &#8211; HC S\u00e3o Paulo<\/p>\n<p>Inscri\u00e7\u00f5es: 27\/04\/2010 a 11\/05\/2010.<br \/>\nLocal: www.hcnet.usp.br (por correio)<\/p>\n<p><a href=\"http:\/\/www.imprensaoficial.com.br\/PortalIO\/DO\/BuscaDO2001Documento_11_4.aspx?link=\/2010\/executivo%2520secao%2520i\/abril\/27\/pag_0138_6LQP2T19SP7T2e3UTOS6JDINGNT.pdf&amp;pagina=138&amp;data=27\/04\/2010&amp;caderno=Executivo%20I&amp;paginaordenacao=100138\">http:\/\/www.imprensaoficial.com.br\/PortalIO\/DO\/BuscaDO2001Documento_11_4.aspx?link=\/2010\/executivo%2520secao%2520i\/abril\/27\/pag_0138_6LQP2T19SP7T2e3UTOS6JDINGNT.pdf&amp;pagina=138&amp;data=27\/04\/2010&amp;caderno=Executivo%20I&amp;paginaordenacao=100138<\/a><\/p>\n","protected":false},"excerpt":{"rendered":"<p>Concurso P\u00fablico: ANALISTA SOCIOCULTURAL &#8211; BIBLIOTEC\u00c1RIO &#8211; HC S\u00e3o Paulo Inscri\u00e7\u00f5es: 27\/04\/2010 a 11\/05\/2010. Local: www.hcnet.usp.br (por correio) http:\/\/www.imprensaoficial.com.br\/PortalIO\/DO\/BuscaDO2001Documento_11_4.aspx?link=\/2010\/executivo%2520secao%2520i\/abril\/27\/pag_0138_6LQP2T19SP7T2e3UTOS6JDINGNT.pdf&amp;pagina=138&amp;data=27\/04\/2010&amp;caderno=Executivo%20I&amp;paginaordenacao=100138<\/p>\n","protected":false},"author":1,"featured_media":0,"comment_status":"open","ping_status":"open","sticky":false,"template":"","format":"standard","meta":{"_mi_skip_tracking":false,"_exactmetrics_sitenote_active":false,"_exactmetrics_sitenote_note":"","_exactmetrics_sitenote_category":0,"_jetpack_newsletter_access":"","footnotes":""},"categories":[168],"tags":[235],"class_list":["post-1247","post","type-post","status-publish","format-standard","hentry","category-concurso","tag-concurso-de-biblioteconomia"],"jetpack_featured_media_url":"","jetpack_sharing_enabled":true,"jetpack-related-posts":[{"id":1263,"url":"https:\/\/mundobibliotecario.com.br\/index.php\/2010\/05\/12\/mais-um-concurso-para-o-hc-sp-analista-sociocultural\/","url_meta":{"origin":1247,"position":0},"title":"Mais um concurso para o HC &#8211; SP (Analista Sociocultural)","author":"mundobibliotecario","date":"12\/05\/2010","format":false,"excerpt":"Bibliotec\u00e1rio - Hospital da Cl\u00ednicas da Faculdade Medicina da Universidade de S\u00e3o Paulo Para a SE\u00c7\u00c3O DE DOCUMENTA\u00c7\u00c3O CIENT\u00cdFICA DO SERVI\u00c7O DE BIBLIOTECA E DOCUMENTA\u00c7\u00c3O CIENT\u00cdFICA E DID\u00c1TICA DA DIRETORIA EXECUTIVA DO INSTITUTO DE\u00a0 ORTOPEDIA E TRAUMATOLOGIA Cargo: Analista sociocultural - Bibliotec\u00e1rio 40 hs. Sal\u00e1rio: R$ 1.700,00 Inscri\u00e7\u00f5es: de 12\/05\/2010\u2026","rel":"","context":"Em &quot;Concurso&quot;","block_context":{"text":"Concurso","link":"https:\/\/mundobibliotecario.com.br\/index.php\/category\/concurso\/"},"img":{"alt_text":"","src":"","width":0,"height":0},"classes":[]},{"id":1276,"url":"https:\/\/mundobibliotecario.com.br\/index.php\/2010\/05\/20\/concurso-hospital-das-clinicas-da-fmusp\/","url_meta":{"origin":1247,"position":1},"title":"Concurso &#8211; Hospital das Cl\u00ednicas da FMUSP","author":"mundobibliotecario","date":"20\/05\/2010","format":false,"excerpt":"http:\/\/www.hcnet.usp.br\/adm\/drh\/concursos2010.htm 1 vaga de ANALISTA SOCIOCULTURAL \u2013 \u00a0BIBLIOTEC\u00c1RIO \u2013\u00a0 SE\u00c7\u00c3O DE DOCUMENTA\u00c7\u00c3O CIENT\u00cdFICA DO SERVI\u00c7O DE BIBLIOTECA E DOCUMENTA\u00c7\u00c3O CIENT\u00cdFICA E DID\u00c1TICA DA DIRETORIA EXECUTIVA DO INSTITUTO DE ORTOPEDIA E TRAUMATOLOGIA Inscri\u00e7\u00f5es 12\/05\/2010 a\u00a0\u00a0 26\/05\/2010 Edital n\u00ba 145\/2010Publicado no D.O.E. de 12\/05\/2010 Ficha de Inscri\u00e7\u00e3o Convoca\u00e7\u00e3o Prova escrita: Convoca\u00e7\u00e3o Prova\u2026","rel":"","context":"Em &quot;Concurso&quot;","block_context":{"text":"Concurso","link":"https:\/\/mundobibliotecario.com.br\/index.php\/category\/concurso\/"},"img":{"alt_text":"","src":"","width":0,"height":0},"classes":[]},{"id":1793,"url":"https:\/\/mundobibliotecario.com.br\/index.php\/2011\/02\/24\/bibliotecario-para-o-hospital-das-clinicas-sp\/","url_meta":{"origin":1247,"position":2},"title":"Bibliotec\u00e1rio para o Hospital das Cl\u00ednicas (SP)","author":"mundobibliotecario","date":"24\/02\/2011","format":false,"excerpt":"O Hospital das Cl\u00ednicas da Faculdade de Medicina da Universidade de S\u00e3o Paulo (HCFMUSP) abriu concurso p\u00fablico para o cargo de Analista Sociocultural -Bibliotec\u00e1rio. O edital encontra-se dispon\u00edvel no PCI Concursos.","rel":"","context":"Em &quot;Concurso&quot;","block_context":{"text":"Concurso","link":"https:\/\/mundobibliotecario.com.br\/index.php\/category\/concurso\/"},"img":{"alt_text":"","src":"","width":0,"height":0},"classes":[]},{"id":1255,"url":"https:\/\/mundobibliotecario.com.br\/index.php\/2010\/05\/01\/concurso-fundacao-parque-zoologico-de-sao-paulo-bibliotecario\/","url_meta":{"origin":1247,"position":3},"title":"Concurso Funda\u00e7\u00e3o Parque Zool\u00f3gico de S\u00e3o Paulo &#8211; Bibliotec\u00e1rio","author":"mundobibliotecario","date":"01\/05\/2010","format":false,"excerpt":"Fonte: http:\/\/www.imprensaoficial.com.br\/PortalIO\/DO\/BuscaDO2001Documento_11_4.aspx?link=\/2010\/executivo%2520secao%2520i\/maio\/01\/pag_0207_DV7G3O326K5A4e24I7NCK38PRQK.pdf&pagina=207&data=01\/05\/2010&caderno=Executivo%20I&paginaordenacao=100207 Bibliotec\u00e1rio 01 vaga Remunera\u00e7\u00e3o: R$ 1.974,00 40h - RC Superior completo em Biblioteconomia, registro no CRBibl. Conhecimentos em microinform\u00e1tica. Inscri\u00e7\u00f5es: De 03 a 19 de maio de 2010, http:\/\/www.institutocetro.org.br.","rel":"","context":"Em &quot;Concurso&quot;","block_context":{"text":"Concurso","link":"https:\/\/mundobibliotecario.com.br\/index.php\/category\/concurso\/"},"img":{"alt_text":"","src":"","width":0,"height":0},"classes":[]},{"id":1225,"url":"https:\/\/mundobibliotecario.com.br\/index.php\/2010\/04\/22\/concurso-camara-municipal-de-itatiba\/","url_meta":{"origin":1247,"position":4},"title":"Concurso C\u00e2mara Municipal de Itatiba","author":"mundobibliotecario","date":"22\/04\/2010","format":false,"excerpt":"Fonte: Di\u00e1rio Oficial Executivo - SP http:\/\/www.imprensaoficial.com.br\/PortalIO\/DO\/BuscaDO2001Documento_11_4.aspx?link=\/2010\/executivo%2520secao%2520i\/abril\/20\/pag_0141_0G5CVOCP1TPAFeEF9VSGMJV848N.pdf&pagina=141&data=20\/04\/2010&caderno=Executivo%20I&paginaordenacao=100141 C\u00c2MARA MUNICIPAL DE ITATIBA EDITAL DE CONCURSO P\u00daBLICO N\u00ba 01\/2010 A C\u00e2mara Municipal de Itatiba, Estado de S\u00e3o Paulo, torna p\u00fablico que far\u00e1 realizar neste Munic\u00edpio, atrav\u00e9s do IBFC - Instituto Brasileiro de Forma\u00e7\u00e3o e Capacita\u00e7\u00e3o, Concurso P\u00fablico para provimento de vagas para\u2026","rel":"","context":"Em &quot;Concurso&quot;","block_context":{"text":"Concurso","link":"https:\/\/mundobibliotecario.com.br\/index.php\/category\/concurso\/"},"img":{"alt_text":"","src":"","width":0,"height":0},"classes":[]},{"id":1242,"url":"https:\/\/mundobibliotecario.com.br\/index.php\/2010\/04\/29\/tribunal-regional-eleitoral-do-rio-grande-do-sul-analista-e-tecnico-judiciario\/","url_meta":{"origin":1247,"position":5},"title":"Tribunal Regional Eleitoral do Rio Grande do Sul &#8211; Analista e T\u00e9cnico Judici\u00e1rio","author":"mundobibliotecario","date":"29\/04\/2010","format":false,"excerpt":"Tribunal Regional Eleitoral do Rio Grande do Sul Analista e T\u00e9cnico Judici\u00e1rio 2 vagas para Biblioteconomia Remunera\u00e7\u00e3o: R$6.611,39 Local: Porto Alegre - RS Per\u00edodo de Inscri\u00e7\u00e3o para todos os candidatos, inclusive os que tiveram o requerimento de isen\u00e7\u00e3o indeferido: * de 10 horas do dia 05\/05\/2010 \u00e0s 20 horas do\u2026","rel":"","context":"Em &quot;Concurso&quot;","block_context":{"text":"Concurso","link":"https:\/\/mundobibliotecario.com.br\/index.php\/category\/concurso\/"},"img":{"alt_text":"","src":"","width":0,"height":0},"classes":[]}],"jetpack_likes_enabled":true,"jetpack_shortlink":"https:\/\/wp.me\/pcbzwa-k7","_links":{"self":[{"href":"https:\/\/mundobibliotecario.com.br\/index.php\/wp-json\/wp\/v2\/posts\/1247","targetHints":{"allow":["GET"]}}],"collection":[{"href":"https:\/\/mundobibliotecario.com.br\/index.php\/wp-json\/wp\/v2\/posts"}],"about":[{"href":"https:\/\/mundobibliotecario.com.br\/index.php\/wp-json\/wp\/v2\/types\/post"}],"author":[{"embeddable":true,"href":"https:\/\/mundobibliotecario.com.br\/index.php\/wp-json\/wp\/v2\/users\/1"}],"replies":[{"embeddable":true,"href":"https:\/\/mundobibliotecario.com.br\/index.php\/wp-json\/wp\/v2\/comments?post=1247"}],"version-history":[{"count":0,"href":"https:\/\/mundobibliotecario.com.br\/index.php\/wp-json\/wp\/v2\/posts\/1247\/revisions"}],"wp:attachment":[{"href":"https:\/\/mundobibliotecario.com.br\/index.php\/wp-json\/wp\/v2\/media?parent=1247"}],"wp:term":[{"taxonomy":"category","embeddable":true,"href":"https:\/\/mundobibliotecario.com.br\/index.php\/wp-json\/wp\/v2\/categories?post=1247"},{"taxonomy":"post_tag","embeddable":true,"href":"https:\/\/mundobibliotecario.com.br\/index.php\/wp-json\/wp\/v2\/tags?post=1247"}],"curies":[{"name":"wp","href":"https:\/\/api.w.org\/{rel}","templated":true}]}}