{"id":1261,"date":"2010-05-09T20:44:09","date_gmt":"2010-05-09T23:44:09","guid":{"rendered":"http:\/\/mundobibliotecario.wordpress.com\/?p=1261"},"modified":"2010-05-09T20:44:09","modified_gmt":"2010-05-09T23:44:09","slug":"globo-universidade-biblioteconomia","status":"publish","type":"post","link":"https:\/\/mundobibliotecario.com.br\/index.php\/2010\/05\/09\/globo-universidade-biblioteconomia\/","title":{"rendered":"Globo Universidade &#8211; Biblioteconomia"},"content":{"rendered":"<p>O programa Globo Universidade exibiu uma reportagem sobre a profiss\u00e3o de bibliotec\u00e1rio na sua edi\u00e7\u00e3o de 30\/04\/2010. Abaixo seguem os links da reportagem no Youtube. Iniciativa louv\u00e1vel para a divulga\u00e7\u00e3o da profiss\u00e3o!<\/p>\n<p><a href=\"http:\/\/www.youtube.com\/watch?v=_EFTP8ZIlUQ\">Globo Universidade &#8211; Biblioteconomia &#8211; parte 1<\/a><\/p>\n<p><a href=\"http:\/\/www.youtube.com\/watch?v=-Oq7nzl1WnE&amp;feature=related\">Globo Universidade &#8211; Biblioteconomia &#8211; parte 2<\/a><\/p>\n<p><a href=\"http:\/\/www.youtube.com\/watch?v=378-IH-IeYY&amp;feature=related\">Globo Universidade &#8211; Biblioteconomia &#8211; parte 3<\/a><\/p>\n","protected":false},"excerpt":{"rendered":"<p>O programa Globo Universidade exibiu uma reportagem sobre a profiss\u00e3o de bibliotec\u00e1rio na sua edi\u00e7\u00e3o de 30\/04\/2010. Abaixo seguem os links da reportagem no Youtube. Iniciativa louv\u00e1vel para a divulga\u00e7\u00e3o da profiss\u00e3o! Globo Universidade &#8211; Biblioteconomia &#8211; parte 1 Globo Universidade &#8211; Biblioteconomia &#8211; parte 2 Globo Universidade &#8211; Biblioteconomia &#8211; parte 3<\/p>\n","protected":false},"author":1,"featured_media":0,"comment_status":"open","ping_status":"open","sticky":false,"template":"","format":"standard","meta":{"_mi_skip_tracking":false,"_exactmetrics_sitenote_active":false,"_exactmetrics_sitenote_note":"","_exactmetrics_sitenote_category":0,"_jetpack_newsletter_access":"","footnotes":""},"categories":[60],"tags":[63,559],"class_list":["post-1261","post","type-post","status-publish","format-standard","hentry","category-noticias","tag-biblioteconomia","tag-globo-universidade"],"jetpack_featured_media_url":"","jetpack_sharing_enabled":true,"jetpack-related-posts":[{"id":4963,"url":"https:\/\/mundobibliotecario.com.br\/index.php\/2018\/08\/02\/curso-de-biblioteconomia-ead-aprovado-em-11-universidades\/","url_meta":{"origin":1261,"position":0},"title":"Curso de Biblioteconomia EaD aprovado em 11 universidades!","author":"mundobibliotecario","date":"02\/08\/2018","format":false,"excerpt":"O curso de Biblioteconomia na modalidade de Ensino a Dist\u00e2ncia (EaD) que foi lan\u00e7ado em mar\u00e7o deste ano, com apoio do CFB, est\u00e1 pr\u00f3ximo! A CAPES j\u00e1 informou quais universidades tiveram o processo de sele\u00e7\u00e3o deferido. Confira a lista das Institui\u00e7\u00f5es P\u00fablicas de Ensino Superior: FURG \u2013 Universidade Federal de\u2026","rel":"","context":"Em &quot;Not\u00edcias&quot;","block_context":{"text":"Not\u00edcias","link":"https:\/\/mundobibliotecario.com.br\/index.php\/category\/noticias\/"},"img":{"alt_text":"biblioteconomia a dist\u00c3\u00a2ncia","src":"https:\/\/i0.wp.com\/mundobibliotecario.com.br\/wp-content\/uploads\/2018\/08\/biblioteconomia-ead.jpg?resize=350%2C200","width":350,"height":200},"classes":[]},{"id":9766,"url":"https:\/\/mundobibliotecario.com.br\/index.php\/2022\/02\/07\/live-do-projeto-napratica-gestao-da-informacao-fabricio-antenor-tv-globo\/","url_meta":{"origin":1261,"position":1},"title":"Live do Projeto #NaPr\u00e1tica &#8211; Gest\u00e3o da Informa\u00e7\u00e3o &#8211; Fabr\u00edcio Antenor (TV Globo)","author":"mundobibliotecario","date":"07\/02\/2022","format":false,"excerpt":"A melhor forma de assimilar a teoria \u00e9 conhecendo a sua pr\u00e1tica. Prova disso s\u00e3o as diversas oportunidades oferecidas aos alunos durante a vida universit\u00e1ria para aplica\u00e7\u00e3o do que \u00e9 ensinado, como aulas pr\u00e1ticas, semin\u00e1rios, pesquisas, programas de extens\u00e3o e etc. Com isso, o #NaPr\u00e1tica surge com a proposta de\u2026","rel":"","context":"Em &quot;Not\u00edcias&quot;","block_context":{"text":"Not\u00edcias","link":"https:\/\/mundobibliotecario.com.br\/index.php\/category\/noticias\/"},"img":{"alt_text":"","src":"https:\/\/i0.wp.com\/mundobibliotecario.com.br\/wp-content\/uploads\/2022\/02\/NaPratica-Fabricio-Antenor-1024x1024.png?resize=350%2C200&ssl=1","width":350,"height":200},"classes":[]},{"id":3434,"url":"https:\/\/mundobibliotecario.com.br\/index.php\/2014\/03\/17\/4-vagas-para-professor-de-biblioteconomia-na-fundacao-universidade-federal-de-rondonia-unir\/","url_meta":{"origin":1261,"position":2},"title":"4 vagas para professor de Biblioteconomia na Funda\u00e7\u00e3o Universidade Federal de Rond\u00f4nia (UNIR)","author":"mundobibliotecario","date":"17\/03\/2014","format":false,"excerpt":"A\u00a0Funda\u00e7\u00e3o Universidade Federal de Rond\u00f4nia (UNIR) est\u00e1 com 4 vagas abertas\u00a0para professor de Biblioteconomia. O edital est\u00e1 dispon\u00edvel no site da institui\u00e7\u00e3o: http:\/\/www.processoseletivo.unir.br\/index.php?pag=concursos&id=115.","rel":"","context":"Em &quot;Concurso&quot;","block_context":{"text":"Concurso","link":"https:\/\/mundobibliotecario.com.br\/index.php\/category\/concurso\/"},"img":{"alt_text":"","src":"","width":0,"height":0},"classes":[]},{"id":2941,"url":"https:\/\/mundobibliotecario.com.br\/index.php\/2013\/02\/25\/capixabas-fazem-frente-a-reportagem-que-aposta-na-extincao-do-bibliotecario\/","url_meta":{"origin":1261,"position":3},"title":"Capixabas fazem frente \u00e0 reportagem que aposta na extin\u00e7\u00e3o do bibliotec\u00e1rio","author":"mundobibliotecario","date":"25\/02\/2013","format":false,"excerpt":"A hist\u00f3ria tem mostrado o quanto o profissional bibliotec\u00e1rio tem se adaptado frente \u00e0s mudan\u00e7as do mercado de trabalho. Entretanto, o jornal A Tribuna, um dos mais influentes do Esp\u00edrito Santo, publicou recentemente uma mat\u00e9ria que aposta na poss\u00edvel extin\u00e7\u00e3o da profiss\u00e3o. O informativo lista o profissional da Biblioteconomia como\u2026","rel":"","context":"Em &quot;Not\u00edcias&quot;","block_context":{"text":"Not\u00edcias","link":"https:\/\/mundobibliotecario.com.br\/index.php\/category\/noticias\/"},"img":{"alt_text":"","src":"","width":0,"height":0},"classes":[]},{"id":1895,"url":"https:\/\/mundobibliotecario.com.br\/index.php\/2011\/03\/22\/concurso-para-professor-de-biblioteconomia-na-universidade-federal-do-ceara\/","url_meta":{"origin":1261,"position":4},"title":"Concurso para professor de Biblioteconomia na Universidade Federal do Cear\u00e1","author":"mundobibliotecario","date":"22\/03\/2011","format":false,"excerpt":"Est\u00e3o\u00a0abertas, no per\u00edodo de 10 de mar\u00e7o a 8 de abril de 2011, as inscri\u00e7\u00f5es para Concurso P\u00fablico para o cargo de Professor da Carreira do Magist\u00e9rio Superior \u2013 Classe Adjunto, regido pela Lei 8.112\/90, para o Departamento de Ci\u00eancias da Informa\u00e7\u00e3o da Universidade Federal do Cear\u00e1, regulamentado pelo Edital\u2026","rel":"","context":"Em &quot;Concurso&quot;","block_context":{"text":"Concurso","link":"https:\/\/mundobibliotecario.com.br\/index.php\/category\/concurso\/"},"img":{"alt_text":"","src":"","width":0,"height":0},"classes":[]},{"id":2328,"url":"https:\/\/mundobibliotecario.com.br\/index.php\/2011\/11\/20\/concurso-para-docente-de-biblioteconomia-na-universidade-federal-do-sergipe\/","url_meta":{"origin":1261,"position":5},"title":"Concurso para docente de Biblioteconomia na Universidade Federal do Sergipe","author":"mundobibliotecario","date":"20\/11\/2011","format":false,"excerpt":"Departamento\/N\u00facleo: Ci\u00eancia da Informa\u00e7\u00e3o Vagas: 01 Carga hor\u00e1ria: 20 horas Mat\u00e9rio de Ennsino: Fundamentos Te\u00f3ricos da Biblioteconomia Disciplinas: Unidades de Informa\u00e7\u00e3o I, Pol\u00edticas de Informa\u00e7\u00e3o, Servi\u00e7os de Informa\u00e7\u00e3o e Refer\u00eancia Cargo: Assistente Titula\u00e7\u00e3o exigida: Mestrado em Ci\u00eancia da Informa\u00e7\u00e3o Remunera\u00e7\u00e3o: R$ 1.993,04 Inscri\u00e7\u00f5es: N\u00facleo de Ci\u00eancia da Informa\u00e7\u00e3o - Na\u2026","rel":"","context":"Em &quot;Concurso&quot;","block_context":{"text":"Concurso","link":"https:\/\/mundobibliotecario.com.br\/index.php\/category\/concurso\/"},"img":{"alt_text":"","src":"","width":0,"height":0},"classes":[]}],"jetpack_likes_enabled":true,"jetpack_shortlink":"https:\/\/wp.me\/pcbzwa-kl","_links":{"self":[{"href":"https:\/\/mundobibliotecario.com.br\/index.php\/wp-json\/wp\/v2\/posts\/1261","targetHints":{"allow":["GET"]}}],"collection":[{"href":"https:\/\/mundobibliotecario.com.br\/index.php\/wp-json\/wp\/v2\/posts"}],"about":[{"href":"https:\/\/mundobibliotecario.com.br\/index.php\/wp-json\/wp\/v2\/types\/post"}],"author":[{"embeddable":true,"href":"https:\/\/mundobibliotecario.com.br\/index.php\/wp-json\/wp\/v2\/users\/1"}],"replies":[{"embeddable":true,"href":"https:\/\/mundobibliotecario.com.br\/index.php\/wp-json\/wp\/v2\/comments?post=1261"}],"version-history":[{"count":0,"href":"https:\/\/mundobibliotecario.com.br\/index.php\/wp-json\/wp\/v2\/posts\/1261\/revisions"}],"wp:attachment":[{"href":"https:\/\/mundobibliotecario.com.br\/index.php\/wp-json\/wp\/v2\/media?parent=1261"}],"wp:term":[{"taxonomy":"category","embeddable":true,"href":"https:\/\/mundobibliotecario.com.br\/index.php\/wp-json\/wp\/v2\/categories?post=1261"},{"taxonomy":"post_tag","embeddable":true,"href":"https:\/\/mundobibliotecario.com.br\/index.php\/wp-json\/wp\/v2\/tags?post=1261"}],"curies":[{"name":"wp","href":"https:\/\/api.w.org\/{rel}","templated":true}]}}