{"id":1269,"date":"2010-05-15T15:10:55","date_gmt":"2010-05-15T18:10:55","guid":{"rendered":"http:\/\/mundobibliotecario.wordpress.com\/?p=1269"},"modified":"2010-05-15T15:10:55","modified_gmt":"2010-05-15T18:10:55","slug":"ciencia-em-realidade-virtual","status":"publish","type":"post","link":"https:\/\/mundobibliotecario.com.br\/index.php\/2010\/05\/15\/ciencia-em-realidade-virtual\/","title":{"rendered":"Ci\u00eancia em realidade virtual"},"content":{"rendered":"<h3>Pesquisador do Caltech acredita que a tecnologia de imers\u00e3o desenvolvida para games e filmes poder\u00e1 ajudar a compreender a montanha de informa\u00e7\u00f5es da ci\u00eancia contempor\u00e2nea<\/h3>\n<h3>Fonte: <a href=\"http:\/\/www.agencia.fapesp.br\/materia\/12180\/ciencia-em-realidade-virtual.htm\">http:\/\/www.agencia.fapesp.br\/materia\/12180\/ciencia-em-realidade-virtual.htm<\/a><\/h3>\n<h3>Ci\u00eancia em realidade virtual<\/h3>\n<p>14\/5\/2010<\/p>\n<p><strong>Por Fabio Reynol, do Guaruj\u00e1 (SP)<\/strong><\/p>\n<p><strong>Ag\u00eancia FAPESP<\/strong> \u2013 Um matem\u00e1tico resolve equa\u00e7\u00f5es mergulhado em uma piscina virtual de n\u00fameros e gr\u00e1ficos, na qual ele pode andar e observar os resultados que s\u00e3o constru\u00eddos \u00e0 sua volta. Um qu\u00edmico testa novas intera\u00e7\u00f5es moleculares movendo manualmente \u00e1tomos do tamanho de bolas de t\u00eanis, que ficam ao seu redor e reproduzem em tr\u00eas dimens\u00f5es as subst\u00e2ncias formadas.<\/p>\n<p>Esses exemplos futuristas s\u00e3o a solu\u00e7\u00e3o imaginada por George Djorgovski, professor de astronomia do Instituto de Tecnologia da Calif\u00f3rnia (Caltech, na sigla em ingl\u00eas), dos Estados Unidos, para que pesquisadores consigam lidar com os dados cada vez mais complexos que a ci\u00eancia vem produzindo em quantidade gigantesca.<\/p>\n<p>Durante o <em>Faculty Summit 2010 Am\u00e9rica Latina<\/em>, evento promovido pela FAPESP e pela Microsoft Research, realizado de 12 a 14 de maio, no Guaruj\u00e1 (SP), Djorgovski explicou que a quantidade e a complexidade dos dados cient\u00edficos ultrapassou os limites da capacidade humana para entend\u00ea-los e at\u00e9 mesmo para observ\u00e1-los.<\/p>\n<p>\u201c\u00c9 preciso admitir que a maior parte dos dados levantados hoje pela ci\u00eancia jamais ser\u00e3o vistos por olhos humanos. \u00c9 simplesmente imposs\u00edvel\u201d, disse Djorgovski.<\/p>\n<p>O pesquisador usou como exemplos trabalhos de sua pr\u00f3pria \u00e1rea de atua\u00e7\u00e3o, a astronomia. Telesc\u00f3pios monitorados por sistemas autom\u00e1ticos registram diariamente enormes quantidades de dados que n\u00e3o poderiam ser totalmente analisados nem se toda a popula\u00e7\u00e3o da Terra fosse formada por astr\u00f4nomos, de acordo com Djorgovski.<\/p>\n<p>O mesmo acontece com outras \u00e1reas da ci\u00eancia que trabalham com grandes quantidades de informa\u00e7\u00f5es, como \u00e9 o caso dos estudos sobre a biodiversidade e a climatologia. Al\u00e9m de enorme, esse banco de dados est\u00e1 dobrando de tamanho a cada ano e meio.<\/p>\n<p>\u201cA tecnologia da informa\u00e7\u00e3o \u00e9 uma enorme revolu\u00e7\u00e3o que ainda est\u00e1 em andamento. Ela \u00e9 muito maior que a Revolu\u00e7\u00e3o Industrial e s\u00f3 \u00e9 compar\u00e1vel \u00e0 imprensa de Gutemberg. Essa revolu\u00e7\u00e3o tem mudado at\u00e9 os paradigmas cient\u00edficos vigentes\u201d, declarou o pesquisador.<\/p>\n<p><strong>\u201cArmas de instru\u00e7\u00e3o de massa\u201d<\/strong><\/p>\n<p>Ele explica que as ferramentas, os dados e at\u00e9 os m\u00e9todos utilizados pela ci\u00eancia migraram para o mundo virtual e agora s\u00f3 podem ser trabalhados nele. \u201cCom isso, a web tem potencial para transformar todos os n\u00edveis da educa\u00e7\u00e3o. \u00c9 uma verdadeira arma de instru\u00e7\u00e3o em massa\u201d, ressaltou fazendo um trocadilho com o termo militar.<\/p>\n<p>\u201cFerramentas de pesquisa de \u00faltima gera\u00e7\u00e3o podem ser utilizadas por qualquer pessoa do mundo com acesso banda larga \u00e0 internet\u201d, afirmou Djorgovski. Como exemplo, o pesquisador falou que pa\u00edses que n\u00e3o possuem telesc\u00f3pios de grande porte podem analisar e ainda fazer descobertas com imagens feitas pelos melhores e mais potentes equipamentos dispon\u00edveis no mundo.<\/p>\n<p>No entanto, trabalhar a educa\u00e7\u00e3o tamb\u00e9m envolve o processamento de grande quantidade de informa\u00e7\u00f5es. Essa montanha de dados a ser explorada levou o pesquisador a questionar a utilidade de uma informa\u00e7\u00e3o que n\u00e3o pode ser analisada.<\/p>\n<p>Nesse sentido, Djorgovski considera t\u00e3o importante quanto a coleta de dados, os processos subsequentes que v\u00e3o selecionar o que for considerado relevante e lhes dar sentido. S\u00e3o os trabalhos de armazenamento, minera\u00e7\u00e3o e interpreta\u00e7\u00e3o de dados, etapas que tamb\u00e9m est\u00e3o ficando cada vez mais a cargo das m\u00e1quinas.<\/p>\n<p>Al\u00e9m da quantidade, tamb\u00e9m a complexidade das informa\u00e7\u00f5es est\u00e1 ultrapassando a capacidade humana de entendimento. \u201cPodemos imaginar um modelo de uma, duas ou tr\u00eas dimens\u00f5es. Mas um universo formado por 100 dimens\u00f5es \u00e9 imposs\u00edvel. Voc\u00ea poder\u00e1 entender matematicamente a sua forma\u00e7\u00e3o, mas jamais conseguir\u00e1 imagin\u00e1-lo\u201d, desafiou o astr\u00f4nomo.<\/p>\n<p>Mesmo assim, ele acredita que ainda h\u00e1 espa\u00e7o para que racioc\u00ednio humano amplie sua capacidade, contanto que receba uma ajuda externa: a da realidade virtual. \u201cA tecnologia desenvolvida para os games poder\u00e1 ajudar o pesquisadores a ter maior compreens\u00e3o de seu objeto de pesquisa, ao proporcionar uma visualiza\u00e7\u00e3o que o envolve completamente\u201d, afirmou ilustrando com os exemplos do matem\u00e1tico e do qu\u00edmico, citados acima.<\/p>\n<p>Para Djorgovski, um dos grandes problemas da ci\u00eancia atual consiste em lidar com uma complexidade crescente de informa\u00e7\u00f5es. Como solu\u00e7\u00e3o, o pesquisador aposta no desenvolvimento de novos sistemas de intelig\u00eancia artificial. \u201cAs novas gera\u00e7\u00f5es de intelig\u00eancia artificial est\u00e3o evoluindo de maneira mais madura. Elas n\u00e3o emulam a intelig\u00eancia humana, como faziam as primeiras vers\u00f5es. Com isso conseguem trabalhar dados mais complexos\u201d, disse.<\/p>\n<p>A chave para essas solu\u00e7\u00f5es, segundo o astr\u00f4nomo, \u00e9 a ci\u00eancia da computa\u00e7\u00e3o. \u201cEla representa para o s\u00e9culo 21 o que a matem\u00e1tica foi para as ci\u00eancias dos s\u00e9culos 17, 18 e 19\u201d, disse afirmando que a disciplina \u00e9 ao mesmo tempo a \u201ccola\u201d e o \u201clubrificante\u201d das ci\u00eancias atuais.<\/p>\n","protected":false},"excerpt":{"rendered":"<p>Pesquisador do Caltech acredita que a tecnologia de imers\u00e3o desenvolvida para games e filmes poder\u00e1 ajudar a compreender a montanha de informa\u00e7\u00f5es da ci\u00eancia contempor\u00e2nea Fonte: http:\/\/www.agencia.fapesp.br\/materia\/12180\/ciencia-em-realidade-virtual.htm Ci\u00eancia em realidade virtual 14\/5\/2010 Por Fabio Reynol, do Guaruj\u00e1 (SP) Ag\u00eancia FAPESP \u2013 Um matem\u00e1tico resolve equa\u00e7\u00f5es mergulhado em uma piscina virtual de n\u00fameros e gr\u00e1ficos, na &#8230; <a title=\"Ci\u00eancia em realidade virtual\" class=\"read-more\" href=\"https:\/\/mundobibliotecario.com.br\/index.php\/2010\/05\/15\/ciencia-em-realidade-virtual\/\" aria-label=\"Read more about Ci\u00eancia em realidade virtual\">Ler mais<\/a><\/p>\n","protected":false},"author":1,"featured_media":0,"comment_status":"open","ping_status":"open","sticky":false,"template":"","format":"standard","meta":{"_mi_skip_tracking":false,"_exactmetrics_sitenote_active":false,"_exactmetrics_sitenote_note":"","_exactmetrics_sitenote_category":0,"_jetpack_newsletter_access":"","footnotes":""},"categories":[60],"tags":[560,19,87],"class_list":["post-1269","post","type-post","status-publish","format-standard","hentry","category-noticias","tag-ciencia","tag-informacao","tag-web"],"jetpack_featured_media_url":"","jetpack_sharing_enabled":true,"jetpack-related-posts":[{"id":2444,"url":"https:\/\/mundobibliotecario.com.br\/index.php\/2012\/02\/11\/pensando-a-comunicacao-a-informacao-e-a-saude-na-era-da-complexidade-e-da-incerteza-novas-tecnologias-paradigmas-e-ciencia\/","url_meta":{"origin":1269,"position":0},"title":"Pensando a Comunica\u00e7\u00e3o, a Informa\u00e7\u00e3o e a Sa\u00fade na Era da Complexidade e da Incerteza: Novas Tecnologias, Paradigmas e Ci\u00eancia","author":"mundobibliotecario","date":"11\/02\/2012","format":false,"excerpt":"Sob a coordena\u00e7\u00e3o do Professor Nilton Bahlis dos Santos, apoio do Next e do Grupo de Pesquisa \"Tecnologias, Culturas, Pr\u00e1ticas Interativas e Inova\u00e7\u00e3o em Sa\u00fade\" ofereremos no Programa de P\u00f3s Gradua\u00e7\u00e3o em Informa\u00e7\u00e3o, Comunica\u00e7\u00e3o e Sa\u00fade (PPGICS), o curso Pensando a Comunica\u00e7\u00e3o, a Informa\u00e7\u00e3o e a Sa\u00fade na Era da\u2026","rel":"","context":"Em &quot;Curso de P\u00f3s-Gradua\u00e7\u00e3o&quot;","block_context":{"text":"Curso de P\u00f3s-Gradua\u00e7\u00e3o","link":"https:\/\/mundobibliotecario.com.br\/index.php\/category\/curso-de-pos-graduacao\/"},"img":{"alt_text":"","src":"","width":0,"height":0},"classes":[]},{"id":1329,"url":"https:\/\/mundobibliotecario.com.br\/index.php\/2010\/06\/28\/seminario-aborda-as-teorias-de-michel-foucault-na-ciencia-da-informacao\/","url_meta":{"origin":1269,"position":1},"title":"Semin\u00e1rio aborda as teorias de Michel Foucault na Ci\u00eancia da Informa\u00e7\u00e3o","author":"mundobibliotecario","date":"28\/06\/2010","format":false,"excerpt":"Na pr\u00f3xima quinta-feira (1\/7), acontece na UFSCar o \"I Semin\u00e1rio de An\u00e1lise em Pr\u00e1ticas Discursivas: Foucault na Ci\u00eancia da Informa\u00e7\u00e3o\", organizado pelas docentes N\u00e1dea Regina Gaspar, do Departamento de Ci\u00eancia da Informa\u00e7\u00e3o da UFSCar, e Luc\u00edlia Maria Sousa Rom\u00e3o, professora da Faculdade de Filosofia, Ci\u00eancias e Letras da USP de\u2026","rel":"","context":"Em &quot;Eventos&quot;","block_context":{"text":"Eventos","link":"https:\/\/mundobibliotecario.com.br\/index.php\/category\/eventos\/"},"img":{"alt_text":"","src":"","width":0,"height":0},"classes":[]},{"id":1595,"url":"https:\/\/mundobibliotecario.com.br\/index.php\/2010\/12\/03\/portal-de-periodicos-premia-projetos-em-ciencia-da-informacao-e-administracao-e-gestao\/","url_meta":{"origin":1269,"position":2},"title":"Portal de Peri\u00f3dicos premia projetos em Ci\u00eancia da Informa\u00e7\u00e3o e Administra\u00e7\u00e3o e Gest\u00e3o","author":"mundobibliotecario","date":"03\/12\/2010","format":false,"excerpt":"Foi lan\u00e7ada nesta semana, mais uma edi\u00e7\u00e3o do Pr\u00eamio Emerald\/Capes. A iniciativa pretende estimular o acesso e o uso do Portal de Peri\u00f3dicos e promover a pesquisa nas \u00e1reas de Ci\u00eancia da Informa\u00e7\u00e3o e Administra\u00e7\u00e3o e Gest\u00e3o, com premia\u00e7\u00f5es no valor de R$ 5.295,00 por categoria. As inscri\u00e7\u00f5es v\u00e3o at\u00e9\u2026","rel":"","context":"Em &quot;Not\u00edcias&quot;","block_context":{"text":"Not\u00edcias","link":"https:\/\/mundobibliotecario.com.br\/index.php\/category\/noticias\/"},"img":{"alt_text":"","src":"","width":0,"height":0},"classes":[]},{"id":4226,"url":"https:\/\/mundobibliotecario.com.br\/index.php\/2016\/03\/09\/resumo-da-aula-magna-as-tecnologias-de-informacao-e-comunicacao-na-perspectiva-da-biblioteconomia-e-ciencia-da-informacao\/","url_meta":{"origin":1269,"position":3},"title":"Resumo da Aula Magna &#8220;As tecnologias de informa\u00e7\u00e3o e comunica\u00e7\u00e3o na perspectiva da Biblioteconomia e Ci\u00eancia da Informa\u00e7\u00e3o&#8221;","author":"mundobibliotecario","date":"09\/03\/2016","format":false,"excerpt":"Este ano a UFSCar realizou a \"Semana de de Biblioteconomia e Ci\u00eancia da Informa\u00e7\u00e3o 2016\" de 7 \u00a0a 9 de mar\u00e7o. No primeiro dia, a abertura do evento contou com a\u00a0Aula Magna \"As tecnologias de informa\u00e7\u00e3o e comunica\u00e7\u00e3o na perspectiva da Biblioteconomia e Ci\u00eancia da Informa\u00e7\u00e3o\" proferida pela Prof\u00aa Dr\u00aa\u2026","rel":"","context":"Em &quot;Not\u00edcias&quot;","block_context":{"text":"Not\u00edcias","link":"https:\/\/mundobibliotecario.com.br\/index.php\/category\/noticias\/"},"img":{"alt_text":"","src":"https:\/\/mundobibliotecario.files.wordpress.com\/2016\/03\/semana-bci-ufscar-2016.png?w=350&h=200&crop=1","width":350,"height":200},"classes":[]},{"id":3371,"url":"https:\/\/mundobibliotecario.com.br\/index.php\/2014\/01\/04\/a-ciencia-da-informacao-sob-a-otica-de-tefko-saracevic\/","url_meta":{"origin":1269,"position":4},"title":"A Ci\u00eancia da Informa\u00e7\u00e3o sob a \u00f3tica de Tefko Saracevic","author":"mundobibliotecario","date":"04\/01\/2014","format":false,"excerpt":"No m\u00eas em que completa dois anos, o blog\u00a0Disserta\u00e7\u00e3o Sobre Divulga\u00e7\u00e3o Cient\u00edfica\u00a0entrevistou um dos fundadores e principais estudiosos da Ci\u00eancia da Informa\u00e7\u00e3o (CI).\u00a0O pesquisador croata Tefko Saracevic, 83 anos, falou sobre a realidade, as tend\u00eancias e as inquieta\u00e7\u00f5es contempor\u00e2neas da CI, assim como a respeito da contribui\u00e7\u00e3o do Brasil para\u2026","rel":"","context":"Em &quot;Not\u00edcias&quot;","block_context":{"text":"Not\u00edcias","link":"https:\/\/mundobibliotecario.com.br\/index.php\/category\/noticias\/"},"img":{"alt_text":"","src":"","width":0,"height":0},"classes":[]},{"id":3917,"url":"https:\/\/mundobibliotecario.com.br\/index.php\/2015\/09\/11\/ufsc-tera-novo-curso-na-area-de-ciencia-da-informacao-em-2016\/","url_meta":{"origin":1269,"position":5},"title":"UFSC ter\u00e1 novo curso na \u00e1rea de Ci\u00eancia da Informa\u00e7\u00e3o em 2016","author":"mundobibliotecario","date":"11\/09\/2015","format":false,"excerpt":"A partir de 2016, a Universidade Federal de Santa Catarina (UFSC) ter\u00e1\u00a0um novo curso: Bacharelado em Ci\u00eancia da Informa\u00e7\u00e3o. Com\u00a0per\u00edodo integral e dura\u00e7\u00e3o de seis semestres, ele ser\u00e1 ministrado no Centro de Ci\u00eancias da Educa\u00e7\u00e3o (CED). Est\u00e3o sendo ofertadas 20 vagas para o primeiro semestre \u2013 16 delas via concurso\u2026","rel":"","context":"Em &quot;Curso&quot;","block_context":{"text":"Curso","link":"https:\/\/mundobibliotecario.com.br\/index.php\/category\/curso\/"},"img":{"alt_text":"","src":"","width":0,"height":0},"classes":[]}],"jetpack_likes_enabled":true,"jetpack_shortlink":"https:\/\/wp.me\/pcbzwa-kt","_links":{"self":[{"href":"https:\/\/mundobibliotecario.com.br\/index.php\/wp-json\/wp\/v2\/posts\/1269","targetHints":{"allow":["GET"]}}],"collection":[{"href":"https:\/\/mundobibliotecario.com.br\/index.php\/wp-json\/wp\/v2\/posts"}],"about":[{"href":"https:\/\/mundobibliotecario.com.br\/index.php\/wp-json\/wp\/v2\/types\/post"}],"author":[{"embeddable":true,"href":"https:\/\/mundobibliotecario.com.br\/index.php\/wp-json\/wp\/v2\/users\/1"}],"replies":[{"embeddable":true,"href":"https:\/\/mundobibliotecario.com.br\/index.php\/wp-json\/wp\/v2\/comments?post=1269"}],"version-history":[{"count":0,"href":"https:\/\/mundobibliotecario.com.br\/index.php\/wp-json\/wp\/v2\/posts\/1269\/revisions"}],"wp:attachment":[{"href":"https:\/\/mundobibliotecario.com.br\/index.php\/wp-json\/wp\/v2\/media?parent=1269"}],"wp:term":[{"taxonomy":"category","embeddable":true,"href":"https:\/\/mundobibliotecario.com.br\/index.php\/wp-json\/wp\/v2\/categories?post=1269"},{"taxonomy":"post_tag","embeddable":true,"href":"https:\/\/mundobibliotecario.com.br\/index.php\/wp-json\/wp\/v2\/tags?post=1269"}],"curies":[{"name":"wp","href":"https:\/\/api.w.org\/{rel}","templated":true}]}}