{"id":1279,"date":"2010-05-23T09:48:33","date_gmt":"2010-05-23T12:48:33","guid":{"rendered":"http:\/\/mundobibliotecario.wordpress.com\/?p=1279"},"modified":"2010-05-23T09:48:33","modified_gmt":"2010-05-23T12:48:33","slug":"vaga-bibliotecario-em-escritorio-juridico","status":"publish","type":"post","link":"https:\/\/mundobibliotecario.com.br\/index.php\/2010\/05\/23\/vaga-bibliotecario-em-escritorio-juridico\/","title":{"rendered":"Vaga Bibliotec\u00e1rio em escrit\u00f3rio jur\u00eddico"},"content":{"rendered":"<p><span style=\"font-size:x-small;font-family:Verdana, Arial;\">Barbosa, M\u00fcssnich &amp; Arag\u00e3o \u00e9 um escrit\u00f3rio de advocacia de grande porte com cerca de 650 integrantes, que est\u00e1 entre os 10 maiores do Brasil. O escrit\u00f3rio, fundado em 1995, est\u00e1 presente nas cidades do Rio de Janeiro, S\u00e3o Paulo, Bras\u00edlia e Belo Horizonte, atuando nos mais diversos campos do direito empresarial e auxiliando os clientes a identificar solu\u00e7\u00f5es criativas para quest\u00f5es relevantes de seus neg\u00f3cios. A administra\u00e7\u00e3o de Barbosa, M\u00fcssnich &amp; Arag\u00e3o \u00e9 liderada por uma equipe de profissionais experientes, fundamentada em conceitos modernos de gest\u00e3o e governan\u00e7a corporativa.<br \/>\n<\/span><br \/>\n<span style=\"font-size:medium;font-family:Verdana, Arial;\">Bibliotec\u00e1rio (a) Pleno<\/span><br \/>\n<span style=\"font-size:x-small;font-family:Verdana, Arial;\"><\/p>\n<p><strong>Requisitos:<\/strong><\/p>\n<ul>\n<li>Superior completo em Biblioteconomia;<\/li>\n<li>Conhecimentos em Biblioteca jur\u00eddica;<\/li>\n<li>Pacote Office.<\/li>\n<\/ul>\n<p><strong>Atividades:<\/strong><\/p>\n<ul>\n<li>Ser\u00e1 respons\u00e1vel pela biblioteca do escrit\u00f3rio;<\/li>\n<li>Organiza\u00e7\u00e3o das obras;<\/li>\n<li>Atendimento ao cliente interno;<\/li>\n<li>Pesquisas;<\/li>\n<li>Leituras peri\u00f3dicas de jornais e revistas;<\/li>\n<li>Controle de empr\u00e9stimo e devolu\u00e7\u00f5es;<\/li>\n<li>Classifica\u00e7\u00e3o, indexa\u00e7\u00e3o e cataloga\u00e7\u00e3o.<\/li>\n<\/ul>\n<p>Fonte: <a href=\"http:\/\/www.vagas.com.br\">www.vagas.com.br<\/a> (para candidatura \u00e9 necess\u00e1rio cadastro de curr\u00edculo no site)<\/p>\n<p><\/span><\/p>\n","protected":false},"excerpt":{"rendered":"<p>Barbosa, M\u00fcssnich &amp; Arag\u00e3o \u00e9 um escrit\u00f3rio de advocacia de grande porte com cerca de 650 integrantes, que est\u00e1 entre os 10 maiores do Brasil. O escrit\u00f3rio, fundado em 1995, est\u00e1 presente nas cidades do Rio de Janeiro, S\u00e3o Paulo, Bras\u00edlia e Belo Horizonte, atuando nos mais diversos campos do direito empresarial e auxiliando os &#8230; <a title=\"Vaga Bibliotec\u00e1rio em escrit\u00f3rio jur\u00eddico\" class=\"read-more\" href=\"https:\/\/mundobibliotecario.com.br\/index.php\/2010\/05\/23\/vaga-bibliotecario-em-escritorio-juridico\/\" aria-label=\"Read more about Vaga Bibliotec\u00e1rio em escrit\u00f3rio jur\u00eddico\">Ler mais<\/a><\/p>\n","protected":false},"author":1,"featured_media":0,"comment_status":"open","ping_status":"open","sticky":false,"template":"","format":"standard","meta":{"_mi_skip_tracking":false,"_exactmetrics_sitenote_active":false,"_exactmetrics_sitenote_note":"","_exactmetrics_sitenote_category":0,"_jetpack_newsletter_access":"","footnotes":""},"categories":[195],"tags":[565,196],"class_list":["post-1279","post","type-post","status-publish","format-standard","hentry","category-emprego","tag-biblioteca-juridica","tag-vaga-para-bibliotecario"],"jetpack_featured_media_url":"","jetpack_sharing_enabled":true,"jetpack-related-posts":[{"id":328,"url":"https:\/\/mundobibliotecario.com.br\/index.php\/2009\/01\/30\/bibliotecario-para-centro-de-documentacao-arquivo-e-biblioteca\/","url_meta":{"origin":1279,"position":0},"title":"Bibliotec\u00e1rio para Centro de Documenta\u00e7\u00e3o (Arquivo e Biblioteca)","author":"mundobibliotecario","date":"30\/01\/2009","format":false,"excerpt":"Escrit\u00f3rio de advocacia de m\u00e9dio porte, com sede na cidade de Bebedouro-SP, busca profissional com forma\u00e7\u00e3o em Biblioteconomia e Ci\u00eancia da Informa\u00e7\u00e3o. O profissional dever\u00e1: Selecionar e implantar sistema de gest\u00e3o de acervo para a biblioteca; planejar, organizar e administrar a biblioteca jur\u00eddica; gerenciar a documenta\u00e7\u00e3o recebida e emitida (fluxo\u2026","rel":"","context":"Em &quot;Emprego&quot;","block_context":{"text":"Emprego","link":"https:\/\/mundobibliotecario.com.br\/index.php\/category\/emprego\/"},"img":{"alt_text":"","src":"","width":0,"height":0},"classes":[]},{"id":190,"url":"https:\/\/mundobibliotecario.com.br\/index.php\/2008\/11\/28\/guardar-papel-e-um-desafio-para-escritorios-de-advogados\/","url_meta":{"origin":1279,"position":1},"title":"Guardar papel \u00e9 um desafio para escrit\u00f3rios de advogados","author":"mundobibliotecario","date":"28\/11\/2008","format":false,"excerpt":"CONSULTOR JUR\u00cdDICO, 15.11.08 Vis\u00e3o empresarial por Gl\u00e1ucia Milicio Os escrit\u00f3rios de advocacia est\u00e3o buscando no mundo empresarial solu\u00e7\u00f5es para economizar tempo e dinheiro e ganhar agilidade no trabalho. O desafio dos advogados \u00e9 lidar com as pilhas de processos, essenciais para o trabalho, mas que ocupam um grande espa\u00e7o f\u00edsico.\u2026","rel":"","context":"Em &quot;Not\u00edcias&quot;","block_context":{"text":"Not\u00edcias","link":"https:\/\/mundobibliotecario.com.br\/index.php\/category\/noticias\/"},"img":{"alt_text":"","src":"","width":0,"height":0},"classes":[]},{"id":1512,"url":"https:\/\/mundobibliotecario.com.br\/index.php\/2010\/10\/13\/estagio-de-biblioteconomia-em-escritorio-de-advocacia\/","url_meta":{"origin":1279,"position":2},"title":"Est\u00e1gio de biblioteconomia em escrit\u00f3rio de advocacia","author":"mundobibliotecario","date":"13\/10\/2010","format":false,"excerpt":"Empresa: BKBG Sociedade de Advogados Local: Itaim Bibi Ramo de Atividade: Escrit\u00f3rio Jur\u00eddico Vaga: Est\u00e1gio Escolaridade: 1\u00ba ano; 2\u00ba ano e 3\u00ba ano de Biblioteconomia Hor\u00e1rio: 10:00 \u00e0s 17:30 com 1h e 30m de almo\u00e7o (2\u00ba a 6\u00ba) Benef\u00edcios: VT+VR (R$ 18,00) + Seguro de Vida + 1\u00ba ano R$\u2026","rel":"","context":"Em &quot;Est\u00e1gio&quot;","block_context":{"text":"Est\u00e1gio","link":"https:\/\/mundobibliotecario.com.br\/index.php\/category\/estagio\/"},"img":{"alt_text":"","src":"","width":0,"height":0},"classes":[]},{"id":1474,"url":"https:\/\/mundobibliotecario.com.br\/index.php\/2010\/10\/02\/vaga-para-bibliotecario-escritorio-de-advocacia\/","url_meta":{"origin":1279,"position":3},"title":"Vaga para bibliotec\u00e1rio &#8211; Escrit\u00f3rio de advocacia","author":"mundobibliotecario","date":"02\/10\/2010","format":false,"excerpt":"Bibliotec\u00e1rio Tempor\u00e1rio - Escrit\u00f3rio de Advocacia 02 vagas Tempor\u00e1rio: 03 meses (com possibilidade de renova\u00e7\u00e3o por mais 03 meses) Requisito: Bibliotec\u00e1rio formado ou rec\u00e9m-formado Local: Regi\u00e3o da Faria Lima Sal\u00e1rio: a combinar Carga hor\u00e1ria: 40 horas semanais (de segunda a sexta) Atividade a ser realizada: Processamento t\u00e9cnico Interessados enviar curr\u00edculo\u2026","rel":"","context":"Em &quot;Emprego&quot;","block_context":{"text":"Emprego","link":"https:\/\/mundobibliotecario.com.br\/index.php\/category\/emprego\/"},"img":{"alt_text":"","src":"","width":0,"height":0},"classes":[]},{"id":7980,"url":"https:\/\/mundobibliotecario.com.br\/index.php\/2020\/12\/21\/2020-e-covid-19-breve-reflexao-a-biblioteconomia-e-as-bibliotecas-juridicas\/","url_meta":{"origin":1279,"position":4},"title":"2020 e covid-19: Breve reflex\u00e3o \u00e0 biblioteconomia e as bibliotecas jur\u00eddicas","author":"mundobibliotecario","date":"21\/12\/2020","format":false,"excerpt":"\"Na teoria, n\u00e3o h\u00e1 diferen\u00e7a entre teoria e pr\u00e1tica. Mas, na pr\u00e1tica tem\" - Jan L.A van de Snepscheut (Imagem: Arte Migalhas) O ano de 2020 e a pandemia do Coronav\u00edrus trouxeram oportunidade de reflex\u00e3o para os profissionais atuantes em bibliotecas jur\u00eddicas e ao mundo da Biblioteconomia em geral. Procedimentos,\u2026","rel":"","context":"Em &quot;Not\u00edcias&quot;","block_context":{"text":"Not\u00edcias","link":"https:\/\/mundobibliotecario.com.br\/index.php\/category\/noticias\/"},"img":{"alt_text":"","src":"","width":0,"height":0},"classes":[]},{"id":10298,"url":"https:\/\/mundobibliotecario.com.br\/index.php\/2023\/02\/28\/14-852-pessoas-estao-pesquisando-sobre-biblioteconomia-juridica-e-por-que-voce-deveria-fazer-o-mesmo\/","url_meta":{"origin":1279,"position":5},"title":"14.852 pessoas est\u00e3o pesquisando sobre Biblioteconomia jur\u00eddica \u2013 e por que voc\u00ea deveria fazer o mesmo","author":"mundobibliotecario","date":"28\/02\/2023","format":false,"excerpt":"Voc\u00ea j\u00e1 ouviu falar de Biblioteconomia jur\u00eddica. Ela \u00e9 uma especialidade da Biblioteconomia que tem alguns dos sal\u00e1rios mais altos da \u00e1rea. Aqui est\u00e3o alguns deles: Tribunal de Justi\u00e7a do Rio Grande do Norte: R$ 6.637,44 Assembleia Legislativa do Estado do Maranh\u00e3o: R$ 7.902,06 Tribunal Regional do Trabalho \u2013 23\u00aa\u2026","rel":"","context":"Em &quot;Curso&quot;","block_context":{"text":"Curso","link":"https:\/\/mundobibliotecario.com.br\/index.php\/category\/curso\/"},"img":{"alt_text":"","src":"https:\/\/i0.wp.com\/mundobibliotecario.com.br\/wp-content\/uploads\/2023\/02\/Guia-do-Bibliotecario-Juridico.jpeg?resize=350%2C200&ssl=1","width":350,"height":200},"classes":[]}],"jetpack_likes_enabled":true,"jetpack_shortlink":"https:\/\/wp.me\/pcbzwa-kD","_links":{"self":[{"href":"https:\/\/mundobibliotecario.com.br\/index.php\/wp-json\/wp\/v2\/posts\/1279","targetHints":{"allow":["GET"]}}],"collection":[{"href":"https:\/\/mundobibliotecario.com.br\/index.php\/wp-json\/wp\/v2\/posts"}],"about":[{"href":"https:\/\/mundobibliotecario.com.br\/index.php\/wp-json\/wp\/v2\/types\/post"}],"author":[{"embeddable":true,"href":"https:\/\/mundobibliotecario.com.br\/index.php\/wp-json\/wp\/v2\/users\/1"}],"replies":[{"embeddable":true,"href":"https:\/\/mundobibliotecario.com.br\/index.php\/wp-json\/wp\/v2\/comments?post=1279"}],"version-history":[{"count":0,"href":"https:\/\/mundobibliotecario.com.br\/index.php\/wp-json\/wp\/v2\/posts\/1279\/revisions"}],"wp:attachment":[{"href":"https:\/\/mundobibliotecario.com.br\/index.php\/wp-json\/wp\/v2\/media?parent=1279"}],"wp:term":[{"taxonomy":"category","embeddable":true,"href":"https:\/\/mundobibliotecario.com.br\/index.php\/wp-json\/wp\/v2\/categories?post=1279"},{"taxonomy":"post_tag","embeddable":true,"href":"https:\/\/mundobibliotecario.com.br\/index.php\/wp-json\/wp\/v2\/tags?post=1279"}],"curies":[{"name":"wp","href":"https:\/\/api.w.org\/{rel}","templated":true}]}}