{"id":1343,"date":"2010-07-05T09:20:46","date_gmt":"2010-07-05T12:20:46","guid":{"rendered":"http:\/\/mundobibliotecario.wordpress.com\/?p=1343"},"modified":"2010-07-05T09:20:46","modified_gmt":"2010-07-05T12:20:46","slug":"programa-de-preservacao-de-acervos-2010-bndes","status":"publish","type":"post","link":"https:\/\/mundobibliotecario.com.br\/index.php\/2010\/07\/05\/programa-de-preservacao-de-acervos-2010-bndes\/","title":{"rendered":"Programa de Preserva\u00e7\u00e3o de Acervos 2010 &#8211; BNDES"},"content":{"rendered":"<p>J\u00e1 est\u00e3o abertas as <a href=\"http:\/\/www.bndes.gov.br\/SiteBNDES\/bndes\/bndes_pt\/Areas_de_Atuacao\/Cultura\/Acervos\/Chamada_Publica_2010\/inscricoes.html\">inscri\u00e7\u00f5es<\/a> para o Programa de Preserva\u00e7\u00e3o de Acervos\u00a0&#8211; 2010. O objetivo \u00e9 selecionar projetos candidatos a obter colabora\u00e7\u00e3o financeira n\u00e3o reembols\u00e1vel para a preserva\u00e7\u00e3o de acervos arquiv\u00edsticos, bibliogr\u00e1ficos e museol\u00f3gicos, nas categorias definidas pela <a href=\"http:\/\/www.bndes.gov.br\/SiteBNDES\/export\/sites\/default\/bndes_pt\/Galerias\/Arquivos\/cultura\/acervos\/regulamento2010.pdf\">chamada p\u00fablica<\/a>. O prazo de inscri\u00e7\u00e3o se encerra em <strong>3 de setembro de 2010<\/strong>.<\/p>\n<p>O apoio, efetivado na forma de recursos n\u00e3o reembols\u00e1veis, se destina\u00a0 a projetos que tenham como finalidade uma ou mais das seguintes a\u00e7\u00f5es:<\/p>\n<ul>\n<li>cataloga\u00e7\u00e3o;<\/li>\n<li>higieniza\u00e7\u00e3o e acondicionamento;<\/li>\n<li>restaura\u00e7\u00e3o;<\/li>\n<li>gerenciamento ambiental;<\/li>\n<li>instala\u00e7\u00e3o de sistemas de seguran\u00e7a;<\/li>\n<li>infraestrutura; e<\/li>\n<li>visita\u00e7\u00e3o.<\/li>\n<\/ul>\n<p>O valor total do programa ser\u00e1 de at\u00e9 R$ 24 milh\u00f5es, considerada a periodicidade bienal.<\/p>\n<p>Para ampliar as possibilidades de apoio a investimentos de escopo mais abrangente, o Programa vai admitir duas modalidades de projeto:<\/p>\n<ul>\n<li><strong>Individual<\/strong>, com foco em um \u00fanico acervo; e<\/li>\n<li><strong>\u00c2ncora<\/strong>, que pode buscar replicar o apoio em diversos pontos de uma <strong>rede<\/strong> de a\u00e7\u00e3o ou em acervos independentes, <strong>aglutinados<\/strong> por algum elemento comum (tem\u00e1tica; geogr\u00e1fico; necessidade de a\u00e7\u00f5es comuns de preserva\u00e7\u00e3o).<\/li>\n<\/ul>\n<p>Cada proponente poder\u00e1 apresentar somente um projeto em cada modalidade. O valor da colabora\u00e7\u00e3o financeira por opera\u00e7\u00e3o observar\u00e1 os limites m\u00e1ximos de R$ 1 milh\u00e3o para Projeto Individual e de R$ 5 milh\u00f5es para Projeto \u00c2ncora.<\/p>\n<p>O BNDES constituir\u00e1 uma Comiss\u00e3o de Sele\u00e7\u00e3o para avaliar o m\u00e9rito e a prioridade dos projetos inscritos, estabelecendo duas listas de classificados, por modalidade. As listas de cadastro de reserva ter\u00e3o validade de 24 meses a partir da data de sua divulga\u00e7\u00e3o. O n\u00famero de projetos classificados por modalidade ser\u00e1 definido pela Comiss\u00e3o de Sele\u00e7\u00e3o, que ser\u00e1 formada por:<\/p>\n<ul>\n<li>at\u00e9 tr\u00eas especialistas contratados;<\/li>\n<li>um indicado pelo Minist\u00e9rio da Cultura; e<\/li>\n<li>at\u00e9 tr\u00eas representantes do BNDES.<\/li>\n<\/ul>\n<p>Dispon\u00edvel em: &lt;<a href=\"http:\/\/www.bndes.gov.br\/SiteBNDES\/bndes\/bndes_pt\/Areas_de_Atuacao\/Cultura\/Acervos\/Chamada_Publica_2010\">http:\/\/www.bndes.gov.br\/SiteBNDES\/bndes\/bndes_pt\/Areas_de_Atuacao\/Cultura\/Acervos\/Chamada_Publica_2010<\/a>&gt;. Acesso em: 5 jul. 2010.<\/p>\n","protected":false},"excerpt":{"rendered":"<p>J\u00e1 est\u00e3o abertas as inscri\u00e7\u00f5es para o Programa de Preserva\u00e7\u00e3o de Acervos\u00a0&#8211; 2010. O objetivo \u00e9 selecionar projetos candidatos a obter colabora\u00e7\u00e3o financeira n\u00e3o reembols\u00e1vel para a preserva\u00e7\u00e3o de acervos arquiv\u00edsticos, bibliogr\u00e1ficos e museol\u00f3gicos, nas categorias definidas pela chamada p\u00fablica. O prazo de inscri\u00e7\u00e3o se encerra em 3 de setembro de 2010. O apoio, efetivado &#8230; <a title=\"Programa de Preserva\u00e7\u00e3o de Acervos 2010 &#8211; BNDES\" class=\"read-more\" href=\"https:\/\/mundobibliotecario.com.br\/index.php\/2010\/07\/05\/programa-de-preservacao-de-acervos-2010-bndes\/\" aria-label=\"Read more about Programa de Preserva\u00e7\u00e3o de Acervos 2010 &#8211; BNDES\">Ler mais<\/a><\/p>\n","protected":false},"author":1,"featured_media":0,"comment_status":"open","ping_status":"open","sticky":false,"template":"","format":"standard","meta":{"_mi_skip_tracking":false,"_exactmetrics_sitenote_active":false,"_exactmetrics_sitenote_note":"","_exactmetrics_sitenote_category":0,"_jetpack_newsletter_access":"","footnotes":""},"categories":[60],"tags":[54,590,591,43,592,82,593],"class_list":["post-1343","post","type-post","status-publish","format-standard","hentry","category-noticias","tag-acervo","tag-acondicionamento","tag-bndes","tag-catalogacao","tag-higienizacao","tag-preservacao","tag-restauracao"],"jetpack_featured_media_url":"","jetpack_sharing_enabled":true,"jetpack-related-posts":[{"id":5101,"url":"https:\/\/mundobibliotecario.com.br\/index.php\/2019\/01\/23\/bibliotecaria-da-ufrj-desenvolve-modulo-para-higienizacao-de-obras\/","url_meta":{"origin":1343,"position":0},"title":"Bibliotec\u00e1ria da UFRJ desenvolve m\u00f3dulo para higieniza\u00e7\u00e3o de obras","author":"mundobibliotecario","date":"23\/01\/2019","format":false,"excerpt":"Escrito por\u00a0Julio Longo Publicado: 08 Janeiro 2019 \u00a0 Quando se fala em inova\u00e7\u00e3o e em propriedade industrial em nossa Universidade, a primeira coisa que tipicamente vem \u00e0 mente s\u00e3o os inventos dos nossos docentes. Mas n\u00e3o s\u00f3 eles produzem inova\u00e7\u00f5es tecnol\u00f3gicas pass\u00edveis de prote\u00e7\u00e3o intelectual. Nossos t\u00e9cnicos administrativos tamb\u00e9m. Um\u2026","rel":"","context":"Em &quot;Not\u00edcias&quot;","block_context":{"text":"Not\u00edcias","link":"https:\/\/mundobibliotecario.com.br\/index.php\/category\/noticias\/"},"img":{"alt_text":"","src":"","width":0,"height":0},"classes":[]},{"id":1414,"url":"https:\/\/mundobibliotecario.com.br\/index.php\/2010\/08\/16\/concursos-em-biblioteconomia\/","url_meta":{"origin":1343,"position":1},"title":"Concursos em biblioteconomia","author":"mundobibliotecario","date":"16\/08\/2010","format":false,"excerpt":"Edital de abertura de incri\u00e7\u00f5es para o concurso p\u00fablico para Professor Assistente Doutor, em RDIDP, no conjunto de disciplinas Linguagens Document\u00e1rias Hier\u00e1rquicas, Elementos de L\u00f3gica para Biblioteconomia, Pr\u00e1tica Profissional em Biblioteconomia e Forma\u00e7\u00e3o e Atua\u00e7\u00e3o Profissional, junto ao Departamento de Ci\u00eancia da Informa\u00e7\u00e3o da UNESP-Campus de Mar\u00edlia. As inscri\u00e7\u00f5es ser\u00e3o\u2026","rel":"","context":"Em &quot;Concurso&quot;","block_context":{"text":"Concurso","link":"https:\/\/mundobibliotecario.com.br\/index.php\/category\/concurso\/"},"img":{"alt_text":"","src":"","width":0,"height":0},"classes":[]},{"id":1458,"url":"https:\/\/mundobibliotecario.com.br\/index.php\/2010\/09\/18\/palestra-arquivamento-do-passado-para-o-futuro-modernos-metodos-de-preservacao-de-acervos-de-bibliotecas-o-centro-de-digitalizacao-da-biblioteca-estadual-da-baviera\/","url_meta":{"origin":1343,"position":2},"title":"Palestra: Arquivamento do passado para o futuro: modernos m\u00e9todos de preserva\u00e7\u00e3o de acervos de bibliotecas &#8211; O Centro de Digitaliza\u00e7\u00e3o da Biblioteca Estadual da Baviera","author":"mundobibliotecario","date":"18\/09\/2010","format":false,"excerpt":"O Goethe-Institut S\u00e3o Paulo, com o apoio da Funda\u00e7\u00e3o Memorial da Am\u00e9rica Latina promove a palestra : Arquivamento do passado para o futuro: modernos m\u00e9todos de preserva\u00e7\u00e3o de acervos de bibliotecas - O Centro de Digitaliza\u00e7\u00e3o da Biblioteca Estadual da Baviera Desde 1997, o Centro de Digitaliza\u00e7\u00e3o da Biblioteca Estadual\u2026","rel":"","context":"Em &quot;Eventos&quot;","block_context":{"text":"Eventos","link":"https:\/\/mundobibliotecario.com.br\/index.php\/category\/eventos\/"},"img":{"alt_text":"","src":"","width":0,"height":0},"classes":[]},{"id":1737,"url":"https:\/\/mundobibliotecario.com.br\/index.php\/2011\/02\/09\/vaga-para-catalogador\/","url_meta":{"origin":1343,"position":3},"title":"Vaga para catalogador","author":"mundobibliotecario","date":"09\/02\/2011","format":false,"excerpt":"Catalogador \u2013 1 vaga Principais atribui\u00e7\u00f5es Analisar dados Catalogr\u00e1ficos promovendo sua atualiza\u00e7\u00e3o e transferi-los para base eletr\u00f4nica (Oracle) Entendimentos voltados \u00e0 pol\u00edtica de recupera\u00e7\u00e3o de dados hist\u00f3ricos de acervo f\u00edlmico (16 mm) visando \u00e0 preserva\u00e7\u00e3o e atualiza\u00e7\u00e3o da informa\u00e7\u00e3o. Requisitos Dom\u00ednio da l\u00edngua portuguesa (oral e escrita) Dinamismo, iniciativa, facilidade\u2026","rel":"","context":"Em &quot;Emprego&quot;","block_context":{"text":"Emprego","link":"https:\/\/mundobibliotecario.com.br\/index.php\/category\/emprego\/"},"img":{"alt_text":"","src":"","width":0,"height":0},"classes":[]},{"id":2222,"url":"https:\/\/mundobibliotecario.com.br\/index.php\/2011\/09\/27\/gestao-do-patrimonio-movel-e-integrado-higienizacao-manuseio-acondicionamento-e-exposicao\/","url_meta":{"origin":1343,"position":4},"title":"Gest\u00e3o do patrim\u00f4nio m\u00f3vel e integrado: higieniza\u00e7\u00e3o, manuseio, acondicionamento e exposi\u00e7\u00e3o","author":"mundobibliotecario","date":"27\/09\/2011","format":false,"excerpt":"CURSO DE CAPACITA\u00c7\u00c3O Gest\u00e3o do patrim\u00f4nio m\u00f3vel e integrado: higieniza\u00e7\u00e3o, manuseio, acondicionamento e exposi\u00e7\u00e3o Respons\u00e1vel \u2013 Rosaelena Scarpeline Dura\u00e7\u00e3o: 2 dias Local: UFSCar \u2013 S\u00e3o Carlos Data: 10 e 11 de outubro de 2011. Hor\u00e1rio \u2013 9-12 e 14-17hs Ementa: A conserva\u00e7\u00e3o de bens culturais \u00e9 um conceito bastante amplo,\u2026","rel":"","context":"Em &quot;Curso&quot;","block_context":{"text":"Curso","link":"https:\/\/mundobibliotecario.com.br\/index.php\/category\/curso\/"},"img":{"alt_text":"","src":"","width":0,"height":0},"classes":[]},{"id":4780,"url":"https:\/\/mundobibliotecario.com.br\/index.php\/2018\/05\/16\/curso-biblioteca-por-dentro-conservacao-preventiva-tecnicas-de-higienizacao-e-tecnicas-de-pequenos-reparos-intensivo\/","url_meta":{"origin":1343,"position":5},"title":"Curso &#8220;Biblioteca por dentro: Conserva\u00e7\u00e3o Preventiva, T\u00e9cnicas de Higieniza\u00e7\u00e3o e T\u00e9cnicas de Pequenos Reparos &#8211; Intensivo&#8221;","author":"mundobibliotecario","date":"16\/05\/2018","format":false,"excerpt":"O curso \"Biblioteca por dentro: Conserva\u00e7\u00e3o Preventiva, T\u00e9cnicas de Higieniza\u00e7\u00e3o e T\u00e9cnicas de Pequenos Reparos - Intensivo\" tem como objetivo introduzir o aluno aos conceitos de preserva\u00e7\u00e3o e conserva\u00e7\u00e3o preventiva em seus aspectos te\u00f3ricos, \u00e9ticos e pr\u00e1ticos. Conceitos de Preserva\u00e7\u00e3o e Conserva\u00e7\u00e3o Preventiva:\u00a0Na primeira etapa do curso haver\u00e1 uma aula\u2026","rel":"","context":"Em &quot;Curso&quot;","block_context":{"text":"Curso","link":"https:\/\/mundobibliotecario.com.br\/index.php\/category\/curso\/"},"img":{"alt_text":"","src":"","width":0,"height":0},"classes":[]}],"jetpack_likes_enabled":true,"jetpack_shortlink":"https:\/\/wp.me\/pcbzwa-lF","_links":{"self":[{"href":"https:\/\/mundobibliotecario.com.br\/index.php\/wp-json\/wp\/v2\/posts\/1343","targetHints":{"allow":["GET"]}}],"collection":[{"href":"https:\/\/mundobibliotecario.com.br\/index.php\/wp-json\/wp\/v2\/posts"}],"about":[{"href":"https:\/\/mundobibliotecario.com.br\/index.php\/wp-json\/wp\/v2\/types\/post"}],"author":[{"embeddable":true,"href":"https:\/\/mundobibliotecario.com.br\/index.php\/wp-json\/wp\/v2\/users\/1"}],"replies":[{"embeddable":true,"href":"https:\/\/mundobibliotecario.com.br\/index.php\/wp-json\/wp\/v2\/comments?post=1343"}],"version-history":[{"count":0,"href":"https:\/\/mundobibliotecario.com.br\/index.php\/wp-json\/wp\/v2\/posts\/1343\/revisions"}],"wp:attachment":[{"href":"https:\/\/mundobibliotecario.com.br\/index.php\/wp-json\/wp\/v2\/media?parent=1343"}],"wp:term":[{"taxonomy":"category","embeddable":true,"href":"https:\/\/mundobibliotecario.com.br\/index.php\/wp-json\/wp\/v2\/categories?post=1343"},{"taxonomy":"post_tag","embeddable":true,"href":"https:\/\/mundobibliotecario.com.br\/index.php\/wp-json\/wp\/v2\/tags?post=1343"}],"curies":[{"name":"wp","href":"https:\/\/api.w.org\/{rel}","templated":true}]}}