{"id":1420,"date":"2010-08-19T12:10:03","date_gmt":"2010-08-19T15:10:03","guid":{"rendered":"http:\/\/mundobibliotecario.wordpress.com\/?p=1420"},"modified":"2010-08-19T12:10:03","modified_gmt":"2010-08-19T15:10:03","slug":"estagios-de-biblioteconomia-em-empresas","status":"publish","type":"post","link":"https:\/\/mundobibliotecario.com.br\/index.php\/2010\/08\/19\/estagios-de-biblioteconomia-em-empresas\/","title":{"rendered":"Est\u00e1gios de biblioteconomia em empresas"},"content":{"rendered":"<p>Programa de Est\u00e1gio Rhodia 2011<\/p>\n<p>               O Grupo Foco atrav\u00e9s da Unidade Foco Talentos em parceria com a empresa Rhodia seleciona estagi\u00e1rios do curso de Biblioteconomia para participarem do Programa de Est\u00e1gio Rhodia 2011.<\/p>\n<p>                A Rhodia \u00e9 um grupo internacional da ind\u00fastria qu\u00edmica presente no Brasil h\u00e1 90 anos, fortemente comprometido com o desenvolvimento sustent\u00e1vel e com a busca de solu\u00e7\u00f5es inovadoras para seus clientes. O Programa de Est\u00e1gio visa oferecer desenvolvimento atrav\u00e9s de atividades que proporcionam o aprendizado pr\u00e1tico e vivencial de jovens talentos. <\/p>\n<p>Pr\u00e9 Requisitos:<\/p>\n<p>\u2022\tCursando: Biblioteconomia<br \/>\n\u2022\tForma\u00e7\u00e3o: Dez\/11 \u00e1 Dez\/12<\/p>\n<p>Inscreva-se atrav\u00e9s de nosso site: www.rhodia.com.br at\u00e9 31\/08.<\/p>\n<p>**********************<\/p>\n<p>A Oxiteno, uma das empresas do Grupo Ultra, do qual tamb\u00e9m fazem parte a Ultragaz, Ipiranga e a Ultracargo, acaba de dar in\u00edcio \u00e0s inscri\u00e7\u00f5es para seu Programa de Est\u00e1gio 2011.<\/p>\n<p>S\u00e3o vagas destinadas a candidatos de S\u00e3o Paulo (Capital, Mau\u00e1 e Trememb\u00e9), Bahia (Cama\u00e7ari) e Rio Grande do Sul (Triunfo), estudantes dos seguintes cursos: Administra\u00e7\u00e3o de Empresas, Ci\u00eancias Cont\u00e1beis, Economia, Biblioteconomia, Qu\u00edmica, Engenharias, Sistemas da Informa\u00e7\u00e3o, Ci\u00eancia da Computa\u00e7\u00e3o, Tecnologia da Informa\u00e7\u00e3o, Processamento de Dados, Psicologia, Qu\u00edmica, Qu\u00edmica Industrial e Secretariado, Jornalismo, Rela\u00e7\u00f5es P\u00fablicas e Log\u00edstica.<\/p>\n<p>Para participar, o candidato deve ter forma\u00e7\u00e3o prevista entre Dezembro de 2011 e Dezembro de 2012, sendo que o Programa tem dura\u00e7\u00e3o de um a dois anos, com in\u00edcio na segunda quinzena de janeiro\/2011.<\/p>\n<p>A \u00e1rea de atua\u00e7\u00e3o do estagi\u00e1rio ser\u00e1 definida pela associa\u00e7\u00e3o entre o interesse do candidato, seu perfil e as necessidades da Oxiteno. Ele passar\u00e1, durante o processo seletivo, por uma an\u00e1lise curricular, testes on-line, din\u00e2mica de grupo, painel e entrevista com gestores da empresa.<\/p>\n<p>O perfil desejado \u00e9 de candidatos interessados em desenvolver-se profissionalmente, aprimorando suas compet\u00eancias e habilidades, de forma a agregar valor ao neg\u00f3cio Oxiteno.<\/p>\n<p>A empresa oferece como benef\u00edcios: bolsa aux\u00edlio, aux\u00edlio transporte, aux\u00edlio refei\u00e7\u00e3o, seguro de vida e assist\u00eancia m\u00e9dica.<\/p>\n<p>As inscri\u00e7\u00f5es v\u00e3o at\u00e9 o dia 12\/09\/2010 e ser\u00e3o feitas pelo endere\u00e7o: http:\/\/www.focotalentos.com.br\/oxiteno2011<\/p>\n","protected":false},"excerpt":{"rendered":"<p>Programa de Est\u00e1gio Rhodia 2011 O Grupo Foco atrav\u00e9s da Unidade Foco Talentos em parceria com a empresa Rhodia seleciona estagi\u00e1rios do curso de Biblioteconomia para participarem do Programa de Est\u00e1gio Rhodia 2011. A Rhodia \u00e9 um grupo internacional da ind\u00fastria qu\u00edmica presente no Brasil h\u00e1 90 anos, fortemente comprometido com o desenvolvimento sustent\u00e1vel e &#8230; <a title=\"Est\u00e1gios de biblioteconomia em empresas\" class=\"read-more\" href=\"https:\/\/mundobibliotecario.com.br\/index.php\/2010\/08\/19\/estagios-de-biblioteconomia-em-empresas\/\" aria-label=\"Read more about Est\u00e1gios de biblioteconomia em empresas\">Ler mais<\/a><\/p>\n","protected":false},"author":1,"featured_media":0,"comment_status":"open","ping_status":"open","sticky":false,"template":"","format":"standard","meta":{"_mi_skip_tracking":false,"_exactmetrics_sitenote_active":false,"_exactmetrics_sitenote_note":"","_exactmetrics_sitenote_category":0,"_jetpack_newsletter_access":"","footnotes":""},"categories":[47],"tags":[193],"class_list":["post-1420","post","type-post","status-publish","format-standard","hentry","category-estagio","tag-estagio-de-biblioteconomia"],"jetpack_featured_media_url":"","jetpack_sharing_enabled":true,"jetpack-related-posts":[{"id":1772,"url":"https:\/\/mundobibliotecario.com.br\/index.php\/2011\/02\/23\/estagio-de-biblioteconomia-em-santa-catarina\/","url_meta":{"origin":1420,"position":0},"title":"Est\u00e1gio de Biblioteconomia em Santa Catarina","author":"mundobibliotecario","date":"23\/02\/2011","format":false,"excerpt":"Estagi\u00e1rio(a) Pesquisa C\u00f3digo da vaga k447-53 Empresa: Knowtec Dados da vaga Ramo da empresa: Consultoria Empresarial Cidade: Florian\u00f3polis - SC Sal\u00e1rio: 1 a 2 sal\u00e1rios m\u00ednimos Tipo de contrata\u00e7\u00e3o: Est\u00e1gio N\u00b0 de vagas: 1 Requisitos e prefer\u00eancias Forma\u00e7\u00e3o: 3\u00ba grau incompleto, preferencialmente no(s) curso(s): Arquivologia Biblioteconomia Engenharia de Produ\u00e7\u00e3o Administra\u00e7\u00e3o\u2026","rel":"","context":"Em &quot;Est\u00e1gio&quot;","block_context":{"text":"Est\u00e1gio","link":"https:\/\/mundobibliotecario.com.br\/index.php\/category\/estagio\/"},"img":{"alt_text":"","src":"","width":0,"height":0},"classes":[]},{"id":60,"url":"https:\/\/mundobibliotecario.com.br\/index.php\/2008\/08\/23\/estagio-elektro\/","url_meta":{"origin":1420,"position":1},"title":"Est\u00e1gio &#8211; Elektro","author":"mundobibliotecario","date":"23\/08\/2008","format":false,"excerpt":"A empresa Elektro est\u00e1 com inscri\u00e7\u00f5es abertas at\u00e9 7\/9 para o seu Programa de Est\u00e1gio. O aluno deve concluir o curso de gradua\u00e7\u00e3o entre 12\/2009 e 12\/2010. Mais informa\u00e7\u00f5es no folder\u00a0abaixo.\u00a0 A Elektro \u00e9 a oitava maior distribuidora de energia el\u00e9trica do Pa\u00eds e a terceira do estado de S\u00e3o\u2026","rel":"","context":"Em &quot;Est\u00e1gio&quot;","block_context":{"text":"Est\u00e1gio","link":"https:\/\/mundobibliotecario.com.br\/index.php\/category\/estagio\/"},"img":{"alt_text":"","src":"","width":0,"height":0},"classes":[]},{"id":382,"url":"https:\/\/mundobibliotecario.com.br\/index.php\/2009\/02\/14\/estagio-de-biblioteconomia\/","url_meta":{"origin":1420,"position":2},"title":"Est\u00e1gio de Biblioteconomia","author":"mundobibliotecario","date":"14\/02\/2009","format":false,"excerpt":"Empresa de Engenharia Civil localizada em S\u00e3o Carlos, que atua na \u00e1rea de Usinas Hidrel\u00e9tricas e Barragens, procura estagi\u00e1ria de biblioteconomia cursando o \u00faltimo ano, para ajudar a organizar seu arquivo t\u00e9cnico. \u00a0 Exig\u00eancias b\u00e1sicas: \u00a0 \u00fc\u00a0 Bom hist\u00f3rico escolar; \u00fc\u00a0 Conhecimento b\u00e1sico de ingl\u00eas; \u00fc\u00a0 Conhecimento de software para\u2026","rel":"","context":"Em &quot;Est\u00e1gio&quot;","block_context":{"text":"Est\u00e1gio","link":"https:\/\/mundobibliotecario.com.br\/index.php\/category\/estagio\/"},"img":{"alt_text":"","src":"","width":0,"height":0},"classes":[]},{"id":1969,"url":"https:\/\/mundobibliotecario.com.br\/index.php\/2011\/04\/22\/estagio-de-biblioteconomia-na-editora-abril\/","url_meta":{"origin":1420,"position":3},"title":"Est\u00e1gio de Biblioteconomia na Editora Abril","author":"mundobibliotecario","date":"22\/04\/2011","format":false,"excerpt":"Abril Midia \u00c9 composta pela Editora Abril, Abril Digital e MTV. A Editora Abril publicou mais de 370 t\u00edtulos em 2009 e \u00e9 l\u00edder em 21 dos 25 segmentos em que atua. Suas publica\u00e7\u00f5es tiveram ao longo do ano uma circula\u00e7\u00e3o de 188,5 milh\u00f5es de exemplares, em um universo de\u2026","rel":"","context":"Em &quot;Est\u00e1gio&quot;","block_context":{"text":"Est\u00e1gio","link":"https:\/\/mundobibliotecario.com.br\/index.php\/category\/estagio\/"},"img":{"alt_text":"","src":"","width":0,"height":0},"classes":[]},{"id":2291,"url":"https:\/\/mundobibliotecario.com.br\/index.php\/2011\/10\/21\/estagio-de-biblioteconomia-no-rio-de-janeiro\/","url_meta":{"origin":1420,"position":4},"title":"Est\u00e1gio de Biblioteconomia no Rio de Janeiro","author":"mundobibliotecario","date":"21\/10\/2011","format":false,"excerpt":"Atribui\u00e7\u00e3o da fun\u00e7\u00e3o \u2022 Organiza\u00e7\u00e3o e o cadastro de produtos no banco de dados; \u2022 Aquisi\u00e7\u00e3o e sele\u00e7\u00e3o de materiais junto a outras empresas e pessoas; \u2022 Atendimento ao cliente. Experi\u00eancia e Conhecimentos esperados \u2022 Cursando gradua\u00e7\u00e3o (a partir do 3\u00ba per\u00edodo) em: Biblioteconomia; \u2022 Dom\u00ednio do pacote Office e\u2026","rel":"","context":"Em &quot;Est\u00e1gio&quot;","block_context":{"text":"Est\u00e1gio","link":"https:\/\/mundobibliotecario.com.br\/index.php\/category\/estagio\/"},"img":{"alt_text":"","src":"","width":0,"height":0},"classes":[]},{"id":1588,"url":"https:\/\/mundobibliotecario.com.br\/index.php\/2010\/11\/30\/estagio-de-biblioteconomia-centro-de-tecnologia-canavieira\/","url_meta":{"origin":1420,"position":5},"title":"Est\u00e1gio de biblioteconomia &#8211; Centro de Tecnologia Canavieira","author":"mundobibliotecario","date":"30\/11\/2010","format":false,"excerpt":"\u00c1REA DE ATUA\u00c7\u00c3O: Biblioteca PERFIL: Graduandos do pen\u00faltimo ano do curso de Biblioteconomia ATIVIDADES: Atendimento a usu\u00e1rios, organiza\u00e7\u00e3o de acervo bibliogr\u00e1fico, realizar cadastramento e viabilizar empr\u00e9stimo de material, auxiliar na realiza\u00e7\u00e3o de pesquisas em base de dados. PER\u00cdODO: Mar\u00e7o a Dezembro \/ 2011 CARGA HOR\u00c1RIA: M\u00ednimo de 12 horas e\u2026","rel":"","context":"Em &quot;Est\u00e1gio&quot;","block_context":{"text":"Est\u00e1gio","link":"https:\/\/mundobibliotecario.com.br\/index.php\/category\/estagio\/"},"img":{"alt_text":"","src":"","width":0,"height":0},"classes":[]}],"jetpack_likes_enabled":true,"jetpack_shortlink":"https:\/\/wp.me\/pcbzwa-mU","_links":{"self":[{"href":"https:\/\/mundobibliotecario.com.br\/index.php\/wp-json\/wp\/v2\/posts\/1420","targetHints":{"allow":["GET"]}}],"collection":[{"href":"https:\/\/mundobibliotecario.com.br\/index.php\/wp-json\/wp\/v2\/posts"}],"about":[{"href":"https:\/\/mundobibliotecario.com.br\/index.php\/wp-json\/wp\/v2\/types\/post"}],"author":[{"embeddable":true,"href":"https:\/\/mundobibliotecario.com.br\/index.php\/wp-json\/wp\/v2\/users\/1"}],"replies":[{"embeddable":true,"href":"https:\/\/mundobibliotecario.com.br\/index.php\/wp-json\/wp\/v2\/comments?post=1420"}],"version-history":[{"count":0,"href":"https:\/\/mundobibliotecario.com.br\/index.php\/wp-json\/wp\/v2\/posts\/1420\/revisions"}],"wp:attachment":[{"href":"https:\/\/mundobibliotecario.com.br\/index.php\/wp-json\/wp\/v2\/media?parent=1420"}],"wp:term":[{"taxonomy":"category","embeddable":true,"href":"https:\/\/mundobibliotecario.com.br\/index.php\/wp-json\/wp\/v2\/categories?post=1420"},{"taxonomy":"post_tag","embeddable":true,"href":"https:\/\/mundobibliotecario.com.br\/index.php\/wp-json\/wp\/v2\/tags?post=1420"}],"curies":[{"name":"wp","href":"https:\/\/api.w.org\/{rel}","templated":true}]}}