{"id":1426,"date":"2010-08-27T09:52:31","date_gmt":"2010-08-27T12:52:31","guid":{"rendered":"http:\/\/mundobibliotecario.wordpress.com\/?p=1426"},"modified":"2010-08-27T09:52:31","modified_gmt":"2010-08-27T12:52:31","slug":"curso-a-distancia-da-bvs-bireme","status":"publish","type":"post","link":"https:\/\/mundobibliotecario.com.br\/index.php\/2010\/08\/27\/curso-a-distancia-da-bvs-bireme\/","title":{"rendered":"Curso a dist\u00e2ncia da BVS &#8211; BIREME"},"content":{"rendered":"<p>Informativo de curso <\/p>\n<p>Temos o prazer de comunicar que est\u00e3o abertas as inscri\u00e7\u00f5es para o Curso a dist\u00e2ncia da BVS \u2013 Acesso \u00e0 informa\u00e7\u00e3o e evid\u00eancias cient\u00edficas para subsidiar decis\u00f5es em Sa\u00fade.<\/p>\n<p>O curso aborda os seguintes temas:<\/p>\n<p>    * Processo de decis\u00e3o em Sa\u00fade Baseada em Evid\u00eancia<br \/>\n    * Uso dos recursos de pesquisa para a busca de informa\u00e7\u00e3o na BVS<br \/>\n    * Pesquisa por assunto aplicando a terminologia MeSH\/DeCS<br \/>\n    * An\u00e1lise cr\u00edtica da informa\u00e7\u00e3o em sa\u00fade <\/p>\n<p>N\u00e3o perca a oportunidade!!!  Confira e fa\u00e7a a sua inscri\u00e7\u00e3o por meio do site: http:\/\/ead.bvsalud.org<\/p>\n<p>Inscri\u00e7\u00e3o: at\u00e9 15\/09\/2010<br \/>\nInvestimento:  R$300,00<\/p>\n<p>In\u00edcio: 21\/09\/2010<br \/>\nDura\u00e7\u00e3o: 8 semanas \u2013 uma aula por semana (60 horas\/aula)<\/p>\n<p>Plataforma Moodle de ensino &#8211; Mediado por Tutores e Monitores<\/p>\n<p>Qualquer d\u00favida entre em contato por meio do e-mail: bvscurso@bireme.org ou nos telefones: 11.55769854 ou 11.55769839 <\/p>\n<p>Esperamos voc\u00ea nesta turma! <\/p>\n<p>Curso a Dist\u00e2ncia da BVS<br \/>\nBIREME\/OPAS\/OMS<br \/>\nbvscurso@bireme.org<\/p>\n","protected":false},"excerpt":{"rendered":"<p>Informativo de curso Temos o prazer de comunicar que est\u00e3o abertas as inscri\u00e7\u00f5es para o Curso a dist\u00e2ncia da BVS \u2013 Acesso \u00e0 informa\u00e7\u00e3o e evid\u00eancias cient\u00edficas para subsidiar decis\u00f5es em Sa\u00fade. O curso aborda os seguintes temas: * Processo de decis\u00e3o em Sa\u00fade Baseada em Evid\u00eancia * Uso dos recursos de pesquisa para a &#8230; <a title=\"Curso a dist\u00e2ncia da BVS &#8211; BIREME\" class=\"read-more\" href=\"https:\/\/mundobibliotecario.com.br\/index.php\/2010\/08\/27\/curso-a-distancia-da-bvs-bireme\/\" aria-label=\"Read more about Curso a dist\u00e2ncia da BVS &#8211; BIREME\">Ler mais<\/a><\/p>\n","protected":false},"author":1,"featured_media":0,"comment_status":"open","ping_status":"open","sticky":false,"template":"","format":"standard","meta":{"_mi_skip_tracking":false,"_exactmetrics_sitenote_active":false,"_exactmetrics_sitenote_note":"","_exactmetrics_sitenote_category":0,"_jetpack_newsletter_access":"","footnotes":""},"categories":[252],"tags":[622,623,556,624],"class_list":["post-1426","post","type-post","status-publish","format-standard","hentry","category-curso","tag-bireme","tag-bvs","tag-curso-2","tag-informacao-em-saude"],"jetpack_featured_media_url":"","jetpack_sharing_enabled":true,"jetpack-related-posts":[{"id":1586,"url":"https:\/\/mundobibliotecario.com.br\/index.php\/2010\/11\/29\/rede-de-informacao-e-conhecimento-e-certificada-pela-bvs\/","url_meta":{"origin":1426,"position":0},"title":"Rede de Informa\u00e7\u00e3o e Conhecimento \u00e9 certificada pela BVS","author":"mundobibliotecario","date":"29\/11\/2010","format":false,"excerpt":"Not\u00edcias 29\/11\/2010 Ag\u00eancia FAPESP \u2013 A Rede de Informa\u00e7\u00e3o e Conhecimento, da Secretaria de Estado da Sa\u00fade de S\u00e3o Paulo (SES\/SP), foi certificada como Biblioteca Virtual de Sa\u00fade (BVS) pelo Centro Latino-Americano e do Caribe de Informa\u00e7\u00e3o em Ci\u00eancias da Sa\u00fade (Bireme) da Organiza\u00e7\u00e3o Pan-Americana da Sa\u00fade (Opas\/OMS). A Rede\u2026","rel":"","context":"Em &quot;Not\u00edcias&quot;","block_context":{"text":"Not\u00edcias","link":"https:\/\/mundobibliotecario.com.br\/index.php\/category\/noticias\/"},"img":{"alt_text":"","src":"","width":0,"height":0},"classes":[]},{"id":1910,"url":"https:\/\/mundobibliotecario.com.br\/index.php\/2011\/03\/27\/curso-da-fiocruz-andando-nas-nuvens\/","url_meta":{"origin":1426,"position":1},"title":"Curso da Fiocruz &#8220;Andando nas nuvens&#8221;","author":"mundobibliotecario","date":"27\/03\/2011","format":false,"excerpt":"\u201cAndando nas nuvens: Introdu\u00e7\u00e3o ao uso das tecnologias interativas na educa\u00e7\u00e3o, pesquisa, gest\u00e3o e sa\u00fade e no\u00e7\u00f5es de computa\u00e7\u00e3o em nuvem\u201d A partir de segunda-feira, 21 de mar\u00e7o, estar\u00e3o abertas as inscri\u00e7\u00f5es para o curso de atualiza\u00e7\u00e3o \u201cAndando nas nuvens: Introdu\u00e7\u00e3o ao uso das tecnologias interativas na educa\u00e7\u00e3o, pesquisa, gest\u00e3o\u2026","rel":"","context":"Em &quot;Curso&quot;","block_context":{"text":"Curso","link":"https:\/\/mundobibliotecario.com.br\/index.php\/category\/curso\/"},"img":{"alt_text":"","src":"","width":0,"height":0},"classes":[]},{"id":4868,"url":"https:\/\/mundobibliotecario.com.br\/index.php\/2011\/03\/27\/curso-da-fiocruz-andando-nas-nuvens-2\/","url_meta":{"origin":1426,"position":2},"title":"Curso da Fiocruz &quot;Andando nas nuvens&quot;","author":"mundobibliotecario","date":"27\/03\/2011","format":false,"excerpt":"\u201cAndando nas nuvens: Introdu\u00e7\u00e3o ao uso das tecnologias interativas na educa\u00e7\u00e3o, pesquisa, gest\u00e3o e sa\u00fade e no\u00e7\u00f5es de computa\u00e7\u00e3o em nuvem\u201d A partir de segunda-feira, 21 de mar\u00e7o, estar\u00e3o abertas as inscri\u00e7\u00f5es para o curso de atualiza\u00e7\u00e3o \u201cAndando nas nuvens: Introdu\u00e7\u00e3o ao uso das tecnologias interativas na educa\u00e7\u00e3o, pesquisa, gest\u00e3o\u2026","rel":"","context":"Em &quot;Curso&quot;","block_context":{"text":"Curso","link":"https:\/\/mundobibliotecario.com.br\/index.php\/category\/curso\/"},"img":{"alt_text":"","src":"","width":0,"height":0},"classes":[]},{"id":4869,"url":"https:\/\/mundobibliotecario.com.br\/index.php\/2011\/03\/27\/curso-da-fiocruz-andando-nas-nuvens-2-2\/","url_meta":{"origin":1426,"position":3},"title":"Curso da Fiocruz &#034;Andando nas nuvens&#034;","author":"mundobibliotecario","date":"27\/03\/2011","format":false,"excerpt":"\u201cAndando nas nuvens: Introdu\u00e7\u00e3o ao uso das tecnologias interativas na educa\u00e7\u00e3o, pesquisa, gest\u00e3o e sa\u00fade e no\u00e7\u00f5es de computa\u00e7\u00e3o em nuvem\u201d A partir de segunda-feira, 21 de mar\u00e7o, estar\u00e3o abertas as inscri\u00e7\u00f5es para o curso de atualiza\u00e7\u00e3o \u201cAndando nas nuvens: Introdu\u00e7\u00e3o ao uso das tecnologias interativas na educa\u00e7\u00e3o, pesquisa, gest\u00e3o\u2026","rel":"","context":"Em &quot;Curso&quot;","block_context":{"text":"Curso","link":"https:\/\/mundobibliotecario.com.br\/index.php\/category\/curso\/"},"img":{"alt_text":"","src":"","width":0,"height":0},"classes":[]},{"id":4913,"url":"https:\/\/mundobibliotecario.com.br\/index.php\/2013\/01\/11\/repositorios-institucionais-sao-tema-do-curso-de-especializacao-na-fiocruz-2\/","url_meta":{"origin":1426,"position":4},"title":"&quot;Reposit\u00f3rios institucionais&quot; s\u00e3o tema do curso de especializa\u00e7\u00e3o na Fiocruz","author":"mundobibliotecario","date":"11\/01\/2013","format":false,"excerpt":"Inscri\u00e7\u00f5es ir\u00e3o at\u00e9 21 de fevereiro e as vagas s\u00e3o limitadas \u00a0Est\u00e3o abertas at\u00e9 21\/2 as inscri\u00e7\u00f5es para a sele\u00e7\u00e3o do curso de especializa\u00e7\u00e3o\u00a0lato sensu\u00a0em Informa\u00e7\u00e3o Cient\u00edfica e Tecnol\u00f3gica em Sa\u00fade (ICTS\/Icict\/Fiocruz). Este ano,\u00a0o curso\u00a0ter\u00e1 como tema \"Reposit\u00f3rios Institucionais\", com foco nos quatro eixos que comp\u00f5em o curso: \"acesso\", \"organiza\u00e7\u00e3o\",\u2026","rel":"","context":"Em &quot;Curso&quot;","block_context":{"text":"Curso","link":"https:\/\/mundobibliotecario.com.br\/index.php\/category\/curso\/"},"img":{"alt_text":"","src":"","width":0,"height":0},"classes":[]},{"id":4915,"url":"https:\/\/mundobibliotecario.com.br\/index.php\/2013\/01\/11\/repositorios-institucionais-sao-tema-do-curso-de-especializacao-na-fiocruz-2-2\/","url_meta":{"origin":1426,"position":5},"title":"&#034;Reposit\u00f3rios institucionais&#034; s\u00e3o tema do curso de especializa\u00e7\u00e3o na Fiocruz","author":"mundobibliotecario","date":"11\/01\/2013","format":false,"excerpt":"Inscri\u00e7\u00f5es ir\u00e3o at\u00e9 21 de fevereiro e as vagas s\u00e3o limitadas \u00a0Est\u00e3o abertas at\u00e9 21\/2 as inscri\u00e7\u00f5es para a sele\u00e7\u00e3o do curso de especializa\u00e7\u00e3o\u00a0lato sensu\u00a0em Informa\u00e7\u00e3o Cient\u00edfica e Tecnol\u00f3gica em Sa\u00fade (ICTS\/Icict\/Fiocruz). Este ano,\u00a0o curso\u00a0ter\u00e1 como tema \"Reposit\u00f3rios Institucionais\", com foco nos quatro eixos que comp\u00f5em o curso: \"acesso\", \"organiza\u00e7\u00e3o\",\u2026","rel":"","context":"Em &quot;Curso&quot;","block_context":{"text":"Curso","link":"https:\/\/mundobibliotecario.com.br\/index.php\/category\/curso\/"},"img":{"alt_text":"","src":"","width":0,"height":0},"classes":[]}],"jetpack_likes_enabled":true,"jetpack_shortlink":"https:\/\/wp.me\/pcbzwa-n0","_links":{"self":[{"href":"https:\/\/mundobibliotecario.com.br\/index.php\/wp-json\/wp\/v2\/posts\/1426","targetHints":{"allow":["GET"]}}],"collection":[{"href":"https:\/\/mundobibliotecario.com.br\/index.php\/wp-json\/wp\/v2\/posts"}],"about":[{"href":"https:\/\/mundobibliotecario.com.br\/index.php\/wp-json\/wp\/v2\/types\/post"}],"author":[{"embeddable":true,"href":"https:\/\/mundobibliotecario.com.br\/index.php\/wp-json\/wp\/v2\/users\/1"}],"replies":[{"embeddable":true,"href":"https:\/\/mundobibliotecario.com.br\/index.php\/wp-json\/wp\/v2\/comments?post=1426"}],"version-history":[{"count":0,"href":"https:\/\/mundobibliotecario.com.br\/index.php\/wp-json\/wp\/v2\/posts\/1426\/revisions"}],"wp:attachment":[{"href":"https:\/\/mundobibliotecario.com.br\/index.php\/wp-json\/wp\/v2\/media?parent=1426"}],"wp:term":[{"taxonomy":"category","embeddable":true,"href":"https:\/\/mundobibliotecario.com.br\/index.php\/wp-json\/wp\/v2\/categories?post=1426"},{"taxonomy":"post_tag","embeddable":true,"href":"https:\/\/mundobibliotecario.com.br\/index.php\/wp-json\/wp\/v2\/tags?post=1426"}],"curies":[{"name":"wp","href":"https:\/\/api.w.org\/{rel}","templated":true}]}}