{"id":1436,"date":"2010-09-04T14:08:05","date_gmt":"2010-09-04T17:08:05","guid":{"rendered":"http:\/\/mundobibliotecario.wordpress.com\/?p=1436"},"modified":"2010-09-04T14:08:05","modified_gmt":"2010-09-04T17:08:05","slug":"coloquio-gratuito-sobre-biblioteca-escolar","status":"publish","type":"post","link":"https:\/\/mundobibliotecario.com.br\/index.php\/2010\/09\/04\/coloquio-gratuito-sobre-biblioteca-escolar\/","title":{"rendered":"Col\u00f3quio Gratuito sobre Biblioteca Escolar"},"content":{"rendered":"<p>Caro Bibliotec\u00e1rio, tivemos problemas t\u00e9cnicos em nosso sistema de inscri\u00e7\u00e3o do Col\u00f3quio Gratuito sobre Biblioteca Escolar,<br \/>\na se realizar no dia 11 de setembro, s\u00e1bado, das 9h \u00e0s 12h30min, na sede do CRB-8.<\/p>\n<p>Katharina Berg, diretora para Am\u00e9rica Latina e Caribe da IASL (International Association of School Librarianship),<br \/>\nfalar\u00e1 sobre o papel do bibliotec\u00e1rio como participante ativo e inovador na educa\u00e7\u00e3o.<\/p>\n<p>Assim, solicitamos aos interessados em participar que se inscrevam agora nos enviando por e-mail:<\/p>\n<p>Nome completo:<\/p>\n<p>Registro CRB-8:<\/p>\n<p>Endere\u00e7o completo:<\/p>\n<p>Telefone comercial:<\/p>\n<p>Telefone residencial: <\/p>\n<p>E-mail:<\/p>\n<p>Cargo e institui\u00e7\u00e3o onde trabalha:<\/p>\n<p>Participe da nossa rede social:<br \/>\nBlog http:\/\/crb8sp.blogspot.com\/<br \/>\nTwitter http:\/\/twitter.com\/CRB8sp (@crb8sp)<br \/>\nFacebook http:\/\/www.facebook.com\/crbsp<br \/>\nOrkut http:\/\/www.orkut.com.br\/Main#Profile?uid=15061866742703953715 (CRB-8 SP)<br \/>\nPicasa http:\/\/picasaweb.google.com\/114624781423665667523 <\/p>\n<p>A Diretoria<br \/>\nCRB-8<br \/>\ncrb8@crb8.org.br<br \/>\ntel. 5082-1404<br \/>\nEstamos a 10 minutos da Esta\u00e7\u00e3o de metr\u00f4 Ana Rosa, na Rua Maracaj\u00fa, 58, Vila Mariana, S\u00e3o Paulo\/SP.<\/p>\n","protected":false},"excerpt":{"rendered":"<p>Caro Bibliotec\u00e1rio, tivemos problemas t\u00e9cnicos em nosso sistema de inscri\u00e7\u00e3o do Col\u00f3quio Gratuito sobre Biblioteca Escolar, a se realizar no dia 11 de setembro, s\u00e1bado, das 9h \u00e0s 12h30min, na sede do CRB-8. Katharina Berg, diretora para Am\u00e9rica Latina e Caribe da IASL (International Association of School Librarianship), falar\u00e1 sobre o papel do bibliotec\u00e1rio como &#8230; <a title=\"Col\u00f3quio Gratuito sobre Biblioteca Escolar\" class=\"read-more\" href=\"https:\/\/mundobibliotecario.com.br\/index.php\/2010\/09\/04\/coloquio-gratuito-sobre-biblioteca-escolar\/\" aria-label=\"Read more about Col\u00f3quio Gratuito sobre Biblioteca Escolar\">Ler mais<\/a><\/p>\n","protected":false},"author":1,"featured_media":0,"comment_status":"open","ping_status":"open","sticky":false,"template":"","format":"standard","meta":{"_mi_skip_tracking":false,"_exactmetrics_sitenote_active":false,"_exactmetrics_sitenote_note":"","_exactmetrics_sitenote_category":0,"_jetpack_newsletter_access":"","footnotes":""},"categories":[27],"tags":[462,98],"class_list":["post-1436","post","type-post","status-publish","format-standard","hentry","category-eventos","tag-biblioteca-escolar","tag-crb-8"],"jetpack_featured_media_url":"","jetpack_sharing_enabled":true,"jetpack-related-posts":[{"id":2950,"url":"https:\/\/mundobibliotecario.com.br\/index.php\/2013\/02\/26\/convite-aberto-aos-bibliotecarios-estudantes-de-biblioteconomia-tecnicos-assistentes-e-auxiliares-de-biblioteca-do-estado-de-sao-paulo\/","url_meta":{"origin":1436,"position":0},"title":"Convite aberto aos bibliotec\u00e1rios, estudantes de biblioteconomia, t\u00e9cnicos, assistentes e auxiliares de biblioteca do Estado de S\u00e3o Paulo","author":"mundobibliotecario","date":"26\/02\/2013","format":false,"excerpt":"Prezados colegas, O pr\u00f3ximo \u201cDebate sobre o movimento associativo dos bibliotec\u00e1rios paulistas: a associa\u00e7\u00e3o\u00a0que queremos\u201d, ser\u00e1 no dia 27\/02, \u00e0s 19h30, no Audit\u00f3rio Paulo Em\u00edlio, 2\u00ba andar do pr\u00e9dio\u00a0Central da Escola de Comunica\u00e7\u00f5es e Artes da USP, situado na Avenida Prof. Luciano Martins\u00a0Rodrigues, n\u00ba 443. Concomitante ser\u00e1 transmitido na internet\u2026","rel":"","context":"Em &quot;Eventos&quot;","block_context":{"text":"Eventos","link":"https:\/\/mundobibliotecario.com.br\/index.php\/category\/eventos\/"},"img":{"alt_text":"","src":"","width":0,"height":0},"classes":[]},{"id":158,"url":"https:\/\/mundobibliotecario.com.br\/index.php\/2008\/11\/03\/revista-digital-crb-8-aborda-o-tema-bibliotecas-escolares\/","url_meta":{"origin":1436,"position":1},"title":"Revista Digital CRB-8 aborda o tema Bibliotecas Escolares","author":"mundobibliotecario","date":"03\/11\/2008","format":false,"excerpt":"Algumas apresenta\u00e7\u00f5es realizadas nos eventos, organizados pelo CRB-8 e pela IASL \u2013 International Association of School Libratianship, est\u00e3o dispon\u00edveis na Revista Digital CRB-8: \u00a0 Fonte: Boletim Bob News, CRB-8, S\u00e3o Paulo, 30 out. 2008 - Edi\u00e7\u00e3o 46.","rel":"","context":"Em &quot;Not\u00edcias&quot;","block_context":{"text":"Not\u00edcias","link":"https:\/\/mundobibliotecario.com.br\/index.php\/category\/noticias\/"},"img":{"alt_text":"","src":"","width":0,"height":0},"classes":[]},{"id":8407,"url":"https:\/\/mundobibliotecario.com.br\/index.php\/2021\/03\/01\/live-crb-8-bibliotecas-essenciais-em-tempos-de-incerteza\/","url_meta":{"origin":1436,"position":2},"title":"Live CRB-8: &#8220;Bibliotecas essenciais em tempos de incerteza&#8221;","author":"mundobibliotecario","date":"01\/03\/2021","format":false,"excerpt":"O CRB-8 preparou uma s\u00e9rie de lives para o m\u00eas de mar\u00e7o em comemora\u00e7\u00e3o ao Dia do Bibliotec\u00e1rio, celebrado anualmente no Brasil em 12 de mar\u00e7o. A primeira delas \u00e9 \"Bibliotecas essenciais em tempos de incerteza\", com a participa\u00e7\u00e3o de Gonzalo Oyarz\u00fan e Carli Cordeiro.","rel":"","context":"Em &quot;Eventos&quot;","block_context":{"text":"Eventos","link":"https:\/\/mundobibliotecario.com.br\/index.php\/category\/eventos\/"},"img":{"alt_text":"Capa","src":"https:\/\/i0.wp.com\/mundobibliotecario.com.br\/wp-content\/uploads\/2021\/02\/Capa-program_mes-2.png?resize=350%2C200&ssl=1","width":350,"height":200},"classes":[]},{"id":2716,"url":"https:\/\/mundobibliotecario.com.br\/index.php\/2012\/09\/20\/criacao-da-associacao-de-bibliotecarios-no-estado-de-sao-paulo-dia-1610-no-crb-8\/","url_meta":{"origin":1436,"position":3},"title":"Cria\u00e7\u00e3o da Associa\u00e7\u00e3o de Bibliotec\u00e1rios no Estado de S\u00e3o Paulo dia 16\/10 no CRB-8","author":"mundobibliotecario","date":"20\/09\/2012","format":false,"excerpt":"Convidamos todos os bibliotec\u00e1rios para participarem no dia 16 de outubro de 2012, das 19h \u00e0s 21h, de reuni\u00e3o para tratar da reabertura ou cria\u00e7\u00e3o de Associa\u00e7\u00e3o de Bibliotec\u00e1rios no Estado de S\u00e3o Paulo. Local: CRB-8 \u2013 Rua Maracaju, 58 \u2013 Vila Mariana (altura da Rua Cubat\u00e3o, n. 1066) Sua\u2026","rel":"","context":"Em &quot;Not\u00edcias&quot;","block_context":{"text":"Not\u00edcias","link":"https:\/\/mundobibliotecario.com.br\/index.php\/category\/noticias\/"},"img":{"alt_text":"","src":"","width":0,"height":0},"classes":[]},{"id":532,"url":"https:\/\/mundobibliotecario.com.br\/index.php\/2009\/04\/08\/web-20\/","url_meta":{"origin":1436,"position":4},"title":"Web 2.0","author":"mundobibliotecario","date":"08\/04\/2009","format":false,"excerpt":"Encaminhando mensagem da Professora Ursula Blattmann,\u00a0recebida por e-mail, via lista de discuss\u00e3o. No Dia do Bibliotec\u00e1rio tivemos a honra de participar do evento\u00a0realizado em parceria do Instituto Goethe de Porto Alegre, a FABICO -\u00a0 UFRGS, ARB e CRB-10. Como algumas pessoas solicitaram a disponibiliza\u00e7\u00e3o das palestras\u00a0realizadas pela colega Teresa Laranjeiro\u2026","rel":"","context":"Em &quot;Not\u00edcias&quot;","block_context":{"text":"Not\u00edcias","link":"https:\/\/mundobibliotecario.com.br\/index.php\/category\/noticias\/"},"img":{"alt_text":"","src":"","width":0,"height":0},"classes":[]},{"id":8432,"url":"https:\/\/mundobibliotecario.com.br\/index.php\/2021\/03\/12\/live-crb-8-dia-dao-bibliotecariao-a-vida-e-feita-de-encontros\/","url_meta":{"origin":1436,"position":5},"title":"Live CRB-8 &#8220;Dia da(o) bibliotec\u00e1ria(o): a vida \u00e9 feita de encontros?","author":"mundobibliotecario","date":"12\/03\/2021","format":false,"excerpt":"","rel":"","context":"Em &quot;Eventos&quot;","block_context":{"text":"Eventos","link":"https:\/\/mundobibliotecario.com.br\/index.php\/category\/eventos\/"},"img":{"alt_text":"Capa","src":"https:\/\/i0.wp.com\/mundobibliotecario.com.br\/wp-content\/uploads\/2021\/02\/Capa-program_mes-2.png?resize=350%2C200&ssl=1","width":350,"height":200},"classes":[]}],"jetpack_likes_enabled":true,"jetpack_shortlink":"https:\/\/wp.me\/pcbzwa-na","_links":{"self":[{"href":"https:\/\/mundobibliotecario.com.br\/index.php\/wp-json\/wp\/v2\/posts\/1436","targetHints":{"allow":["GET"]}}],"collection":[{"href":"https:\/\/mundobibliotecario.com.br\/index.php\/wp-json\/wp\/v2\/posts"}],"about":[{"href":"https:\/\/mundobibliotecario.com.br\/index.php\/wp-json\/wp\/v2\/types\/post"}],"author":[{"embeddable":true,"href":"https:\/\/mundobibliotecario.com.br\/index.php\/wp-json\/wp\/v2\/users\/1"}],"replies":[{"embeddable":true,"href":"https:\/\/mundobibliotecario.com.br\/index.php\/wp-json\/wp\/v2\/comments?post=1436"}],"version-history":[{"count":0,"href":"https:\/\/mundobibliotecario.com.br\/index.php\/wp-json\/wp\/v2\/posts\/1436\/revisions"}],"wp:attachment":[{"href":"https:\/\/mundobibliotecario.com.br\/index.php\/wp-json\/wp\/v2\/media?parent=1436"}],"wp:term":[{"taxonomy":"category","embeddable":true,"href":"https:\/\/mundobibliotecario.com.br\/index.php\/wp-json\/wp\/v2\/categories?post=1436"},{"taxonomy":"post_tag","embeddable":true,"href":"https:\/\/mundobibliotecario.com.br\/index.php\/wp-json\/wp\/v2\/tags?post=1436"}],"curies":[{"name":"wp","href":"https:\/\/api.w.org\/{rel}","templated":true}]}}