{"id":1496,"date":"2010-10-07T17:43:20","date_gmt":"2010-10-07T20:43:20","guid":{"rendered":"http:\/\/mundobibliotecario.wordpress.com\/?p=1496"},"modified":"2020-07-21T23:25:41","modified_gmt":"2020-07-22T02:25:41","slug":"1496","status":"publish","type":"post","link":"https:\/\/mundobibliotecario.com.br\/index.php\/2010\/10\/07\/1496\/","title":{"rendered":"iPRES 2010"},"content":{"rendered":"<p>the release of a new Factsheet from the Keeping Research Data Safe (KRDS) project on the costs and benefits of digital preservation. is available for download as a PDF from <\/p>\n<p>If you are attending the  iPRES 2010 conference in Vienna next week there will be print copies available on the JISC stand.<\/p>\n<p>The A4 four-page factsheet is intended to be suitable for senior managers and others interested in a concise summary of  our key findings. It will be relevant to all repositories and institutions holding digital material but of particular interest to anyone responsible for or involved in the long-term management of research data.<\/p>\n<p>The factsheet covers the following major areas:<\/p>\n<p>                Cost issues in digital preservation (what costs most, impact of fixed costs, declining costs over time);<\/p>\n<p>                Benefits from digital preservation (benefits taxonomy, direct benefits, indirect benefits, near-term benefits, long-term benefits);<\/p>\n<p>                Institutional issues (repository models and structures, key cost variables, data collection levels).<\/p>\n<p>We hope the Factsheet will be of value to the digital preservation and research data communities and plan to release a further KRDS publication later this year (a KRDS User Guide).<\/p>\n<p>The Keeping Research Data Safe studies have been funded by JISC and conducted by a partnership of the following institutions: Charles Beagrie Ltd, OCLC Research, the UK Data Archive, the Archaeology Data Service, the University of London Computer Centre, and the universities of Cambridge, King\u2019s College London, Oxford and Southampton. <\/p>\n<p>Neil Beagrie<\/p>\n<p>Charles Beagrie Ltd<\/p>\n<p>Digital Access and Preservation<\/p>\n<p>Management and Research Consultancy<\/p>\n<p>Website: www.beagrie.com<\/p>\n<p>Blog: www.blog.beagrie.com<\/p>\n","protected":false},"excerpt":{"rendered":"<p>the release of a new Factsheet from the Keeping Research Data Safe (KRDS) project on the costs and benefits of digital preservation. is available for download as a PDF from If you are attending the iPRES 2010 conference in Vienna next week there will be print copies available on the JISC stand. The A4 four-page &#8230; <a title=\"iPRES 2010\" class=\"read-more\" href=\"https:\/\/mundobibliotecario.com.br\/index.php\/2010\/10\/07\/1496\/\" aria-label=\"Read more about iPRES 2010\">Ler mais<\/a><\/p>\n","protected":false},"author":1,"featured_media":0,"comment_status":"open","ping_status":"open","sticky":false,"template":"","format":"standard","meta":{"_mi_skip_tracking":false,"_exactmetrics_sitenote_active":false,"_exactmetrics_sitenote_note":"","_exactmetrics_sitenote_category":0,"_jetpack_newsletter_access":"","footnotes":""},"categories":[27],"tags":[301],"class_list":["post-1496","post","type-post","status-publish","format-standard","hentry","category-eventos","tag-preservacao-digital"],"jetpack_featured_media_url":"","jetpack_sharing_enabled":true,"jetpack-related-posts":[{"id":1492,"url":"https:\/\/mundobibliotecario.com.br\/index.php\/2010\/10\/07\/iassist-2011-call-for-papers\/","url_meta":{"origin":1496,"position":0},"title":"IASSIST 2011 &#8211; Call for Papers","author":"mundobibliotecario","date":"07\/10\/2010","format":false,"excerpt":"CALL FOR PAPERS IASSIST 2011: Data Science Professionals: a Global Community of Sharing The 37th International Association for Social Science Information Services and Technology (IASSIST) annual conference will be hosted by Simon Fraser University and University of British Columbia and will be held in Vancouver, Canada, May 31 - June\u2026","rel":"","context":"Em &quot;Eventos&quot;","block_context":{"text":"Eventos","link":"https:\/\/mundobibliotecario.com.br\/index.php\/category\/eventos\/"},"img":{"alt_text":"","src":"","width":0,"height":0},"classes":[]},{"id":1274,"url":"https:\/\/mundobibliotecario.com.br\/index.php\/2010\/05\/18\/digital-curation-and-preservation-bibliography-version-1\/","url_meta":{"origin":1496,"position":1},"title":"Digital Curation and Preservation Bibliography, Version 1","author":"mundobibliotecario","date":"18\/05\/2010","format":false,"excerpt":"Version one of the Digital Curation and Preservation Bibliography is now available from Digital Scholarship. http:\/\/digital-scholarship.org\/dcpb\/dcpb.htm This bibliography presents over 360 selected English-language articles, books, and technical reports that are useful in understanding digital curation and preservation. Most sources have been published between 2000 and the present; however, a limited\u2026","rel":"","context":"Em &quot;Not\u00edcias&quot;","block_context":{"text":"Not\u00edcias","link":"https:\/\/mundobibliotecario.com.br\/index.php\/category\/noticias\/"},"img":{"alt_text":"","src":"","width":0,"height":0},"classes":[]},{"id":2413,"url":"https:\/\/mundobibliotecario.com.br\/index.php\/2012\/01\/20\/law-libraries-on-the-web\/","url_meta":{"origin":1496,"position":2},"title":"Law libraries on the web!","author":"mundobibliotecario","date":"20\/01\/2012","format":false,"excerpt":"This post is the translated version of \"Bibliotecas jur\u00eddicas na web!\" Digital Library of the Senate Users: Digital Library of the Senate, built on the DSpace software, content available to anyone interested in issues related to the Brazilian Legislature, from operators to the right of the citizen in search of\u2026","rel":"","context":"Em &quot;Not\u00edcias&quot;","block_context":{"text":"Not\u00edcias","link":"https:\/\/mundobibliotecario.com.br\/index.php\/category\/noticias\/"},"img":{"alt_text":"","src":"","width":0,"height":0},"classes":[]},{"id":1483,"url":"https:\/\/mundobibliotecario.com.br\/index.php\/2010\/10\/06\/international-conference-of-asian-special-libraries-2011\/","url_meta":{"origin":1496,"position":3},"title":"International Conference of Asian Special Libraries 2011","author":"mundobibliotecario","date":"06\/10\/2010","format":false,"excerpt":"International Conference of\u00a0Asian Special Libraries\u00a0(ICoASL 2011)\u00a0on\u00a0Building User Trust:\u00a0The Key to Special Libraries Renaissance in Digital Era 10 \u2013 12 February 2011 Tokyo, Japan Venue United Nations University, Tokyo, Japan Organized by Special Libraries Association \u2013 Asian Chapter in association with Japan Special Libraries Association (JSLA) After the overwhelming success of\u2026","rel":"","context":"Em &quot;Eventos&quot;","block_context":{"text":"Eventos","link":"https:\/\/mundobibliotecario.com.br\/index.php\/category\/eventos\/"},"img":{"alt_text":"","src":"","width":0,"height":0},"classes":[]},{"id":2566,"url":"https:\/\/mundobibliotecario.com.br\/index.php\/2012\/05\/01\/knowing-the-journal-of-electronic-court-of-the-superior-court-of-justice\/","url_meta":{"origin":1496,"position":4},"title":"Knowing the Journal of Electronic Court of the Superior Court of Justice","author":"mundobibliotecario","date":"01\/05\/2012","format":false,"excerpt":"The Journal of Electronic Court of the Superior Court was established by Resolution No. 8, 20\/09\/2007.According to article 1 of the afore mentioned resolution, it is a \"[...] instrument of publication of judicial, administrative and communication in general.\" (BRASIL, 2007, p. 114). As a result, access has expanded, as is\u2026","rel":"","context":"Em &quot;Not\u00edcias&quot;","block_context":{"text":"Not\u00edcias","link":"https:\/\/mundobibliotecario.com.br\/index.php\/category\/noticias\/"},"img":{"alt_text":"","src":"","width":0,"height":0},"classes":[]},{"id":4639,"url":"https:\/\/mundobibliotecario.com.br\/index.php\/2018\/01\/18\/2018-ifla-world-library-and-information-congress-participation-grants\/","url_meta":{"origin":1496,"position":5},"title":"2018 IFLA World Library and Information Congress Participation Grants","author":"mundobibliotecario","date":"18\/01\/2018","format":false,"excerpt":"A IFLA est\u00e1 oferecendo subs\u00eddios para participar do congresso mundial de 2018 na Mal\u00e1sia! Inscri\u00e7\u00f5es at\u00e9 1\/3\/18! Veja como participar! \u00a0 IFLA\u00a0World Library and Information Congress Participation Grants\u00a0\u00a0\u00a0\u00a0\u00a0\u00a0\u00a0\u00a0\u00a0\u00a0\u00a0\u00a0\u00a0\u00a0\u00a0\u00a0\u00a0 It is our great pleasure to announce that the\u00a0IFLA\u00a0World Library and Information Congress 2018 has made available funds to provide support for\u00a020\u2026","rel":"","context":"Em &quot;Eventos&quot;","block_context":{"text":"Eventos","link":"https:\/\/mundobibliotecario.com.br\/index.php\/category\/eventos\/"},"img":{"alt_text":"","src":"","width":0,"height":0},"classes":[]}],"jetpack_likes_enabled":true,"jetpack_shortlink":"https:\/\/wp.me\/scbzwa-1496","_links":{"self":[{"href":"https:\/\/mundobibliotecario.com.br\/index.php\/wp-json\/wp\/v2\/posts\/1496","targetHints":{"allow":["GET"]}}],"collection":[{"href":"https:\/\/mundobibliotecario.com.br\/index.php\/wp-json\/wp\/v2\/posts"}],"about":[{"href":"https:\/\/mundobibliotecario.com.br\/index.php\/wp-json\/wp\/v2\/types\/post"}],"author":[{"embeddable":true,"href":"https:\/\/mundobibliotecario.com.br\/index.php\/wp-json\/wp\/v2\/users\/1"}],"replies":[{"embeddable":true,"href":"https:\/\/mundobibliotecario.com.br\/index.php\/wp-json\/wp\/v2\/comments?post=1496"}],"version-history":[{"count":1,"href":"https:\/\/mundobibliotecario.com.br\/index.php\/wp-json\/wp\/v2\/posts\/1496\/revisions"}],"predecessor-version":[{"id":6760,"href":"https:\/\/mundobibliotecario.com.br\/index.php\/wp-json\/wp\/v2\/posts\/1496\/revisions\/6760"}],"wp:attachment":[{"href":"https:\/\/mundobibliotecario.com.br\/index.php\/wp-json\/wp\/v2\/media?parent=1496"}],"wp:term":[{"taxonomy":"category","embeddable":true,"href":"https:\/\/mundobibliotecario.com.br\/index.php\/wp-json\/wp\/v2\/categories?post=1496"},{"taxonomy":"post_tag","embeddable":true,"href":"https:\/\/mundobibliotecario.com.br\/index.php\/wp-json\/wp\/v2\/tags?post=1496"}],"curies":[{"name":"wp","href":"https:\/\/api.w.org\/{rel}","templated":true}]}}