{"id":1523,"date":"2010-10-24T18:15:37","date_gmt":"2010-10-24T21:15:37","guid":{"rendered":"http:\/\/mundobibliotecario.wordpress.com\/?p=1523"},"modified":"2010-10-24T18:15:37","modified_gmt":"2010-10-24T21:15:37","slug":"sobre-o-snbu-2010","status":"publish","type":"post","link":"https:\/\/mundobibliotecario.com.br\/index.php\/2010\/10\/24\/sobre-o-snbu-2010\/","title":{"rendered":"Sobre o SNBU 2010"},"content":{"rendered":"<p>L\u00e1 vou eu tecer considera\u00e7\u00f5es sobre o SNBU&#8230;<\/p>\n<p>Se me pedirem para me resumir o congresso e o futuro da Biblioteconomia em uma palavra, ei-la: <strong>tecnologia<\/strong>. Aplica\u00e7\u00f5es gratuitas disponibilizadas pela Internet (leia-se blog, twitter, facebook, orkut, delicious etc. etc.) est\u00e3o, de fato, sendo utilizadas pelas bibliotecas universit\u00e1rias brasileiras e nesse SNBU acredito que possa afirmar sem medo de errar que foram apresentados os primeiros resultados acerca do uso dessas ferramentas, as primeiras experi\u00eancias e usos. Isso sem falar no uso constante do twitter por congressistas e palestrantes, eliminando quaisquer fronteiras para que n\u00e3o esteve presente.<\/p>\n<p>No pr\u00f3ximo SNBU, que ser\u00e1 em 2012 na cidade de Gramado &#8211; RS, acredito que veremos mais coisas do tipo como:<\/p>\n<p>&#8211; aplica\u00e7\u00f5es das ferramentas mencionadas para aplicativos m\u00f3veis;<br \/>\n&#8211; aquisi\u00e7\u00f5es\/tratamento&#8230; enfim, todo o processo document\u00e1rio de e-books (que j\u00e1 \u00e9 realidade em algumas institui\u00e7\u00f5es brasileiras);<br \/>\n&#8211; diante disso, ser\u00e1 necess\u00e1rio adaptar ou (o que seria ideal, embora n\u00e3o goste da palavra) criar metodologias para avalia\u00e7\u00e3o daquelas ferramentas, quest\u00e3o que j\u00e1 vem me perturbando h\u00e1 um tempo no que tange ao estudo online de usu\u00e1rios\/estudo de usu\u00e1rios online.<\/p>\n<p>Diante disso, s\u00f3 se pode falar que a tecnologia exige que a Biblioteconomia se reinvente a cada dia, mas particularmente prefiro que a Biblioteconomia reinvente a tecnologia a seu favor, para que as ferramentas hoje utilizadas atendam, realmente, as necessidades dos usu\u00e1rios, e que n\u00e3o seja mero modismo. \u00c9 <del datetime=\"2010-10-24T20:56:27+00:00\">um pouco<\/del> clich\u00ea, mas vale a frase: a tecnologia deve ser utilizada como fim, e n\u00e3o como meio.<\/p>\n<p>Considera\u00e7\u00f5es particulares sobre\u00a0o evento (mais ou menos similares \u00e0s do CBBD 2009):<\/p>\n<p>&#8211; atrasos nos hor\u00e1rios das apresenta\u00e7\u00f5es dos trabalhos;<\/p>\n<p>&#8211; os p\u00f4steres ficaram em um lugar de pouca circula\u00e7\u00e3o;<\/p>\n<p>&#8211; o hor\u00e1rio do coffe-break foi um tanto &#8220;assustador&#8221; pelo comportamento das pessoas (afaste-se&#8230; abriram as portas das salas!);<\/p>\n<p>&#8211; n\u00e3o sei se aconteceu com mais algu\u00e9m, mais os anais que recebi n\u00e3o abrem o texto quando clico no t\u00edtulo: tenho que ca\u00e7ar o texto na pasta, na unha, pelo n\u00famero&#8230; organiza\u00e7\u00e3o da informa\u00e7\u00e3o para qu\u00ea? Absurdo, n\u00e3o \u00e9 n\u00e3o?<\/p>\n","protected":false},"excerpt":{"rendered":"<p>L\u00e1 vou eu tecer considera\u00e7\u00f5es sobre o SNBU&#8230; Se me pedirem para me resumir o congresso e o futuro da Biblioteconomia em uma palavra, ei-la: tecnologia. Aplica\u00e7\u00f5es gratuitas disponibilizadas pela Internet (leia-se blog, twitter, facebook, orkut, delicious etc. etc.) est\u00e3o, de fato, sendo utilizadas pelas bibliotecas universit\u00e1rias brasileiras e nesse SNBU acredito que possa afirmar &#8230; <a title=\"Sobre o SNBU 2010\" class=\"read-more\" href=\"https:\/\/mundobibliotecario.com.br\/index.php\/2010\/10\/24\/sobre-o-snbu-2010\/\" aria-label=\"Read more about Sobre o SNBU 2010\">Ler mais<\/a><\/p>\n","protected":false},"author":1,"featured_media":0,"comment_status":"open","ping_status":"open","sticky":false,"template":"","format":"standard","meta":{"_mi_skip_tracking":false,"_exactmetrics_sitenote_active":false,"_exactmetrics_sitenote_note":"","_exactmetrics_sitenote_category":0,"_jetpack_newsletter_access":"","footnotes":""},"categories":[3],"tags":[586],"class_list":["post-1523","post","type-post","status-publish","format-standard","hentry","category-reflexoes","tag-snbu-2010"],"jetpack_featured_media_url":"","jetpack_sharing_enabled":true,"jetpack-related-posts":[{"id":1331,"url":"https:\/\/mundobibliotecario.com.br\/index.php\/2010\/06\/30\/prorrogado-snbu-2010\/","url_meta":{"origin":1523,"position":0},"title":"Prorrogado SNBU 2010","author":"mundobibliotecario","date":"30\/06\/2010","format":false,"excerpt":"Informe saindo do forno: o prazo para envio dos trabalhos cient\u00edficos para o SNBU 2010 foi prorrogado at\u00e9 05\/07! \u00a0Confira a nota no site do evento.","rel":"","context":"Em &quot;Not\u00edcias&quot;","block_context":{"text":"Not\u00edcias","link":"https:\/\/mundobibliotecario.com.br\/index.php\/category\/noticias\/"},"img":{"alt_text":"","src":"","width":0,"height":0},"classes":[]},{"id":5013,"url":"https:\/\/mundobibliotecario.com.br\/index.php\/2018\/10\/23\/anais-do-xx-seminario-nacional-de-bibliotecas-universitarias-snbu-2018\/","url_meta":{"origin":1523,"position":1},"title":"Anais do XX Semin\u00e1rio Nacional de Bibliotecas Universit\u00e1rias (SNBU 2018)","author":"mundobibliotecario","date":"23\/10\/2018","format":false,"excerpt":"Os anais do\u00a0Anais do XX Semin\u00e1rio Nacional de Bibliotecas Universit\u00e1rias (SNBU 2018) foram publicados e est\u00e3o dispon\u00edveis para download no Reposit\u00f3rio da UFBA:\u00a0https:\/\/repositorio.ufba.br\/ri\/handle\/ri\/27708. Veja abaixo o resumo da publica\u00e7\u00e3o: Em 2018, Salvador sediou o Semin\u00e1rio Nacional de Bibliotecas Universit\u00e1rias, o XX SNBU, organizado pelo Sistema Universit\u00e1rio de Bibliotecas da Universidade\u2026","rel":"","context":"Em &quot;Not\u00edcias&quot;","block_context":{"text":"Not\u00edcias","link":"https:\/\/mundobibliotecario.com.br\/index.php\/category\/noticias\/"},"img":{"alt_text":"","src":"","width":0,"height":0},"classes":[]},{"id":3643,"url":"https:\/\/mundobibliotecario.com.br\/index.php\/2014\/11\/16\/snbu-2014-dia-16112014\/","url_meta":{"origin":1523,"position":2},"title":"SNBU 2014: dia 16\/11\/2014","author":"mundobibliotecario","date":"16\/11\/2014","format":false,"excerpt":"A XVIII edi\u00e7\u00e3o do Semin\u00e1rio Nacional de Bibliotecas Universit\u00e1rias (SNBU), realizada em 2014 na cidade de Belho Horizonte (MG), teve in\u00edcio no dia 16\/11 com a realiza\u00e7\u00e3o de minicursos e eventos simult\u00e2neos que est\u00e3o dispon\u00edveis na programa\u00e7\u00e3o. A noite, um pouco depois das 20h00 teve in\u00edcio a abertura. Na mesa\u2026","rel":"","context":"Em &quot;Eventos&quot;","block_context":{"text":"Eventos","link":"https:\/\/mundobibliotecario.com.br\/index.php\/category\/eventos\/"},"img":{"alt_text":"","src":"","width":0,"height":0},"classes":[]},{"id":38,"url":"https:\/\/mundobibliotecario.com.br\/index.php\/2008\/08\/09\/xv-seminario-nacional-de-bibliotecas-universitarias\/","url_meta":{"origin":1523,"position":3},"title":"XV Semin\u00e1rio Nacional de Bibliotecas Universit\u00e1rias","author":"mundobibliotecario","date":"09\/08\/2008","format":false,"excerpt":"O XV Semin\u00e1rio Nacional de Bibliotecas Universit\u00e1rias (SNBU) ser\u00e1 realizado em S\u00e3o Paulo, de 10 a 14 de novembro. O evento ocorrer\u00e1 no Pal\u00e1cio de Conven\u00e7\u00f5es\u00a0do Anhembi, localizado \u00e0 Avenida Olavo Fontura, 1209 - S\u00e3o Paulo\/SP. A edi\u00e7\u00e3o de 2008 marca os 30 anos do evento, realizado desde 1978 em\u2026","rel":"","context":"Em &quot;Eventos&quot;","block_context":{"text":"Eventos","link":"https:\/\/mundobibliotecario.com.br\/index.php\/category\/eventos\/"},"img":{"alt_text":"","src":"","width":0,"height":0},"classes":[]},{"id":4379,"url":"https:\/\/mundobibliotecario.com.br\/index.php\/2016\/10\/23\/snbu-2016-dia-161016\/","url_meta":{"origin":1523,"position":4},"title":"SNBU 2016 &#8211; Dia 16\/10\/16","author":"mundobibliotecario","date":"23\/10\/2016","format":false,"excerpt":"O XIX Semin\u00e1rio Nacional de Bibliotecas Universit\u00e1rias (SNBU), neste 2016 sediado em Manaus (AM), teve in\u00edcio na noite de 16\/10\/2016 com um breve atraso que, infelizmente, vejo que \u00e9 de praxe neste e outros eventos bibliotec\u00e1rios e n\u00e3o-bibliotec\u00e1rios: o in\u00edcio, programado para 20h00, na verdade ocorreu por volta de 20h20.\u2026","rel":"","context":"Em &quot;Eventos&quot;","block_context":{"text":"Eventos","link":"https:\/\/mundobibliotecario.com.br\/index.php\/category\/eventos\/"},"img":{"alt_text":"","src":"","width":0,"height":0},"classes":[]},{"id":4353,"url":"https:\/\/mundobibliotecario.com.br\/index.php\/2016\/09\/20\/xixseminario-nacional-de-bibliotecas-universitarias\/","url_meta":{"origin":1523,"position":5},"title":"XIX Semin\u00e1rio Nacional de Bibliotecas Universit\u00e1rias","author":"mundobibliotecario","date":"20\/09\/2016","format":false,"excerpt":"XIX Semin\u00e1rio Nacional de Bibliotecas Universit\u00e1rias BIBLIOTECA UNIVERSIT\u00c1RIA COMO AGENTE DE SUSTENTABILIDADE INSTITUCIONAL O Sistema de Bibliotecas da Universidade Federal do Amazonas (UFAM) realizar\u00e1, em parceria com a Universidade do Estado do Amazonas (UEA) e com o Instituto Federal do Amazonas (IFAM), no per\u00edodo de 15 a 21 de outubro\u2026","rel":"","context":"Em &quot;Not\u00edcias&quot;","block_context":{"text":"Not\u00edcias","link":"https:\/\/mundobibliotecario.com.br\/index.php\/category\/noticias\/"},"img":{"alt_text":"XIX SNBU","src":"https:\/\/mundobibliotecario.files.wordpress.com\/2016\/09\/14423787_10210650812896680_312651280_o.jpg?w=350&h=200&crop=1","width":350,"height":200},"classes":[]}],"jetpack_likes_enabled":true,"jetpack_shortlink":"https:\/\/wp.me\/pcbzwa-oz","_links":{"self":[{"href":"https:\/\/mundobibliotecario.com.br\/index.php\/wp-json\/wp\/v2\/posts\/1523","targetHints":{"allow":["GET"]}}],"collection":[{"href":"https:\/\/mundobibliotecario.com.br\/index.php\/wp-json\/wp\/v2\/posts"}],"about":[{"href":"https:\/\/mundobibliotecario.com.br\/index.php\/wp-json\/wp\/v2\/types\/post"}],"author":[{"embeddable":true,"href":"https:\/\/mundobibliotecario.com.br\/index.php\/wp-json\/wp\/v2\/users\/1"}],"replies":[{"embeddable":true,"href":"https:\/\/mundobibliotecario.com.br\/index.php\/wp-json\/wp\/v2\/comments?post=1523"}],"version-history":[{"count":0,"href":"https:\/\/mundobibliotecario.com.br\/index.php\/wp-json\/wp\/v2\/posts\/1523\/revisions"}],"wp:attachment":[{"href":"https:\/\/mundobibliotecario.com.br\/index.php\/wp-json\/wp\/v2\/media?parent=1523"}],"wp:term":[{"taxonomy":"category","embeddable":true,"href":"https:\/\/mundobibliotecario.com.br\/index.php\/wp-json\/wp\/v2\/categories?post=1523"},{"taxonomy":"post_tag","embeddable":true,"href":"https:\/\/mundobibliotecario.com.br\/index.php\/wp-json\/wp\/v2\/tags?post=1523"}],"curies":[{"name":"wp","href":"https:\/\/api.w.org\/{rel}","templated":true}]}}