{"id":1559,"date":"2010-11-18T19:56:18","date_gmt":"2010-11-18T22:56:18","guid":{"rendered":"http:\/\/mundobibliotecario.wordpress.com\/?p=1559"},"modified":"2010-11-18T19:56:18","modified_gmt":"2010-11-18T22:56:18","slug":"teste-seletivo-biblioteconomia","status":"publish","type":"post","link":"https:\/\/mundobibliotecario.com.br\/index.php\/2010\/11\/18\/teste-seletivo-biblioteconomia\/","title":{"rendered":"Teste seletivo &#8211; Biblioteconomia"},"content":{"rendered":"<p>A UEL est\u00e1 com um teste seletivo para uma vaga na \u00e1rea de Biblioteconomia, em 40 horas semanais. Mais informa\u00e7\u00f5es est\u00e3o dispon\u00edveis no site: <a href=\"http:\/\/www.uel.br\/prorh\/selecao\/ts\/abertura\/331_2010_abert.pdf\">http:\/\/www.uel.br\/prorh\/selecao\/ts\/abertura\/331_2010_abert.pdf<\/a><\/p>\n","protected":false},"excerpt":{"rendered":"<p>A UEL est\u00e1 com um teste seletivo para uma vaga na \u00e1rea de Biblioteconomia, em 40 horas semanais. Mais informa\u00e7\u00f5es est\u00e3o dispon\u00edveis no site: http:\/\/www.uel.br\/prorh\/selecao\/ts\/abertura\/331_2010_abert.pdf<\/p>\n","protected":false},"author":1,"featured_media":0,"comment_status":"open","ping_status":"open","sticky":false,"template":"","format":"standard","meta":{"_mi_skip_tracking":false,"_exactmetrics_sitenote_active":false,"_exactmetrics_sitenote_note":"","_exactmetrics_sitenote_category":0,"_jetpack_newsletter_access":"","footnotes":""},"categories":[195],"tags":[63,661,558],"class_list":["post-1559","post","type-post","status-publish","format-standard","hentry","category-emprego","tag-biblioteconomia","tag-teste-seletivo","tag-uel"],"jetpack_featured_media_url":"","jetpack_sharing_enabled":true,"jetpack-related-posts":[{"id":2887,"url":"https:\/\/mundobibliotecario.com.br\/index.php\/2013\/02\/18\/vaga-docente-temporario-de-biblioteconomia-na-uel\/","url_meta":{"origin":1559,"position":0},"title":"Vaga docente tempor\u00e1rio de Biblioteconomia na UEL","author":"mundobibliotecario","date":"18\/02\/2013","format":false,"excerpt":"O Departamento de Ci\u00eancia da Informa\u00e7\u00e3o da Universidade Estadual de Londrina - UEL est\u00e1 com inscri\u00e7\u00e3o aberta para teste seletivo para docente tempor\u00e1rio em\u00a040 horas para as disciplinas de Representa\u00e7\u00e3o Descritiva do curso de Biblioteconomia. O contrato \u00e9 por um ano com possibilidade de recondu\u00e7\u00e3o por mais um ano e\/ou\u2026","rel":"","context":"Em &quot;Emprego&quot;","block_context":{"text":"Emprego","link":"https:\/\/mundobibliotecario.com.br\/index.php\/category\/emprego\/"},"img":{"alt_text":"","src":"","width":0,"height":0},"classes":[]},{"id":1402,"url":"https:\/\/mundobibliotecario.com.br\/index.php\/2010\/08\/04\/vagas-para-docentes-de-biblitoeconomia\/","url_meta":{"origin":1559,"position":1},"title":"Vagas para docentes de biblioteconomia","author":"mundobibliotecario","date":"04\/08\/2010","format":false,"excerpt":"O Departamento de Ci\u00eancia da Informa\u00e7\u00e3o da UEL estar\u00e1 com inscri\u00e7\u00f5es abertas para teste seletivo, para docente tempor\u00e1rio em 20h, \u00e1rea Biblioteconomia Geral, de 2 a 06 de agosto. Maiores informa\u00e7\u00f5es no endere\u00e7o http:\/\/www.uel.br\/prorh\/selecao\/ts\/abertura\/192_2010_abert.pdf. CENTRO DE EDUCA\u00c7\u00c3O, COMUNICA\u00c7\u00c3O E ARTES DEPARTAMENTO DE CI\u00caNCIA DA INFORMA\u00c7\u00c3O \u00c1rea\/sub\u00e1rea: Ci\u00eancia da Informa\u00e7\u00e3o\/Biblioteconomia No\u2026","rel":"","context":"Em &quot;Concurso&quot;","block_context":{"text":"Concurso","link":"https:\/\/mundobibliotecario.com.br\/index.php\/category\/concurso\/"},"img":{"alt_text":"","src":"","width":0,"height":0},"classes":[]},{"id":1836,"url":"https:\/\/mundobibliotecario.com.br\/index.php\/2011\/03\/04\/processo-seletivo-temporario-para-bibliotecario-na-unicamp\/","url_meta":{"origin":1559,"position":2},"title":"Processo seletivo tempor\u00e1rio para bibliotec\u00e1rio na Unicamp","author":"mundobibliotecario","date":"04\/03\/2011","format":false,"excerpt":"As inscri\u00e7\u00f5es ocorrem de 10 a 16 de mar\u00e7o de 2011. Confira o edital!","rel":"","context":"Em &quot;Concurso&quot;","block_context":{"text":"Concurso","link":"https:\/\/mundobibliotecario.com.br\/index.php\/category\/concurso\/"},"img":{"alt_text":"","src":"","width":0,"height":0},"classes":[]},{"id":1776,"url":"https:\/\/mundobibliotecario.com.br\/index.php\/2011\/02\/23\/estagio-de-biblioteconomia-em-sao-carlos\/","url_meta":{"origin":1559,"position":3},"title":"Est\u00e1gio de Biblioteconomia em S\u00e3o Carlos","author":"mundobibliotecario","date":"23\/02\/2011","format":false,"excerpt":"A UFSCar abriu processo seletivo para contrata\u00e7\u00e3o de estagi\u00e1rios. O edital est\u00e1 dispon\u00edvel no site de concursos da universidade. Boa sorte a todos!","rel":"","context":"Em &quot;Est\u00e1gio&quot;","block_context":{"text":"Est\u00e1gio","link":"https:\/\/mundobibliotecario.com.br\/index.php\/category\/estagio\/"},"img":{"alt_text":"","src":"","width":0,"height":0},"classes":[]},{"id":3231,"url":"https:\/\/mundobibliotecario.com.br\/index.php\/2013\/09\/01\/bacharelado-em-biblioteconomia-ead-processo-seletivo-para-ingresso-no-2o-semestre-de-2013\/","url_meta":{"origin":1559,"position":4},"title":"Bacharelado em Biblioteconomia &#8211; EAD Processo Seletivo para Ingresso no 2\u00ba Semestre de 2013","author":"mundobibliotecario","date":"01\/09\/2013","format":false,"excerpt":"Polos de Apoio Presencial ao Aluno e Vagas O\u00a0Curso de Bacharelado em Biblioteconomia - EAD\u00a0\u00e9 ofertado nos Polos de Apoio Presencial da UCS, localizados em Caxias do Sul, Vacaria e S\u00e3o Sebasti\u00e3o do Ca\u00ed. CURSO C\u00d3DIGO POLO VAGAS Biblioteconomia - EAD Condi\u00e7\u00e3o Legal: (A)- Res. 09, de 19\/09\/2012 905 Caxias\u2026","rel":"","context":"Em &quot;Curso&quot;","block_context":{"text":"Curso","link":"https:\/\/mundobibliotecario.com.br\/index.php\/category\/curso\/"},"img":{"alt_text":"","src":"","width":0,"height":0},"classes":[]},{"id":9581,"url":"https:\/\/mundobibliotecario.com.br\/index.php\/2021\/10\/30\/unesco-divulga-novos-processos-seletivos\/","url_meta":{"origin":1559,"position":5},"title":"Unesco divulga novos processos seletivos","author":"mundobibliotecario","date":"30\/10\/2021","format":false,"excerpt":"Ser\u00e3o contratados profissionais de \u00e1reas como jornalismo, engenharia, gest\u00e3o p\u00fablica, ci\u00eancias sociais, biblioteconomia, direito, entre outros Unesco em Bras\u00edlia \/ Wikimedia Commons A Organiza\u00e7\u00e3o das Na\u00e7\u00f5es Unidas para Educa\u00e7\u00e3o, a Ci\u00eancia e a Cultura (Unesco), no Brasil, abriu processos seletivos para preenchimento de demandas internas. As inscri\u00e7\u00f5es devem ser feitas\u2026","rel":"","context":"Em &quot;Not\u00edcias&quot;","block_context":{"text":"Not\u00edcias","link":"https:\/\/mundobibliotecario.com.br\/index.php\/category\/noticias\/"},"img":{"alt_text":"","src":"https:\/\/i0.wp.com\/mundobibliotecario.com.br\/wp-content\/uploads\/2021\/10\/unesco_divulga_novos_processo_seletivos_1_0_1_0.jpg?resize=350%2C200&ssl=1","width":350,"height":200},"classes":[]}],"jetpack_likes_enabled":true,"jetpack_shortlink":"https:\/\/wp.me\/pcbzwa-p9","_links":{"self":[{"href":"https:\/\/mundobibliotecario.com.br\/index.php\/wp-json\/wp\/v2\/posts\/1559","targetHints":{"allow":["GET"]}}],"collection":[{"href":"https:\/\/mundobibliotecario.com.br\/index.php\/wp-json\/wp\/v2\/posts"}],"about":[{"href":"https:\/\/mundobibliotecario.com.br\/index.php\/wp-json\/wp\/v2\/types\/post"}],"author":[{"embeddable":true,"href":"https:\/\/mundobibliotecario.com.br\/index.php\/wp-json\/wp\/v2\/users\/1"}],"replies":[{"embeddable":true,"href":"https:\/\/mundobibliotecario.com.br\/index.php\/wp-json\/wp\/v2\/comments?post=1559"}],"version-history":[{"count":0,"href":"https:\/\/mundobibliotecario.com.br\/index.php\/wp-json\/wp\/v2\/posts\/1559\/revisions"}],"wp:attachment":[{"href":"https:\/\/mundobibliotecario.com.br\/index.php\/wp-json\/wp\/v2\/media?parent=1559"}],"wp:term":[{"taxonomy":"category","embeddable":true,"href":"https:\/\/mundobibliotecario.com.br\/index.php\/wp-json\/wp\/v2\/categories?post=1559"},{"taxonomy":"post_tag","embeddable":true,"href":"https:\/\/mundobibliotecario.com.br\/index.php\/wp-json\/wp\/v2\/tags?post=1559"}],"curies":[{"name":"wp","href":"https:\/\/api.w.org\/{rel}","templated":true}]}}