{"id":164,"date":"2008-11-10T19:38:22","date_gmt":"2008-11-10T22:38:22","guid":{"rendered":"http:\/\/mundobibliotecario.wordpress.com\/?p=164"},"modified":"2020-07-21T23:25:58","modified_gmt":"2020-07-22T02:25:58","slug":"abaixo-assinado","status":"publish","type":"post","link":"https:\/\/mundobibliotecario.com.br\/index.php\/2008\/11\/10\/abaixo-assinado\/","title":{"rendered":"Abaixo-assinado"},"content":{"rendered":"<p>S\u00e3o Paulo, 07 de novembro de 2008 &#8211; Edi\u00e7\u00e3o Extra 48<\/p>\n<p>BOB NEWS<\/p>\n<p><strong>BIBLIOTEC\u00c1RIOS E SIMPATIZANTES, ASSINEM A PETI\u00c7\u00c3O ONLINE<\/p>\n<p>PARA CRIA\u00c7\u00c3O DO SISTEMA DE INFORMA\u00c7\u00c3O PARA O ENSINO P\u00daBLICO DO ESTADO DE S\u00c3O PAULO<\/strong><\/p>\n<p>Considerando a car\u00eancia de pol\u00edticas p\u00fablicas para a \u00e1rea de bibliotecas escolares, que garantam a qualidade dos servi\u00e7os oferecidos em todas as escolas da rede estadual de ensino e tamb\u00e9m a pertin\u00eancia dos acervos disponibilizados, como condi\u00e7\u00e3o b\u00e1sica ao processo de inclus\u00e3o s\u00f3cio-cultural da popula\u00e7\u00e3o estudantil, o Conselho Regional de Biblioteconomia est\u00e1 encabe\u00e7ando abaixo-assinado para ser enviado ao governador Jos\u00e9 Serra solicitando a implanta\u00e7\u00e3o de um Sistema de Informa\u00e7\u00e3o para o Ensino P\u00fablico do Estado de S\u00e3o Paulo, a cria\u00e7\u00e3o de cargos de Bibliotec\u00e1rio e abertura de concurso p\u00fablico para preenchimento destes cargos.<\/p>\n<p>Para fortalecer esta luta em prol da sociedade, assinem o abaixo-assinado eletr\u00f4nico (de acordo com os passos a seguir) e divulguem aos seus familiares, amigos e todos os profissionais simpatizantes a esta causa.<\/p>\n<p><strong>Prazo: at\u00e9 20.11.2008<br \/>\n<\/strong><\/p>\n<p>O preenchimento \u00e9 muito simples:<\/p>\n<p>1) Clique no endere\u00e7o: <\/p>\n<p>2) Leia a mensagem. Clique em &#8220;sign the petition&#8221; (= assine a peti\u00e7\u00e3o). Assim que aberto, complete os dois dados obrigat\u00f3rios: nome (first name) sobrenome (last name).<br \/>\nOs demais dados s\u00e3o opcionais (e-mail, endere\u00e7o, cidade etc)<\/p>\n<p>Voc\u00ea pode fazer um breve coment\u00e1rio (&#8220;short comments&#8221;) para fortalecer a discuss\u00e3o.<\/p>\n<p>3) Digite o c\u00f3digo de seguran\u00e7a que aparece na p\u00e1gina aberta (letras e n\u00fameros coloridos).<\/p>\n<p>4) Clique em &#8220;sign&#8221; (= assinar).<\/p>\n<p>Pronto, seu nome estar\u00e1 inscrito no abaixo-assinado.<\/p>\n<p>5) Para enviar para outras pessoas:<br \/>\nclique em &#8220;tell a friend&#8221; e mande o e-mail que se abrir\u00e1, solicitando que assine e divulgue para outros.<\/p>\n","protected":false},"excerpt":{"rendered":"<p>S\u00e3o Paulo, 07 de novembro de 2008 &#8211; Edi\u00e7\u00e3o Extra 48 BOB NEWS BIBLIOTEC\u00c1RIOS E SIMPATIZANTES, ASSINEM A PETI\u00c7\u00c3O ONLINE PARA CRIA\u00c7\u00c3O DO SISTEMA DE INFORMA\u00c7\u00c3O PARA O ENSINO P\u00daBLICO DO ESTADO DE S\u00c3O PAULO Considerando a car\u00eancia de pol\u00edticas p\u00fablicas para a \u00e1rea de bibliotecas escolares, que garantam a qualidade dos servi\u00e7os oferecidos em &#8230; <a title=\"Abaixo-assinado\" class=\"read-more\" href=\"https:\/\/mundobibliotecario.com.br\/index.php\/2008\/11\/10\/abaixo-assinado\/\" aria-label=\"Read more about Abaixo-assinado\">Ler mais<\/a><\/p>\n","protected":false},"author":1,"featured_media":0,"comment_status":"open","ping_status":"open","sticky":false,"template":"","format":"standard","meta":{"_mi_skip_tracking":false,"_exactmetrics_sitenote_active":false,"_exactmetrics_sitenote_note":"","_exactmetrics_sitenote_category":0,"_jetpack_newsletter_access":"","footnotes":""},"categories":[60],"tags":[103,88,98,104,105],"class_list":["post-164","post","type-post","status-publish","format-standard","hentry","category-noticias","tag-abaixo-assinado","tag-bibiblioteca-escolar","tag-crb-8","tag-ensino-publico","tag-sistema-de-informacao"],"jetpack_featured_media_url":"","jetpack_sharing_enabled":true,"jetpack-related-posts":[{"id":2952,"url":"https:\/\/mundobibliotecario.com.br\/index.php\/2013\/02\/26\/ii-encontro-de-bibliotecarios\/","url_meta":{"origin":164,"position":0},"title":"II Encontro de Bibliotec\u00e1rios","author":"mundobibliotecario","date":"26\/02\/2013","format":false,"excerpt":"Em comemora\u00e7\u00e3o ao Dia do Bibliotec\u00e1rio (12 de mar\u00e7o), o Instituto Federal do Sul de Minas, por meio da Pr\u00f3-Reitoria de Ensino, realiza seu II Encontro de Bibliotec\u00e1rios. O evento acontece dia 14 de mar\u00e7o, no audit\u00f3rio do C\u00e2mpus Machado, a partir das 8h. As inscri\u00e7\u00f5es podem ser feitas via\u2026","rel":"","context":"Em &quot;Eventos&quot;","block_context":{"text":"Eventos","link":"https:\/\/mundobibliotecario.com.br\/index.php\/category\/eventos\/"},"img":{"alt_text":"","src":"","width":0,"height":0},"classes":[]},{"id":4909,"url":"https:\/\/mundobibliotecario.com.br\/index.php\/2012\/07\/11\/enb-iv-encontro-nacional-de-bibliotecarios-de-ies-iv-encontro-nacional-de-bibliotecarios-escolares-2\/","url_meta":{"origin":164,"position":1},"title":"ENB &#8211; IV Encontro Nacional de Bibliotec\u00e1rios de IES &#038; IV Encontro Nacional de Bibliotec\u00e1rios Escolares","author":"mundobibliotecario","date":"11\/07\/2012","format":false,"excerpt":"Colabora\u00e7\u00e3o de Gabriele Monique. *** Encontro Nacional de Bibliotec\u00e1rios de Institui\u00e7\u00f5es de Ensino \u00a0Novos Caminhos para Novas Necessidades No mundo globalizado em que vivemos atualmente, a nova gera\u00e7\u00e3o exige constantes mudan\u00e7as nas institui\u00e7\u00f5es de ensino, inclusive na biblioteca. Para compreender mais sobre as novas oportunidades e novidades do segmento, a\u2026","rel":"","context":"Em &quot;Eventos&quot;","block_context":{"text":"Eventos","link":"https:\/\/mundobibliotecario.com.br\/index.php\/category\/eventos\/"},"img":{"alt_text":"","src":"","width":0,"height":0},"classes":[]},{"id":2648,"url":"https:\/\/mundobibliotecario.com.br\/index.php\/2012\/07\/11\/enb-iv-encontro-nacional-de-bibliotecarios-de-ies-iv-encontro-nacional-de-bibliotecarios-escolares\/","url_meta":{"origin":164,"position":2},"title":"ENB &#8211; IV Encontro Nacional de Bibliotec\u00e1rios de IES &#038; IV Encontro Nacional de Bibliotec\u00e1rios Escolares","author":"mundobibliotecario","date":"11\/07\/2012","format":false,"excerpt":"Colabora\u00e7\u00e3o de Gabriele Monique. *** Encontro Nacional de Bibliotec\u00e1rios de Institui\u00e7\u00f5es de Ensino \u00a0Novos Caminhos para Novas Necessidades No mundo globalizado em que vivemos atualmente, a nova gera\u00e7\u00e3o exige constantes mudan\u00e7as nas institui\u00e7\u00f5es de ensino, inclusive na biblioteca. Para compreender mais sobre as novas oportunidades e novidades do segmento, a\u2026","rel":"","context":"Em &quot;Eventos&quot;","block_context":{"text":"Eventos","link":"https:\/\/mundobibliotecario.com.br\/index.php\/category\/eventos\/"},"img":{"alt_text":"","src":"","width":0,"height":0},"classes":[]},{"id":9326,"url":"https:\/\/mundobibliotecario.com.br\/index.php\/2021\/08\/05\/biblioteconomia\/","url_meta":{"origin":164,"position":3},"title":"Biblioteconomia","author":"mundobibliotecario","date":"05\/08\/2021","format":false,"excerpt":"Este graduado \u00e9 respons\u00e1vel por organizar, conservar e divulgar acervos de bibliotecas e centros de documenta\u00e7\u00e3o, cuidando da classifica\u00e7\u00e3o de livros, pap\u00e9is e arquivos digitais.Trabalha como um administrador de dados, catalogando e armazenando livros e informa\u00e7\u00f5es, buscando sempre o melhor e mais \u00e1gil sistema de consulta poss\u00edvel.Al\u00e9m de livros, revistas\u2026","rel":"","context":"Post similar","block_context":{"text":"Post similar","link":""},"img":{"alt_text":"","src":"https:\/\/i0.wp.com\/mundobibliotecario.com.br\/wp-content\/uploads\/2021\/08\/016-biblioteconomia.jpg?resize=350%2C200&ssl=1","width":350,"height":200},"classes":[]},{"id":7793,"url":"https:\/\/mundobibliotecario.com.br\/index.php\/2020\/08\/18\/ministerio-publico-da-paraiba-recomenda-a-criacao-de-bibliotecas-escolares-em-municipio-da-grande-joao-pessoa\/","url_meta":{"origin":164,"position":4},"title":"Minist\u00e9rio P\u00fablico da Para\u00edba recomenda a cria\u00e7\u00e3o de bibliotecas escolares em munic\u00edpio da Grande Jo\u00e3o Pessoa","author":"mundobibliotecario","date":"18\/08\/2020","format":false,"excerpt":"Recomenda\u00e7\u00e3o visa atender os dispositivos da lei 12.244 de 2010, que prev\u00ea a universaliza\u00e7\u00e3o das bibliotecas escolares Com base na Lei 12.244 de 2010, que prev\u00ea a universaliza\u00e7\u00e3o das bibliotecas escolares, a promotora de Justi\u00e7a Ana Caroline Almeida, do Minist\u00e9rio P\u00fablico da Para\u00edba, recomendou \u00e0 prefeitura de Bayeux, cidade da\u2026","rel":"","context":"Em &quot;Not\u00edcias&quot;","block_context":{"text":"Not\u00edcias","link":"https:\/\/mundobibliotecario.com.br\/index.php\/category\/noticias\/"},"img":{"alt_text":"","src":"","width":0,"height":0},"classes":[]},{"id":1282,"url":"https:\/\/mundobibliotecario.com.br\/index.php\/2010\/05\/25\/sancionada-a-lei-sobre-a-universalizacao-das-bibliotecas-nas-instituicoes-de-ensino-do-pais\/","url_meta":{"origin":164,"position":5},"title":"Sancionada a lei sobre a universaliza\u00e7\u00e3o das bibliotecas nas institui\u00e7\u00f5es de ensino do pa\u00eds","author":"mundobibliotecario","date":"25\/05\/2010","format":false,"excerpt":"LEI No- 12.244, DE 24 DE MAIO DE 2010 Disp\u00f5e sobre a universaliza\u00e7\u00e3o das bibliotecas nas institui\u00e7\u00f5es de ensino do Pa\u00eds. \u00a0O\u00a0 P R E S I D E N T E \u00a0D A \u00a0R E P \u00da B L I C A Fa\u00e7o saber que o Congresso Nacional decreta\u2026","rel":"","context":"Em &quot;Not\u00edcias&quot;","block_context":{"text":"Not\u00edcias","link":"https:\/\/mundobibliotecario.com.br\/index.php\/category\/noticias\/"},"img":{"alt_text":"","src":"","width":0,"height":0},"classes":[]}],"jetpack_likes_enabled":true,"jetpack_shortlink":"https:\/\/wp.me\/pcbzwa-2E","_links":{"self":[{"href":"https:\/\/mundobibliotecario.com.br\/index.php\/wp-json\/wp\/v2\/posts\/164","targetHints":{"allow":["GET"]}}],"collection":[{"href":"https:\/\/mundobibliotecario.com.br\/index.php\/wp-json\/wp\/v2\/posts"}],"about":[{"href":"https:\/\/mundobibliotecario.com.br\/index.php\/wp-json\/wp\/v2\/types\/post"}],"author":[{"embeddable":true,"href":"https:\/\/mundobibliotecario.com.br\/index.php\/wp-json\/wp\/v2\/users\/1"}],"replies":[{"embeddable":true,"href":"https:\/\/mundobibliotecario.com.br\/index.php\/wp-json\/wp\/v2\/comments?post=164"}],"version-history":[{"count":2,"href":"https:\/\/mundobibliotecario.com.br\/index.php\/wp-json\/wp\/v2\/posts\/164\/revisions"}],"predecessor-version":[{"id":6864,"href":"https:\/\/mundobibliotecario.com.br\/index.php\/wp-json\/wp\/v2\/posts\/164\/revisions\/6864"}],"wp:attachment":[{"href":"https:\/\/mundobibliotecario.com.br\/index.php\/wp-json\/wp\/v2\/media?parent=164"}],"wp:term":[{"taxonomy":"category","embeddable":true,"href":"https:\/\/mundobibliotecario.com.br\/index.php\/wp-json\/wp\/v2\/categories?post=164"},{"taxonomy":"post_tag","embeddable":true,"href":"https:\/\/mundobibliotecario.com.br\/index.php\/wp-json\/wp\/v2\/tags?post=164"}],"curies":[{"name":"wp","href":"https:\/\/api.w.org\/{rel}","templated":true}]}}