{"id":1651,"date":"2011-01-04T16:18:07","date_gmt":"2011-01-04T19:18:07","guid":{"rendered":"http:\/\/mundobibliotecario.wordpress.com\/?p=1651"},"modified":"2011-01-04T16:18:07","modified_gmt":"2011-01-04T19:18:07","slug":"concurso-para-professor-de-biblioteconomia-na-usp-ribeirao-preto","status":"publish","type":"post","link":"https:\/\/mundobibliotecario.com.br\/index.php\/2011\/01\/04\/concurso-para-professor-de-biblioteconomia-na-usp-ribeirao-preto\/","title":{"rendered":"Concurso para professor de biblioteconomia na USP &#8211; Ribeir\u00e3o Preto"},"content":{"rendered":"<h5>FACULDADE DE FILOSOFIA, CI\u00caNCIAS E LETRAS DE RIBEIR\u00c3O PRETO<\/h5>\n<p>EDITAL ATAc 016\/10<\/p>\n<p>CONCURSO DE PROFESSOR TITULAR ABERTURA DE INSCRI\u00c7\u00d5ES AO CONCURSO DE T\u00cdTULOS E PROVAS VISANDO O PROVIMENTO DE UM CARGO DE PROFESSOR TITULAR JUNTO AO DEPARTAMENTO DE F\u00cdSICA E MATEM\u00c1TICA DA FACULDADE DE FILOSOFIA, CI\u00caNCIAS E LETRAS DE RIBEIR\u00c3O PRETO DA UNIVERSIDADE DE S\u00c3O PAULO<\/p>\n<p>O Diretor da Faculdade de Filosofia, Ci\u00eancias e Letras de Ribeir\u00e3o Preto torna p\u00fablico a todos os interessados que, de acordo com o decidido pela Congrega\u00e7\u00e3o em sess\u00e3o ordin\u00e1ria realizada em 17\/06\/2010, estar\u00e3o abertas, pelo prazo de 180 (cento e oitenta) dias, de 03\/09\/2010 a 01\/03\/2011, das 8h30 \u00e0s 11h30 e das 13h30 \u00e0s 16h30, de segunda a sexta-feira, nos dias \u00fateis, as inscri\u00e7\u00f5es ao concurso p\u00fablico de t\u00edtulos e provas para provimento de um cargo de Professor Titular, em RDIDP, refer\u00eancia MS-6, cargo\/claro 1028359, no Departamento de F\u00edsica e Matem\u00e1tica, com sal\u00e1rio de R$10.888,21, para a \u00c1rea de Conhecimento em Ci\u00eancia da Informa\u00e7\u00e3o e da Documenta\u00e7\u00e3o, nos termos do Regimento Geral da USP e o Regimento da Faculdade de Filosofia, Ci\u00eancias e Letras de Ribeir\u00e3o Preto, e o respectivo programa que segue:<\/p>\n<p>1) Fundamentos Hist\u00f3rico-Sociais das Ci\u00eancias da Informa\u00e7\u00e3o:<\/p>\n<p>a) Informa\u00e7\u00e3o e Sociedade<\/p>\n<p>b) Tecnologias da informa\u00e7\u00e3o e comunica\u00e7\u00e3o: da sociedade industrial \u00e0 sociedade da informa\u00e7\u00e3o<\/p>\n<p>c) Atividades de media\u00e7\u00e3o da informa\u00e7\u00e3o no contexto social, cultural e econ\u00f4mico contempor\u00e2neos<\/p>\n<p>d) Informa\u00e7\u00e3o e meios de transmiss\u00e3o cultural<\/p>\n<p>e) Produ\u00e7\u00e3o e circula\u00e7\u00e3o do conhecimento: pr\u00e1ticas e contextos culturais<\/p>\n<p>2) Informa\u00e7\u00e3o, Comunica\u00e7\u00e3o e Linguagem:<\/p>\n<p>a) Introdu\u00e7\u00e3o \u00e0 lingu\u00edstica<\/p>\n<p>b) Esquema da Comunica\u00e7\u00e3o<\/p>\n<p>c) informa\u00e7\u00e3o em discurso: mem\u00f3ria e arquivo<\/p>\n<p>d) Arquivos digitais e o funcionamento da linguagem<\/p>\n<p>e) Quest\u00f5es epistemol\u00f3gicas da leitura e da linguagem<\/p>\n<p>3) Organiza\u00e7\u00e3o e Tratamento da Informa\u00e7\u00e3o<\/p>\n<p>a) Representa\u00e7\u00e3o descritiva<\/p>\n<p>b) Hist\u00f3ria e desenvolvimento da cataloga\u00e7\u00e3o<\/p>\n<p>c) Linguagem natural e linguagem document\u00e1ria<\/p>\n<p>d) Pol\u00edtica e processo de indexa\u00e7\u00e3o<\/p>\n<p>e) Sistemas de classifica\u00e7\u00e3o<\/p>\n<p>4) Recursos, Tecnologias e Servi\u00e7os de Informa\u00e7\u00e3o<\/p>\n<p>a) Fontes de informa\u00e7\u00e3o<\/p>\n<p>b) Intera\u00e7\u00e3o usu\u00e1rio-agente da informa\u00e7\u00e3o<\/p>\n<p>c) A\u00e7\u00e3o cultural e atividades culturais em espa\u00e7os de informa\u00e7\u00e3o<\/p>\n<p>d) Servi\u00e7os de Informa\u00e7\u00e3o<\/p>\n<p>e) Estudos do usu\u00e1rio: perfil, m\u00e9todos e t\u00e9cnicas<\/p>\n<p>f) Estudo de comunidade: caracteriza\u00e7\u00e3o da comunidade, interesse e necessidades de informa\u00e7\u00e3o<\/p>\n<p>g) Setor de Refer\u00eancia em unidades de informa\u00e7\u00e3o<\/p>\n<p>h) Arquitetura da informa\u00e7\u00e3o: organiza\u00e7\u00e3o, navega\u00e7\u00e3o, rotulagem, recupera\u00e7\u00e3o, busca, indexa\u00e7\u00e3o, conte\u00fado da informa\u00e7\u00e3o e usabilidade.<\/p>\n<p>5) Administra\u00e7\u00e3o e gest\u00e3o de Unidades de Informa\u00e7\u00e3o<\/p>\n<p>a) Avalia\u00e7\u00e3o de servi\u00e7os de informa\u00e7\u00e3o<\/p>\n<p>b) Planejamento de unidades de informa\u00e7\u00e3o: conceitos, objetivos e elabora\u00e7\u00e3o de projetos<\/p>\n<p>c) Gest\u00e3o em unidades e servi\u00e7os de informa\u00e7\u00e3o<\/p>\n<p>d) Desenvolvimento de cole\u00e7\u00f5es: pol\u00edtica e sele\u00e7\u00e3o<\/p>\n<p>e) Pol\u00edtica de informa\u00e7\u00e3o: informa\u00e7\u00e3o cient\u00edfica e tecnol\u00f3gica<\/p>\n<p>O concurso ser\u00e1 regido pelo disposto no Estatuto e no Regimento Geral da Universidade de S\u00e3o Paulo e no Regimento da Faculdade, baixado pela resolu\u00e7\u00e3o n.\u00ba 4364, de 26\/03\/1997.<\/p>\n<p>1. As inscri\u00e7\u00f5es ser\u00e3o feitas no campus da USP, \u00e0 Avenida dos Bandeirantes, 3.900, Ribeir\u00e3o Preto\/SP, na Assist\u00eancia T\u00e9cnica Acad\u00eamica da Faculdade de Filosofia, Ci\u00eancias e Letras de Ribeir\u00e3o Preto (Rua da Filosofia), devendo o candidato apresentar requerimento dirigido ao Diretor da Faculdade de Filosofia, Ci\u00eancias e Letras de Ribeir\u00e3o Preto, contendo dados pessoais e \u00e1rea de conhecimento (especialidade) do Departamento a que concorre, acompanhado dos seguintes documentos:<\/p>\n<p>I &#8211; memorial circunstanciado, em dez c\u00f3pias impressas, no qual sejam comprovados os trabalhos publicados, as atividades realizadas pertinentes ao concurso e as demais informa\u00e7\u00f5es que permitam avalia\u00e7\u00e3o de seus m\u00e9ritos;<\/p>\n<p>II &#8211; prova de que \u00e9 portador do t\u00edtulo de livre-docente outorgado pela USP, por ela reconhecido;<\/p>\n<p>III &#8211; prova de quita\u00e7\u00e3o com o servi\u00e7o militar para candidatos do sexo masculino;<\/p>\n<p>IV &#8211; t\u00edtulo de eleitor e comprovante de vota\u00e7\u00e3o da \u00faltima elei\u00e7\u00e3o, prova de pagamento da respectiva multa ou a devida justificativa.<\/p>\n<p>Par\u00e1grafo Primeiro: Os docentes em exerc\u00edcio na USP ser\u00e3o dispensados das exig\u00eancias referidas nos incisos III e IV, desde que as tenham cumprido por ocasi\u00e3o de seu contrato inicial.<\/p>\n<p>Par\u00e1grafo Segundo: Os candidatos estrangeiros ser\u00e3o dispensados das exig\u00eancias dos incisos III e IV, devendo apresentar c\u00f3pia de visto tempor\u00e1rio ou permanente, que faculte o exerc\u00edcio de atividade remunerada no Brasil.<\/p>\n<p>Par\u00e1grafo Terceiro: Caso o candidato n\u00e3o satisfa\u00e7a a exig\u00eancia do inciso II, e desde que n\u00e3o perten\u00e7a a nenhuma categoria docente da USP, poder\u00e1 requerer sua inscri\u00e7\u00e3o como especialista de reconhecido valor, nos termos do art. 80, \u00a7 1.\u00ba do Estatuto, o que depender\u00e1 da aprova\u00e7\u00e3o de dois ter\u00e7os dos membros da Congrega\u00e7\u00e3o.<\/p>\n<p>Par\u00e1grafo Quarto: No ato da inscri\u00e7\u00e3o, os candidatos dever\u00e3o entregar a documenta\u00e7\u00e3o comprobat\u00f3ria do memorial, em uma \u00fanica via, acondicionada em pastas de forma a compor um ou mais volumes onde, em cada documento, dever\u00e1 constar a numera\u00e7\u00e3o correspondente \u00e0 atividade enumerada no memorial.<\/p>\n<p>Os candidatos dever\u00e3o possuir uma outra c\u00f3pia do material que entregarem na inscri\u00e7\u00e3o, para seu uso durante o concurso.<\/p>\n<p>Par\u00e1grafo Quinto: A documenta\u00e7\u00e3o entregue para fins de inscri\u00e7\u00e3o permanecer\u00e1 depositada na Assist\u00eancia T\u00e9cnica Acad\u00eamica da Unidade, por 60 (sessenta) dias, a contar da nomea\u00e7\u00e3o do candidato indicado por publica\u00e7\u00e3o no Di\u00e1rio Oficial do Estado. Findo o prazo acima, e n\u00e3o havendo manifesta\u00e7\u00e3o por parte dos inscritos para retirada da respectiva documenta\u00e7\u00e3o, a mesma ser\u00e1 encaminhada para reciclagem em sua totalidade.<\/p>\n<p>2. As inscri\u00e7\u00f5es ser\u00e3o julgadas pela Congrega\u00e7\u00e3o, em seu aspecto formal, publicando-se a decis\u00e3o em edital.<\/p>\n<p>Par\u00e1grafo \u00danico: O concurso dever\u00e1 realizar-se ap\u00f3s a aceita\u00e7\u00e3o das inscri\u00e7\u00f5es, no prazo de trinta a cento e oitenta dias, segundo prev\u00ea o art. 151, \u00a7 2.\u00ba, do Regimento Geral.<\/p>\n<p>3. As provas constar\u00e3o de:<\/p>\n<p>I &#8211; julgamento dos t\u00edtulos (peso 5);<\/p>\n<p>II &#8211; prova p\u00fablica oral de erudi\u00e7\u00e3o (peso 2);<\/p>\n<p>III &#8211; prova p\u00fablica de arg\u00fci\u00e7\u00e3o (peso 3).<\/p>\n<p>4. O julgamento dos t\u00edtulos, expresso mediante nota global, dever\u00e1 refletir o m\u00e9rito do candidato como resultado da aprecia\u00e7\u00e3o do conjunto e regularidade de suas atividades, compreendendo:<\/p>\n<p>I &#8211; produ\u00e7\u00e3o cient\u00edfica, liter\u00e1ria, filos\u00f3fica ou art\u00edstica;<\/p>\n<p>II &#8211; atividade did\u00e1tica universit\u00e1ria;<\/p>\n<p>III &#8211; atividades profissionais, ou outras, quando for o caso;<\/p>\n<p>IV &#8211; atividade de forma\u00e7\u00e3o e orienta\u00e7\u00e3o de disc\u00edpulos;<\/p>\n<p>V &#8211; atividades relacionadas \u00e0 presta\u00e7\u00e3o de servi\u00e7os \u00e0 comunidade;<\/p>\n<p>VI &#8211; diplomas e dignidades universit\u00e1rias.<\/p>\n<p>Par\u00e1grafo \u00danico: No julgamento dos t\u00edtulos dever\u00e3o prevalecer as atividades desempenhadas nos cinco anos anteriores \u00e0 inscri\u00e7\u00e3o.<\/p>\n<p>5. A prova p\u00fablica oral de erudi\u00e7\u00e3o ser\u00e1 realizada de acordo com o programa previsto neste edital, competindo \u00e0 comiss\u00e3o julgadora decidir se o tema escolhido pelo candidato \u00e9 pertinente ao programa (esse tema deve constar do requerimento de inscri\u00e7\u00e3o), de acordo com o art. 156 do Regimento Geral e com o Regimento da Unidade, na forma do art. 158.<\/p>\n<p>6. O ingresso do docente em RDIDP \u00e9 condicionado \u00e0 aprova\u00e7\u00e3o da CERT, na forma da Resolu\u00e7\u00e3o 3533\/89 e demais disposi\u00e7\u00f5es regimentais aplic\u00e1veis.<\/p>\n<p>7. O concurso ter\u00e1 validade imediata, se exaurindo com a nomea\u00e7\u00e3o do candidato indicado.<\/p>\n<p>8. Maiores informa\u00e7\u00f5es, bem como as normas pertinentes ao concurso, encontram-se \u00e0 disposi\u00e7\u00e3o dos interessados na Assist\u00eancia Acad\u00eamica da Faculdade de Filosofia, Ci\u00eancias e Letras de Ribeir\u00e3o Preto da Universidade de S\u00e3o Paulo, no endere\u00e7o acima citado. (proc. 2010.1.1193.59.9)<\/p>\n<p><span style=\"font-family:Tahoma;color:#ff0000;font-size:x-small;\">Este texto n\u00e3o substitui o publicado no D.O.E. de 01.09.2010.<\/span><span style=\"font-family:Tahoma;font-size:x-small;\"><\/p>\n<p>Para consultar o edital acesse<a href=\"http:\/\/www.imesp.com.br\"> www.imesp.com.br<\/a><\/span><\/p>\n<p>Dispon\u00edvel em: <a href=\"http:\/\/www.usp.br\/drh\/\">http:\/\/www.usp.br\/drh\/<\/a>. Acesso em: 4 jan. 2010.<\/p>\n","protected":false},"excerpt":{"rendered":"<p>FACULDADE DE FILOSOFIA, CI\u00caNCIAS E LETRAS DE RIBEIR\u00c3O PRETO EDITAL ATAc 016\/10 CONCURSO DE PROFESSOR TITULAR ABERTURA DE INSCRI\u00c7\u00d5ES AO CONCURSO DE T\u00cdTULOS E PROVAS VISANDO O PROVIMENTO DE UM CARGO DE PROFESSOR TITULAR JUNTO AO DEPARTAMENTO DE F\u00cdSICA E MATEM\u00c1TICA DA FACULDADE DE FILOSOFIA, CI\u00caNCIAS E LETRAS DE RIBEIR\u00c3O PRETO DA UNIVERSIDADE DE S\u00c3O &#8230; <a title=\"Concurso para professor de biblioteconomia na USP &#8211; Ribeir\u00e3o Preto\" class=\"read-more\" href=\"https:\/\/mundobibliotecario.com.br\/index.php\/2011\/01\/04\/concurso-para-professor-de-biblioteconomia-na-usp-ribeirao-preto\/\" aria-label=\"Read more about Concurso para professor de biblioteconomia na USP &#8211; Ribeir\u00e3o Preto\">Ler mais<\/a><\/p>\n","protected":false},"author":1,"featured_media":0,"comment_status":"open","ping_status":"open","sticky":false,"template":"","format":"standard","meta":{"_mi_skip_tracking":false,"_exactmetrics_sitenote_active":false,"_exactmetrics_sitenote_note":"","_exactmetrics_sitenote_category":0,"_jetpack_newsletter_access":"","footnotes":""},"categories":[168],"tags":[235],"class_list":["post-1651","post","type-post","status-publish","format-standard","hentry","category-concurso","tag-concurso-de-biblioteconomia"],"jetpack_featured_media_url":"","jetpack_sharing_enabled":true,"jetpack-related-posts":[{"id":1122,"url":"https:\/\/mundobibliotecario.com.br\/index.php\/2010\/02\/23\/concurso-para-professor-uspribeirao-preto\/","url_meta":{"origin":1651,"position":0},"title":"Concurso para professor &#8211; USP\/Ribeir\u00e3o Preto","author":"mundobibliotecario","date":"23\/02\/2010","format":false,"excerpt":"O curso de Ci\u00eancias da Informa\u00e7\u00e3o e Documenta\u00e7\u00e3o da USP\/Ribeir\u00e3o Preto (SP) est\u00e1 com tr\u00eas concursos em aberto, cujos editais estar\u00e3o se encerrando agora no in\u00edcio de mar\u00e7o: Media\u00e7\u00e3o e Informa\u00e7\u00e3o (dia 4), Organiza\u00e7\u00e3o da Informa\u00e7\u00e3o (dia 5) e Organiza\u00e7\u00e3o, Gest\u00e3o e Arquitetura da Informa\u00e7\u00e3o em Ambientes Digitais (dia 8).\u2026","rel":"","context":"Em &quot;N\u00e3o classificado&quot;","block_context":{"text":"N\u00e3o classificado","link":"https:\/\/mundobibliotecario.com.br\/index.php\/category\/nao-classificado\/"},"img":{"alt_text":"","src":"","width":0,"height":0},"classes":[]},{"id":1194,"url":"https:\/\/mundobibliotecario.com.br\/index.php\/2010\/04\/05\/concursos-5\/","url_meta":{"origin":1651,"position":1},"title":"Concursos","author":"mundobibliotecario","date":"05\/04\/2010","format":false,"excerpt":"IFAP - Instituto Federal de Educa\u00e7\u00e3o, Ci\u00eancia e Tecnologia - AP Inscri\u00e7\u00f5es: de 29 de mar\u00e7o a 21 de abril de 2010 Remunera\u00e7\u00e3o: R$ 2.307,85 Vagas: 02 (01 Macap\u00e1, 01 Laranjal do Jari) Taxa: R$ 90,00 Data prevista para a prova: 09\/05\/2010 Site: http:\/\/www.ifpa.edu.br\/ IFSul - Instituto Federal Sul-Rio-Grandense Inscri\u00e7\u00f5es:\u2026","rel":"","context":"Em &quot;Concurso&quot;","block_context":{"text":"Concurso","link":"https:\/\/mundobibliotecario.com.br\/index.php\/category\/concurso\/"},"img":{"alt_text":"","src":"","width":0,"height":0},"classes":[]},{"id":1467,"url":"https:\/\/mundobibliotecario.com.br\/index.php\/2010\/09\/23\/vii-semana-de-estudos-em-ciencias-da-informacao-novos-desafios-e-perspectivas-para-a-ciencia-da-informacao\/","url_meta":{"origin":1651,"position":2},"title":"VII Semana de Estudos em Ci\u00eancias da Informa\u00e7\u00e3o: novos desafios e perspectivas para a Ci\u00eancia da Informa\u00e7\u00e3o","author":"mundobibliotecario","date":"23\/09\/2010","format":false,"excerpt":"A Faculdade de Filosofia, Ci\u00eancias e Letras de Ribeir\u00e3o Preto da Universidade de S\u00e3o Paulo est\u00e1 organizando a \"VII Semana de Estudos em Ci\u00eancias da Informa\u00e7\u00e3o: novos desafios e perspectivas para a Ci\u00eancia da Informa\u00e7\u00e3o\". Confira a programa\u00e7\u00e3o e fa\u00e7a sua inscri\u00e7\u00e3o no site do evento!","rel":"","context":"Em &quot;Eventos&quot;","block_context":{"text":"Eventos","link":"https:\/\/mundobibliotecario.com.br\/index.php\/category\/eventos\/"},"img":{"alt_text":"","src":"","width":0,"height":0},"classes":[]},{"id":1822,"url":"https:\/\/mundobibliotecario.com.br\/index.php\/2011\/03\/02\/concurso-para-professor-de-biblioteconomaia-na-ufrj\/","url_meta":{"origin":1651,"position":3},"title":"Concurso para professor de Biblioteconomia na UFRJ","author":"mundobibliotecario","date":"02\/03\/2011","format":false,"excerpt":"Abriram 2 vagas para docentes de Biblioteconomia na Faculdade de de Administra\u00e7\u00e3o e Ci\u00eancias Cont\u00e1beis da UFRJ: Biblioteconomia\/Ci\u00eancia da Informa\u00e7\u00e3o e Biblioteconomia\/Administra\u00e7\u00e3o de Unidades de Informa\u00e7\u00e3o. Confira o edital!","rel":"","context":"Em &quot;Concurso&quot;","block_context":{"text":"Concurso","link":"https:\/\/mundobibliotecario.com.br\/index.php\/category\/concurso\/"},"img":{"alt_text":"","src":"","width":0,"height":0},"classes":[]},{"id":1251,"url":"https:\/\/mundobibliotecario.com.br\/index.php\/2010\/04\/30\/concurso-professor-uff\/","url_meta":{"origin":1651,"position":4},"title":"Concurso Professor UFF","author":"mundobibliotecario","date":"30\/04\/2010","format":false,"excerpt":"Encontram-se abertas no Departamento de Ci\u00eancia da Informa\u00e7\u00e3o da Uiversidade Federal Fluminense, Rua Lara Villela 126 sala 6, Ing\u00e1 Niter\u00f3i, telefone 2629 9758, de segunda \u00e0 sexta das 14 \u00e0s 17 h\u00a0as inscri\u00e7\u00f5es para provimento de 2 vagas do cargo\u00a0 de professor assistente (mestrado) 40 H\u00a0DE\u00a0na \u00e1rea de Organiza\u00e7\u00e3o, Tratameto\u2026","rel":"","context":"Em &quot;Concurso&quot;","block_context":{"text":"Concurso","link":"https:\/\/mundobibliotecario.com.br\/index.php\/category\/concurso\/"},"img":{"alt_text":"","src":"","width":0,"height":0},"classes":[]},{"id":1862,"url":"https:\/\/mundobibliotecario.com.br\/index.php\/2011\/03\/14\/bibliotecario-para-ribeirao-pires-sp\/","url_meta":{"origin":1651,"position":5},"title":"Bibliotec\u00e1rio para Ribeir\u00e3o Pires (SP)","author":"mundobibliotecario","date":"14\/03\/2011","format":false,"excerpt":"A Prefeitura de Ribeir\u00e3o Pires (SP) abriu vagas de cadastro de reserva para o cargo de bibliotec\u00e1rio. O sal\u00e1rio \u00e9 de R$1.535,51 para uma jornada de 40 horas semanais. As inscri\u00e7\u00f5es ser\u00e3o realizadas de 14 de mar\u00e7o a 01 de abril de 2011.","rel":"","context":"Em &quot;Concurso&quot;","block_context":{"text":"Concurso","link":"https:\/\/mundobibliotecario.com.br\/index.php\/category\/concurso\/"},"img":{"alt_text":"","src":"","width":0,"height":0},"classes":[]}],"jetpack_likes_enabled":true,"jetpack_shortlink":"https:\/\/wp.me\/pcbzwa-qD","_links":{"self":[{"href":"https:\/\/mundobibliotecario.com.br\/index.php\/wp-json\/wp\/v2\/posts\/1651","targetHints":{"allow":["GET"]}}],"collection":[{"href":"https:\/\/mundobibliotecario.com.br\/index.php\/wp-json\/wp\/v2\/posts"}],"about":[{"href":"https:\/\/mundobibliotecario.com.br\/index.php\/wp-json\/wp\/v2\/types\/post"}],"author":[{"embeddable":true,"href":"https:\/\/mundobibliotecario.com.br\/index.php\/wp-json\/wp\/v2\/users\/1"}],"replies":[{"embeddable":true,"href":"https:\/\/mundobibliotecario.com.br\/index.php\/wp-json\/wp\/v2\/comments?post=1651"}],"version-history":[{"count":0,"href":"https:\/\/mundobibliotecario.com.br\/index.php\/wp-json\/wp\/v2\/posts\/1651\/revisions"}],"wp:attachment":[{"href":"https:\/\/mundobibliotecario.com.br\/index.php\/wp-json\/wp\/v2\/media?parent=1651"}],"wp:term":[{"taxonomy":"category","embeddable":true,"href":"https:\/\/mundobibliotecario.com.br\/index.php\/wp-json\/wp\/v2\/categories?post=1651"},{"taxonomy":"post_tag","embeddable":true,"href":"https:\/\/mundobibliotecario.com.br\/index.php\/wp-json\/wp\/v2\/tags?post=1651"}],"curies":[{"name":"wp","href":"https:\/\/api.w.org\/{rel}","templated":true}]}}