{"id":1693,"date":"2011-01-20T10:20:20","date_gmt":"2011-01-20T13:20:20","guid":{"rendered":"http:\/\/mundobibliotecario.wordpress.com\/?p=1693"},"modified":"2020-07-18T18:48:46","modified_gmt":"2020-07-18T21:48:46","slug":"mais-uma-nova-pagina-no-mundo-bibliotecario","status":"publish","type":"post","link":"https:\/\/mundobibliotecario.com.br\/index.php\/2011\/01\/20\/mais-uma-nova-pagina-no-mundo-bibliotecario\/","title":{"rendered":"Mais uma nova p\u00e1gina no Mundo Bibliotec\u00e1rio"},"content":{"rendered":"<p>Diante da alta procura por cursos de Biblioteconomia e Ci\u00eancia da Informa\u00e7\u00e3o neste blog, criei a p\u00e1gina <a href=\"http:\/\/mundobibliotecario.wordpress.com\/index.php\/cursos-a-distancia-em-biblioteconomia-e-ciencia-da-informacao\/\">Cursos a dist\u00e2ncia em Biblioteconomia e Ci\u00eancia da Informa\u00e7\u00e3o<\/a>!<\/p>\n<p>Possui cursos nacionais e internacionais que visam \u00e0 atualiza\u00e7\u00e3o do profissional bibliotec\u00e1rio. Os temas s\u00e3o variados, assim como as datas e os valores. Bons estudos!<\/p>\n","protected":false},"excerpt":{"rendered":"<p>Diante da alta procura por cursos de Biblioteconomia e Ci\u00eancia da Informa\u00e7\u00e3o neste blog, criei a p\u00e1gina Cursos a dist\u00e2ncia em Biblioteconomia e Ci\u00eancia da Informa\u00e7\u00e3o! Possui cursos nacionais e internacionais que visam \u00e0 atualiza\u00e7\u00e3o do profissional bibliotec\u00e1rio. Os temas s\u00e3o variados, assim como as datas e os valores. Bons estudos!<\/p>\n","protected":false},"author":1,"featured_media":0,"comment_status":"open","ping_status":"open","sticky":false,"template":"","format":"standard","meta":{"_mi_skip_tracking":false,"_exactmetrics_sitenote_active":false,"_exactmetrics_sitenote_note":"","_exactmetrics_sitenote_category":0,"_jetpack_newsletter_access":"","footnotes":""},"categories":[60],"tags":[694,36,63,40,556],"class_list":["post-1693","post","type-post","status-publish","format-standard","hentry","category-noticias","tag-atualizacao-profissional","tag-bibliotecario","tag-biblioteconomia","tag-ciencia-da-informacao","tag-curso-2"],"jetpack_featured_media_url":"","jetpack_sharing_enabled":true,"jetpack-related-posts":[{"id":2045,"url":"https:\/\/mundobibliotecario.com.br\/index.php\/2011\/05\/24\/pet-em-biblioteconomia-e-ciencia-da-informacao-da-ufscar-promove-o-seminario-o-saber-profissional\/","url_meta":{"origin":1693,"position":0},"title":"PET em Biblioteconomia e Ci\u00eancia da Informa\u00e7\u00e3o da UFSCar promove o semin\u00e1rio &#8220;O Saber Profissional&#8221;","author":"mundobibliotecario","date":"24\/05\/2011","format":false,"excerpt":"O Programa de Educa\u00e7\u00e3o Tutorial em Biblioteconomia e Ci\u00eancia da Informa\u00e7\u00e3o (PET-BCI) da UFSCar realiza, no dia 3 de junho, o semin\u00e1rio \"O Saber Profissional\". O objetivo da atividade \u00e9 conhecer os trabalhos desenvolvidos por ex-alunos do Curso de Biblioteconomia e Ci\u00eancia da Informa\u00e7\u00e3o da UFSCar em diferentes segmentos de\u2026","rel":"","context":"Em &quot;Eventos&quot;","block_context":{"text":"Eventos","link":"https:\/\/mundobibliotecario.com.br\/index.php\/category\/eventos\/"},"img":{"alt_text":"","src":"","width":0,"height":0},"classes":[]},{"id":4879,"url":"https:\/\/mundobibliotecario.com.br\/index.php\/2011\/05\/24\/pet-em-biblioteconomia-e-ciencia-da-informacao-da-ufscar-promove-o-seminario-o-saber-profissional-2\/","url_meta":{"origin":1693,"position":1},"title":"PET em Biblioteconomia e Ci\u00eancia da Informa\u00e7\u00e3o da UFSCar promove o semin\u00e1rio &quot;O Saber Profissional&quot;","author":"mundobibliotecario","date":"24\/05\/2011","format":false,"excerpt":"O Programa de Educa\u00e7\u00e3o Tutorial em Biblioteconomia e Ci\u00eancia da Informa\u00e7\u00e3o (PET-BCI) da UFSCar realiza, no dia 3 de junho, o semin\u00e1rio \"O Saber Profissional\". O objetivo da atividade \u00e9 conhecer os trabalhos desenvolvidos por ex-alunos do Curso de Biblioteconomia e Ci\u00eancia da Informa\u00e7\u00e3o da UFSCar em diferentes segmentos de\u2026","rel":"","context":"Em &quot;Eventos&quot;","block_context":{"text":"Eventos","link":"https:\/\/mundobibliotecario.com.br\/index.php\/category\/eventos\/"},"img":{"alt_text":"","src":"","width":0,"height":0},"classes":[]},{"id":4882,"url":"https:\/\/mundobibliotecario.com.br\/index.php\/2011\/05\/24\/pet-em-biblioteconomia-e-ciencia-da-informacao-da-ufscar-promove-o-seminario-o-saber-profissional-2-2\/","url_meta":{"origin":1693,"position":2},"title":"PET em Biblioteconomia e Ci\u00eancia da Informa\u00e7\u00e3o da UFSCar promove o semin\u00e1rio &#034;O Saber Profissional&#034;","author":"mundobibliotecario","date":"24\/05\/2011","format":false,"excerpt":"O Programa de Educa\u00e7\u00e3o Tutorial em Biblioteconomia e Ci\u00eancia da Informa\u00e7\u00e3o (PET-BCI) da UFSCar realiza, no dia 3 de junho, o semin\u00e1rio \"O Saber Profissional\". O objetivo da atividade \u00e9 conhecer os trabalhos desenvolvidos por ex-alunos do Curso de Biblioteconomia e Ci\u00eancia da Informa\u00e7\u00e3o da UFSCar em diferentes segmentos de\u2026","rel":"","context":"Em &quot;Eventos&quot;","block_context":{"text":"Eventos","link":"https:\/\/mundobibliotecario.com.br\/index.php\/category\/eventos\/"},"img":{"alt_text":"","src":"","width":0,"height":0},"classes":[]},{"id":2720,"url":"https:\/\/mundobibliotecario.com.br\/index.php\/2012\/09\/26\/biblioteca-de-sorocaba-realiza-curso-de-atualizacao-no-dia-27-de-setembro\/","url_meta":{"origin":1693,"position":3},"title":"Biblioteca de Sorocaba realiza curso de atualiza\u00e7\u00e3o no dia 27 de setembro","author":"mundobibliotecario","date":"26\/09\/2012","format":false,"excerpt":"A Biblioteca do campus Sorocaba (BSo) da UFSCar, com apoio da Pr\u00f3-Reitoria de Extens\u00e3o (ProEx), promove no dia 27 de setembro, \u00e0s 9 horas, o curso de atualiza\u00e7\u00e3o para bibliotec\u00e1rios da regi\u00e3o de Sorocaba, o \u201cMARC21: padr\u00e3o de estrutura de metadados descritivos para compartilhamento de registros bibliogr\u00e1ficos\u201d. O curso ser\u00e1\u2026","rel":"","context":"Em &quot;Curso&quot;","block_context":{"text":"Curso","link":"https:\/\/mundobibliotecario.com.br\/index.php\/category\/curso\/"},"img":{"alt_text":"","src":"","width":0,"height":0},"classes":[]},{"id":2561,"url":"https:\/\/mundobibliotecario.com.br\/index.php\/2012\/04\/26\/saber-profissional-e-tema-de-evento-promovido-pelo-pet-bci-no-dia-4-de-maio\/","url_meta":{"origin":1693,"position":4},"title":"Saber profissional \u00e9 tema de evento promovido pelo PET-BCI no dia 4 de maio","author":"mundobibliotecario","date":"26\/04\/2012","format":false,"excerpt":"No dia 4 de maio, acontece na UFSCar o \"II Semin\u00e1rio O saber profissional\", realizado pelo Programa de Educa\u00e7\u00e3o Tutorial em Biblioteconomia e Ci\u00eancia da Informa\u00e7\u00e3o (Grupo PET - BCI). Durante o evento, trabalhos acad\u00eamicos e bibliotec\u00e1rios desenvolvidos por alunos egressos do curso de Biblioteconomia e Ci\u00eancia da Informa\u00e7\u00e3o da\u2026","rel":"","context":"Em &quot;Not\u00edcias&quot;","block_context":{"text":"Not\u00edcias","link":"https:\/\/mundobibliotecario.com.br\/index.php\/category\/noticias\/"},"img":{"alt_text":"","src":"","width":0,"height":0},"classes":[]},{"id":1469,"url":"https:\/\/mundobibliotecario.com.br\/index.php\/2010\/09\/24\/v-semana-de-biblioteconomia-da-ecausp\/","url_meta":{"origin":1693,"position":5},"title":"V Semana de Biblioteconomia da ECA\/USP","author":"mundobibliotecario","date":"24\/09\/2010","format":false,"excerpt":"V Semana de Biblioteconomia da Escola de Comunica\u00e7\u00f5es e Artes (ECA) da Universidade de S\u00e3o Paulo (USP) De 27\/09 a 01\/10 A Semana de Biblioteconomia da Escola de Comunica\u00e7\u00f5es e Artes (ECA) da Universidade de S\u00e3o Paulo (USP) \u00e9 em evento acad\u00eamico que objetiva estimular e promover o esp\u00edrito cr\u00edtico\u2026","rel":"","context":"Em &quot;Eventos&quot;","block_context":{"text":"Eventos","link":"https:\/\/mundobibliotecario.com.br\/index.php\/category\/eventos\/"},"img":{"alt_text":"","src":"","width":0,"height":0},"classes":[]}],"jetpack_likes_enabled":true,"jetpack_shortlink":"https:\/\/wp.me\/pcbzwa-rj","_links":{"self":[{"href":"https:\/\/mundobibliotecario.com.br\/index.php\/wp-json\/wp\/v2\/posts\/1693","targetHints":{"allow":["GET"]}}],"collection":[{"href":"https:\/\/mundobibliotecario.com.br\/index.php\/wp-json\/wp\/v2\/posts"}],"about":[{"href":"https:\/\/mundobibliotecario.com.br\/index.php\/wp-json\/wp\/v2\/types\/post"}],"author":[{"embeddable":true,"href":"https:\/\/mundobibliotecario.com.br\/index.php\/wp-json\/wp\/v2\/users\/1"}],"replies":[{"embeddable":true,"href":"https:\/\/mundobibliotecario.com.br\/index.php\/wp-json\/wp\/v2\/comments?post=1693"}],"version-history":[{"count":1,"href":"https:\/\/mundobibliotecario.com.br\/index.php\/wp-json\/wp\/v2\/posts\/1693\/revisions"}],"predecessor-version":[{"id":5779,"href":"https:\/\/mundobibliotecario.com.br\/index.php\/wp-json\/wp\/v2\/posts\/1693\/revisions\/5779"}],"wp:attachment":[{"href":"https:\/\/mundobibliotecario.com.br\/index.php\/wp-json\/wp\/v2\/media?parent=1693"}],"wp:term":[{"taxonomy":"category","embeddable":true,"href":"https:\/\/mundobibliotecario.com.br\/index.php\/wp-json\/wp\/v2\/categories?post=1693"},{"taxonomy":"post_tag","embeddable":true,"href":"https:\/\/mundobibliotecario.com.br\/index.php\/wp-json\/wp\/v2\/tags?post=1693"}],"curies":[{"name":"wp","href":"https:\/\/api.w.org\/{rel}","templated":true}]}}