{"id":1714,"date":"2011-01-30T15:10:30","date_gmt":"2011-01-30T18:10:30","guid":{"rendered":"http:\/\/mundobibliotecario.wordpress.com\/?p=1714"},"modified":"2020-07-21T23:22:32","modified_gmt":"2020-07-22T02:22:32","slug":"concurso-para-bibliotecario-na-unesp","status":"publish","type":"post","link":"https:\/\/mundobibliotecario.com.br\/index.php\/2011\/01\/30\/concurso-para-bibliotecario-na-unesp\/","title":{"rendered":"Concurso para bibliotec\u00e1rio na UNESP"},"content":{"rendered":"<p>A UNESP abriu concursos para diversos cargos, dentre eles, bibliotec\u00e1rio. H\u00e1 tamb\u00e9m uma vaga para assistente de documenta\u00e7\u00e3o no <em>campi<\/em> de Araraquara. Os editais das respectivas provas est\u00e3o dispon\u00edveis na p\u00e1gina da VUNESP.<\/p>\n","protected":false},"excerpt":{"rendered":"<p>A UNESP abriu concursos para diversos cargos, dentre eles, bibliotec\u00e1rio. H\u00e1 tamb\u00e9m uma vaga para assistente de documenta\u00e7\u00e3o no campi de Araraquara. Os editais das respectivas provas est\u00e3o dispon\u00edveis na p\u00e1gina da VUNESP.<\/p>\n","protected":false},"author":1,"featured_media":0,"comment_status":"open","ping_status":"open","sticky":false,"template":"","format":"standard","meta":{"_mi_skip_tracking":false,"_exactmetrics_sitenote_active":false,"_exactmetrics_sitenote_note":"","_exactmetrics_sitenote_category":0,"_jetpack_newsletter_access":"","footnotes":""},"categories":[168],"tags":[697,36,655,235,144],"class_list":["post-1714","post","type-post","status-publish","format-standard","hentry","category-concurso","tag-697","tag-bibliotecario","tag-concurso-2","tag-concurso-de-biblioteconomia","tag-unesp"],"jetpack_featured_media_url":"","jetpack_sharing_enabled":true,"jetpack-related-posts":[{"id":2593,"url":"https:\/\/mundobibliotecario.com.br\/index.php\/2012\/05\/19\/concurso-para-bibliotecario-na-unesp-de-araraquara\/","url_meta":{"origin":1714,"position":0},"title":"Concurso para bibliotec\u00e1rio na Unesp de Araraquara","author":"mundobibliotecario","date":"19\/05\/2012","format":false,"excerpt":"Abriu concurso para bibliotec\u00e1rio na Unesp de Araraquara. Seguem as informa\u00e7\u00f5es e o link do edital recebido por e-mail: Abriu concurso para Bibliotec\u00e1rio na Unesp de Araraquara - Letras. Sal\u00e1rio de quase R$ 4 mil. Benef\u00edcios: - Vale alimenta\u00e7\u00e3o: R$ 400,00 - Vale transporte: R$ 110,00 - Unimed - Uniodonto\u2026","rel":"","context":"Em &quot;Concurso&quot;","block_context":{"text":"Concurso","link":"https:\/\/mundobibliotecario.com.br\/index.php\/category\/concurso\/"},"img":{"alt_text":"","src":"","width":0,"height":0},"classes":[]},{"id":487,"url":"https:\/\/mundobibliotecario.com.br\/index.php\/2009\/03\/19\/concurso-unesp\/","url_meta":{"origin":1714,"position":1},"title":"Concurso &#8211; UNESP","author":"mundobibliotecario","date":"19\/03\/2009","format":false,"excerpt":"A UNESP est\u00e1 com inscri\u00e7\u00f5es abertas para o concurso de bibliotec\u00e1rio e outras\u00a0fun\u00e7\u00f5es. As informa\u00e7\u00f5es completas podem ser\u00a0acessadas pelo site da Funda\u00e7\u00e3o Vunesp. Os aprovados para o cargo de bibliotec\u00e1rio ir\u00e3o trabalhar nas cidades de Araraquara, Rio Claro\u00a0ou S\u00e3o Jos\u00e9 do Rio Preto.","rel":"","context":"Em &quot;Concurso&quot;","block_context":{"text":"Concurso","link":"https:\/\/mundobibliotecario.com.br\/index.php\/category\/concurso\/"},"img":{"alt_text":"","src":"","width":0,"height":0},"classes":[]},{"id":3409,"url":"https:\/\/mundobibliotecario.com.br\/index.php\/2014\/02\/02\/3-vagas-para-bibliotecario-na-unesp\/","url_meta":{"origin":1714,"position":2},"title":"3 vagas para bibliotec\u00e1rio na UNESP","author":"mundobibliotecario","date":"02\/02\/2014","format":false,"excerpt":"A UNESP abriu 3 vagas para bibliotec\u00e1rio nos\u00a0campi de Ilha Solteira, Rio Claro e Araraquara com remunera\u00e7\u00e3o de R$ 4.509,74. Segue o edital: . Boa sorte aos concurseiros!","rel":"","context":"Em &quot;Concurso&quot;","block_context":{"text":"Concurso","link":"https:\/\/mundobibliotecario.com.br\/index.php\/category\/concurso\/"},"img":{"alt_text":"","src":"","width":0,"height":0},"classes":[]},{"id":763,"url":"https:\/\/mundobibliotecario.com.br\/index.php\/2009\/07\/19\/concurso-para-bibliotecario\/","url_meta":{"origin":1714,"position":3},"title":"Concurso para bibliotec\u00e1rio","author":"mundobibliotecario","date":"19\/07\/2009","format":false,"excerpt":"CONCURSO P\u00daBLICO PARA BIBLIOTEC\u00c1RIO, EM CAR\u00c1TER DE SUBSTITUI\u00c7\u00c3O POR AT\u00c9 02 ANOS - INSCRI\u00c7\u00d5ES DE 13 A 17 E 20\/07, NA UNESP\/CAMPUS EXPERIMENTAL DE REGISTRO. O edital est\u00e1 em anexo e tamb\u00e9m pode ser encontrado no site da Unidade: www.registro.unesp.br","rel":"","context":"Em &quot;Concurso&quot;","block_context":{"text":"Concurso","link":"https:\/\/mundobibliotecario.com.br\/index.php\/category\/concurso\/"},"img":{"alt_text":"","src":"","width":0,"height":0},"classes":[]},{"id":1422,"url":"https:\/\/mundobibliotecario.com.br\/index.php\/2010\/08\/23\/vaga-e-concurso-para-bibliotecario\/","url_meta":{"origin":1714,"position":4},"title":"Vaga e concurso para bibliotec\u00e1rio","author":"mundobibliotecario","date":"23\/08\/2010","format":false,"excerpt":"1 vaga para Arquivista para SP (n\u00edvel superior) 1 vaga para Bibliotec\u00e1rio para centro de SP (n\u00edvel superior) 1 vaga para t\u00e9cnico em biblioteconomia 1 vaga para auxiliar de arquivo. 1 profissional com conhecimentos em PHP - aut\u00f4nomo Enviar cv com pretens\u00e3o para maria@organizarte.com.br ou daniela@organizarte.com.br informando a vaga pretendida.\u2026","rel":"","context":"Em &quot;Concurso&quot;","block_context":{"text":"Concurso","link":"https:\/\/mundobibliotecario.com.br\/index.php\/category\/concurso\/"},"img":{"alt_text":"","src":"","width":0,"height":0},"classes":[]},{"id":1636,"url":"https:\/\/mundobibliotecario.com.br\/index.php\/2011\/01\/02\/os-numeros-de-2010\/","url_meta":{"origin":1714,"position":5},"title":"Os n\u00fameros de 2010","author":"mundobibliotecario","date":"02\/01\/2011","format":false,"excerpt":"Os duendes das estat\u00edsticas do WordPress.com analisaram o desempenho deste blog em 2010 e apresentam-lhe aqui um resumo de alto n\u00edvel da sa\u00fade do seu blog: O Blog-Health-o-Meter\u2122 indica: Uau. N\u00fameros apetitosos Um duende das estat\u00edsticas pintou esta imagem abstracta, com base nos seus dados. Cerca de 3 milh\u00f5es de\u2026","rel":"","context":"Em &quot;Not\u00edcias&quot;","block_context":{"text":"Not\u00edcias","link":"https:\/\/mundobibliotecario.com.br\/index.php\/category\/noticias\/"},"img":{"alt_text":"","src":"","width":0,"height":0},"classes":[]}],"jetpack_likes_enabled":true,"jetpack_shortlink":"https:\/\/wp.me\/pcbzwa-rE","_links":{"self":[{"href":"https:\/\/mundobibliotecario.com.br\/index.php\/wp-json\/wp\/v2\/posts\/1714","targetHints":{"allow":["GET"]}}],"collection":[{"href":"https:\/\/mundobibliotecario.com.br\/index.php\/wp-json\/wp\/v2\/posts"}],"about":[{"href":"https:\/\/mundobibliotecario.com.br\/index.php\/wp-json\/wp\/v2\/types\/post"}],"author":[{"embeddable":true,"href":"https:\/\/mundobibliotecario.com.br\/index.php\/wp-json\/wp\/v2\/users\/1"}],"replies":[{"embeddable":true,"href":"https:\/\/mundobibliotecario.com.br\/index.php\/wp-json\/wp\/v2\/comments?post=1714"}],"version-history":[{"count":1,"href":"https:\/\/mundobibliotecario.com.br\/index.php\/wp-json\/wp\/v2\/posts\/1714\/revisions"}],"predecessor-version":[{"id":6343,"href":"https:\/\/mundobibliotecario.com.br\/index.php\/wp-json\/wp\/v2\/posts\/1714\/revisions\/6343"}],"wp:attachment":[{"href":"https:\/\/mundobibliotecario.com.br\/index.php\/wp-json\/wp\/v2\/media?parent=1714"}],"wp:term":[{"taxonomy":"category","embeddable":true,"href":"https:\/\/mundobibliotecario.com.br\/index.php\/wp-json\/wp\/v2\/categories?post=1714"},{"taxonomy":"post_tag","embeddable":true,"href":"https:\/\/mundobibliotecario.com.br\/index.php\/wp-json\/wp\/v2\/tags?post=1714"}],"curies":[{"name":"wp","href":"https:\/\/api.w.org\/{rel}","templated":true}]}}