{"id":1717,"date":"2011-02-02T07:34:33","date_gmt":"2011-02-02T10:34:33","guid":{"rendered":"http:\/\/mundobibliotecario.wordpress.com\/?p=1717"},"modified":"2020-07-21T23:22:32","modified_gmt":"2020-07-22T02:22:32","slug":"quinze-milhoes-de-alunos-estudam-em-escolas-sem-biblioteca-no-pais","status":"publish","type":"post","link":"https:\/\/mundobibliotecario.com.br\/index.php\/2011\/02\/02\/quinze-milhoes-de-alunos-estudam-em-escolas-sem-biblioteca-no-pais\/","title":{"rendered":"Quinze milh\u00f5es de alunos estudam em escolas sem biblioteca no pa\u00eds"},"content":{"rendered":"<p>Not\u00edcias Quarta-Feira, 02 de fevereiro de 2011<\/p>\n<p>JC e-mail 4189, de 31 de Janeiro de 2011.<br \/>\n6. Quinze milh\u00f5es de alunos estudam em escolas sem biblioteca no pa\u00eds<\/p>\n<p>Segundo Censo Escolar, 70% dos estudantes n\u00e3o t\u00eam laborat\u00f3rio de ci\u00eancias<\/p>\n<p>Na volta \u00e0s aulas, milh\u00f5es de alunos de todo o pa\u00eds v\u00e3o estudar este ano em escolas onde n\u00e3o h\u00e1 laborat\u00f3rio de ci\u00eancias, biblioteca, laborat\u00f3rio de inform\u00e1tica ou quadra de esportes.<\/p>\n<p>O Censo Escolar do Minist\u00e9rio da Educa\u00e7\u00e3o (MEC) mostra que, no ano passado, 27 milh\u00f5es de estudantes de ensino fundamental e m\u00e9dio (70% do total) frequentavam estabelecimentos sem laborat\u00f3rio de ci\u00eancias. A inexist\u00eancia de bibliotecas era realidade para 15 milh\u00f5es (39%), enquanto 9,5 milh\u00f5es (24%) estavam matriculados em escolas sem laborat\u00f3rio de inform\u00e1tica, e 14 milh\u00f5es (35%), em unidades sem quadra esportiva.<\/p>\n<p>Os dados foram divulgados pelo MEC em dezembro e consideram tanto a rede p\u00fablica quanto a privada. No ensino m\u00e9dio, menos da metade das escolas tinha laborat\u00f3rio de ci\u00eancias. Nas s\u00e9ries finais do ensino fundamental, a situa\u00e7\u00e3o era mais grave: s\u00f3 23% delas estavam equipadas. Nas s\u00e9ries iniciais do fundamental, apenas 7% dos estabelecimentos tinham laborat\u00f3rio de ci\u00eancias.<\/p>\n<p>&#8220;Os alunos possivelmente ter\u00e3o preju\u00edzo na forma\u00e7\u00e3o&#8221;<\/p>\n<p>Falando em nome do Conselho Nacional de Secret\u00e1rios de Educa\u00e7\u00e3o (Consed), a secret\u00e1ria de Mato Grosso, Rosa Neide Sandes de Almeida, diz que as defici\u00eancias na infraestrutura prejudicam a aprendizagem. Ela culpa a falta de investimentos em governos anteriores, tanto em n\u00edvel federal quanto estadual e municipal, mas ressalva que a situa\u00e7\u00e3o come\u00e7ou a mudar na \u00faltima d\u00e9cada:<\/p>\n<p>&#8211; Os alunos possivelmente ter\u00e3o um preju\u00edzo significativo na sua forma\u00e7\u00e3o. Isso com certeza tem consequ\u00eancias para o n\u00edvel de escolaridade que a gente oferece \u00e0 nossa popula\u00e7\u00e3o. O Brasil ainda est\u00e1 fazendo o dever de casa em aspectos prim\u00e1rios da escola &#8211; diz Rosa Neide.<\/p>\n<p>A falta de infraestrutura preocupa a Sociedade Brasileira para o Progresso da Ci\u00eancia<\/p>\n<p>(SBPC). O coordenador do Grupo de Trabalho de Educa\u00e7\u00e3o da SBPC, Isaac Roitman, considera a situa\u00e7\u00e3o vergonhosa e defende o lan\u00e7amento de um Programa de Acelera\u00e7\u00e3o do Crescimento (PAC) espec\u00edfico para recuperar escolas e formar professores. At\u00e9 hoje, nenhum brasileiro foi agraciado com o pr\u00eamio Nobel.<\/p>\n<p>&#8211; Deveria ser prioridade para quem pensa no futuro do Brasil &#8211; disse Roitman, por e-mail.<\/p>\n<p>O consultor do movimento Todos pela Educa\u00e7\u00e3o e membro do Conselho Nacional de Educa\u00e7\u00e3o (CNE), Mozart Neves Ramos, critica a falta de padr\u00f5es m\u00ednimos para o funcionamento de escolas. Segundo ele, o poder p\u00fablico deveria estabelecer crit\u00e9rios e fazer a certifica\u00e7\u00e3o das escolas.<\/p>\n<p>Em maio, o CNE aprovou parecer definindo padr\u00f5es de qualidade para a rede p\u00fablica, o que exigiria aumentar investimentos em educa\u00e7\u00e3o. O parecer s\u00f3 vale se for homologado pelo ministro Fernando Haddad, o que ainda n\u00e3o ocorreu. Segundo o MEC, o texto permanece em an\u00e1lise.<\/p>\n<p>&#8211; A gente n\u00e3o pode oferecer escola de qualquer jeito. \u00c9 preciso dizer quais s\u00e3o os insumos que se espera que uma escola tenha &#8211; diz Mozart.<\/p>\n<p>Ele chama a aten\u00e7\u00e3o para outro ponto: n\u00e3o basta ter laborat\u00f3rios e bibliotecas, \u00e9 preciso que professores e alunos utilizem os recursos:<\/p>\n<p>&#8211; O pior de tudo \u00e9 que, mesmo nas escolas que t\u00eam laborat\u00f3rios, eles s\u00e3o pouco usados &#8211; diz Mozart.<\/p>\n<p>Em escola no DF, computadores sem uso<\/p>\n<p>O Distrito Federal, unidade da Federa\u00e7\u00e3o que lidera rankings de avalia\u00e7\u00e3o do MEC, n\u00e3o foge \u00e0 realidade revelada pelo censo. O Centro de Ensino Fundamental Fercal, na cidade-sat\u00e9lite de Sobradinho, n\u00e3o tem biblioteca nem laborat\u00f3rio de inform\u00e1tica. A escola recebeu 20 computadores do MEC no ano passado, mas dez m\u00e1quinas permanecem nas caixas, e as demais n\u00e3o s\u00e3o usadas.<\/p>\n<p>O vice-diretor Samuel Wvilde diz que a rede el\u00e9trica n\u00e3o suporta o funcionamento simult\u00e2neo dos computadores. H\u00e1 um projeto de reconstru\u00e7\u00e3o da escola. Os livros de literatura ficam guardados junto com o material esportivo. O resto do acervo foi transferido para outra escola, onde est\u00e1 sem uso. O centro atende a 1,1 mil alunos de ensino m\u00e9dio e dos anos finais do fundamental.<\/p>\n<p>A Escola Classe Engenho Velho, com 420 alunos, n\u00e3o tem biblioteca nem laborat\u00f3rio de inform\u00e1tica. A vice-diretora Susan Fernandes conta que o MEC j\u00e1 ofereceu computadores tr\u00eas vezes, mas a doa\u00e7\u00e3o foi recusada porque o pr\u00e9dio n\u00e3o tem sala dispon\u00edvel. Os livros de literatura ficam guardados em caixas, que s\u00e3o levadas pelos professores para as salas de aulas.<\/p>\n<p>O MEC informa que investiu R$ 774 milh\u00f5es na compra e distribui\u00e7\u00e3o de computadores capazes de beneficiar 30 milh\u00f5es de alunos, entre 2004 e 2010.<\/p>\n<p>(Dem\u00e9trio Weber)<\/p>\n<p>(O Globo, 30\/1)<\/p>\n<p>Dispon\u00edvel em: &lt;http:\/\/www.jornaldaciencia.org.br\/Detalhe.jsp?id=76172&gt;. Acesso em: 2 fev. 2011.<\/p>\n","protected":false},"excerpt":{"rendered":"<p>Not\u00edcias Quarta-Feira, 02 de fevereiro de 2011 JC e-mail 4189, de 31 de Janeiro de 2011. 6. Quinze milh\u00f5es de alunos estudam em escolas sem biblioteca no pa\u00eds Segundo Censo Escolar, 70% dos estudantes n\u00e3o t\u00eam laborat\u00f3rio de ci\u00eancias Na volta \u00e0s aulas, milh\u00f5es de alunos de todo o pa\u00eds v\u00e3o estudar este ano em &#8230; <a title=\"Quinze milh\u00f5es de alunos estudam em escolas sem biblioteca no pa\u00eds\" class=\"read-more\" href=\"https:\/\/mundobibliotecario.com.br\/index.php\/2011\/02\/02\/quinze-milhoes-de-alunos-estudam-em-escolas-sem-biblioteca-no-pais\/\" aria-label=\"Read more about Quinze milh\u00f5es de alunos estudam em escolas sem biblioteca no pa\u00eds\">Ler mais<\/a><\/p>\n","protected":false},"author":1,"featured_media":0,"comment_status":"open","ping_status":"open","sticky":false,"template":"","format":"standard","meta":{"_mi_skip_tracking":false,"_exactmetrics_sitenote_active":false,"_exactmetrics_sitenote_note":"","_exactmetrics_sitenote_category":0,"_jetpack_newsletter_access":"","footnotes":""},"categories":[60],"tags":[2],"class_list":["post-1717","post","type-post","status-publish","format-standard","hentry","category-noticias","tag-biblioteca"],"jetpack_featured_media_url":"","jetpack_sharing_enabled":true,"jetpack-related-posts":[{"id":3048,"url":"https:\/\/mundobibliotecario.com.br\/index.php\/2013\/03\/30\/uma-biblioteca-por-dia-ate-2020\/","url_meta":{"origin":1717,"position":0},"title":"Uma biblioteca por dia at\u00e9 2020","author":"mundobibliotecario","date":"30\/03\/2013","format":false,"excerpt":"O Brasil precisa construir 39 bibliotecas por dia nos pr\u00f3ximos sete anos para cumprir a Lei n.\u00ba 12.244\/2010, que prev\u00ea que toda escola p\u00fablica ou privada tenha o seu pr\u00f3prio espa\u00e7o de leitura at\u00e9 2020. A defasagem total do pa\u00eds \u00e9 de 128 mil bibliotecas. No Paran\u00e1, segundo informa\u00e7\u00f5es do\u2026","rel":"","context":"Em &quot;Not\u00edcias&quot;","block_context":{"text":"Not\u00edcias","link":"https:\/\/mundobibliotecario.com.br\/index.php\/category\/noticias\/"},"img":{"alt_text":"","src":"","width":0,"height":0},"classes":[]},{"id":2822,"url":"https:\/\/mundobibliotecario.com.br\/index.php\/2013\/01\/29\/no-brasil-bibliotecas-inovadoras-convivem-com-quadro-de-descaso\/","url_meta":{"origin":1717,"position":1},"title":"No Brasil, bibliotecas inovadoras convivem com quadro de descaso","author":"mundobibliotecario","date":"29\/01\/2013","format":false,"excerpt":"Enquanto algumas passam por reformas, incorporam novas m\u00eddias e tend\u00eancias, pa\u00eds ainda tem deficit de bibliotecas nas escolas. \u00a0BBC Biblioteca de S\u00e3o Paulo (Foto: BBC Brasil) No t\u00e9rreo da Biblioteca de S\u00e3o Paulo, ouve-se o burburinho de crian\u00e7as brincando nos computadores, jogando jogos de tabuleiros ou circulando entre as estantes\u2026","rel":"","context":"Em &quot;Not\u00edcias&quot;","block_context":{"text":"Not\u00edcias","link":"https:\/\/mundobibliotecario.com.br\/index.php\/category\/noticias\/"},"img":{"alt_text":"","src":"https:\/\/i0.wp.com\/s2.glbimg.com\/p3dWMRRupYn2ypZ8QV67PjlBF3gDK8Hf5yJwAEaxfgxIoz-HdGixxa_8qOZvMp3w\/s.glbimg.com\/jo\/g1\/f\/original\/2013\/01\/25\/bibliotecasp_1.jpg?resize=350%2C200","width":350,"height":200},"classes":[]},{"id":5216,"url":"https:\/\/mundobibliotecario.com.br\/index.php\/2019\/08\/10\/tce-mostra-1-4-das-escolas-estaduais-sem-bibliotecas\/","url_meta":{"origin":1717,"position":2},"title":"TCE mostra 1\/4 das escolas estaduais sem bibliotecas","author":"mundobibliotecario","date":"10\/08\/2019","format":false,"excerpt":"O relat\u00f3rio descreve que, em algumas escolas, n\u00e3o h\u00e1 efetiva utiliza\u00e7\u00e3o do espa\u00e7o por causa da desorganiza\u00e7\u00e3o do ambiente Cr\u00e9dito da foto: Adival B. Pinto \/ Arquivo JCS Um relat\u00f3rio divulgado pelo Tribunal de Contas do Estado de S\u00e3o Paulo (TCE-SP) mostra um quadro deficit\u00e1rio na educa\u00e7\u00e3o paulista. No exerc\u00edcio\u2026","rel":"","context":"Em &quot;Not\u00edcias&quot;","block_context":{"text":"Not\u00edcias","link":"https:\/\/mundobibliotecario.com.br\/index.php\/category\/noticias\/"},"img":{"alt_text":"TCE mostra 1\/4 das escolas estaduais sem bibliotecas","src":"https:\/\/i0.wp.com\/www.jornalcruzeiro.com.br\/wp-content\/uploads\/2019\/08\/TCE-mostra.jpg?resize=350%2C200&ssl=1","width":350,"height":200},"classes":[]},{"id":3609,"url":"https:\/\/mundobibliotecario.com.br\/index.php\/2014\/10\/10\/3609\/","url_meta":{"origin":1717,"position":3},"title":"Movimento Brasil Liter\u00e1rio - 28\/09\/2014\u2026","author":"mundobibliotecario","date":"10\/10\/2014","format":false,"excerpt":"Movimento Brasil Liter\u00e1rio - 28\/09\/2014 A Lei 12.244\/10 determina que todas as institui\u00e7\u00f5es de ensino do Brasil tenham uma biblioteca at\u00e9 2020. Al\u00e9m disso, bibliotecas em escolas s\u00e3o fundamentais para o atingimento das Metas 7 e 9 do Plano Nacional de Educa\u00e7\u00e3o (PNE) e converge com o Eixo 1 do\u2026","rel":"","context":"Em &quot;Not\u00edcias&quot;","block_context":{"text":"Not\u00edcias","link":"https:\/\/mundobibliotecario.com.br\/index.php\/category\/noticias\/"},"img":{"alt_text":"","src":"","width":0,"height":0},"classes":[]},{"id":3528,"url":"https:\/\/mundobibliotecario.com.br\/index.php\/2014\/07\/10\/por-que-os-alunos-abandonam-as-bibliotecas-conforme-crescem\/","url_meta":{"origin":1717,"position":4},"title":"Por que os alunos abandonam as bibliotecas conforme crescem?","author":"mundobibliotecario","date":"10\/07\/2014","format":false,"excerpt":"BIA REIS Sexta-Feira 04\/07\/14 Levantamento do Todos pela Educa\u00e7\u00e3o mostra que porcentual de alunos que nunca ou quase nunca utiliza a biblioteca escolar salta de 18,5% para 35,1% do 5.\u00ba para o 9.\u00ba ano do ensino fundamental O h\u00e1bito da leitura \u00e9 um prazer a ser descoberto e conquistado \u2013\u2026","rel":"","context":"Em &quot;Not\u00edcias&quot;","block_context":{"text":"Not\u00edcias","link":"https:\/\/mundobibliotecario.com.br\/index.php\/category\/noticias\/"},"img":{"alt_text":"","src":"","width":0,"height":0},"classes":[]},{"id":3145,"url":"https:\/\/mundobibliotecario.com.br\/index.php\/2013\/06\/26\/a-falta-de-habito-de-leitura-e-o-analfabetismo-funcional\/","url_meta":{"origin":1717,"position":5},"title":"A falta de h\u00e1bito de leitura e o analfabetismo funcional","author":"mundobibliotecario","date":"26\/06\/2013","format":false,"excerpt":"Professor Marcus Garcia - Portal Segs - 20\/05\/13 Segundo a ANL (Associa\u00e7\u00e3o Nacional de Livrarias), o Brasil fechou 2012 com 3.481 livrarias em opera\u00e7\u00e3o. Destas, 49% est\u00e3o instaladas nas capitais dos 27 estados e no Distrito Federal, e as 51% restantes nas demais cidades. Como temos aproximadamente 197 milh\u00f5es de\u2026","rel":"","context":"Em &quot;Not\u00edcias&quot;","block_context":{"text":"Not\u00edcias","link":"https:\/\/mundobibliotecario.com.br\/index.php\/category\/noticias\/"},"img":{"alt_text":"","src":"","width":0,"height":0},"classes":[]}],"jetpack_likes_enabled":true,"jetpack_shortlink":"https:\/\/wp.me\/pcbzwa-rH","_links":{"self":[{"href":"https:\/\/mundobibliotecario.com.br\/index.php\/wp-json\/wp\/v2\/posts\/1717","targetHints":{"allow":["GET"]}}],"collection":[{"href":"https:\/\/mundobibliotecario.com.br\/index.php\/wp-json\/wp\/v2\/posts"}],"about":[{"href":"https:\/\/mundobibliotecario.com.br\/index.php\/wp-json\/wp\/v2\/types\/post"}],"author":[{"embeddable":true,"href":"https:\/\/mundobibliotecario.com.br\/index.php\/wp-json\/wp\/v2\/users\/1"}],"replies":[{"embeddable":true,"href":"https:\/\/mundobibliotecario.com.br\/index.php\/wp-json\/wp\/v2\/comments?post=1717"}],"version-history":[{"count":1,"href":"https:\/\/mundobibliotecario.com.br\/index.php\/wp-json\/wp\/v2\/posts\/1717\/revisions"}],"predecessor-version":[{"id":6342,"href":"https:\/\/mundobibliotecario.com.br\/index.php\/wp-json\/wp\/v2\/posts\/1717\/revisions\/6342"}],"wp:attachment":[{"href":"https:\/\/mundobibliotecario.com.br\/index.php\/wp-json\/wp\/v2\/media?parent=1717"}],"wp:term":[{"taxonomy":"category","embeddable":true,"href":"https:\/\/mundobibliotecario.com.br\/index.php\/wp-json\/wp\/v2\/categories?post=1717"},{"taxonomy":"post_tag","embeddable":true,"href":"https:\/\/mundobibliotecario.com.br\/index.php\/wp-json\/wp\/v2\/tags?post=1717"}],"curies":[{"name":"wp","href":"https:\/\/api.w.org\/{rel}","templated":true}]}}