{"id":1822,"date":"2011-03-02T10:48:32","date_gmt":"2011-03-02T13:48:32","guid":{"rendered":"http:\/\/mundobibliotecario.wordpress.com\/?p=1822"},"modified":"2011-03-02T10:48:32","modified_gmt":"2011-03-02T13:48:32","slug":"concurso-para-professor-de-biblioteconomaia-na-ufrj","status":"publish","type":"post","link":"https:\/\/mundobibliotecario.com.br\/index.php\/2011\/03\/02\/concurso-para-professor-de-biblioteconomaia-na-ufrj\/","title":{"rendered":"Concurso para professor de Biblioteconomia na UFRJ"},"content":{"rendered":"<p>Abriram 2 vagas para docentes de Biblioteconomia na Faculdade de de Administra\u00e7\u00e3o e Ci\u00eancias Cont\u00e1beis da UFRJ: Biblioteconomia\/Ci\u00eancia da Informa\u00e7\u00e3o e Biblioteconomia\/Administra\u00e7\u00e3o de Unidades de Informa\u00e7\u00e3o. <a href=\"http:\/\/www.pciconcursos.com.br\/concurso\/ufrj-universidade-federal-do-rio-de-janeiro-rj-32-vagas\">Confira o edital<\/a>!<\/p>\n","protected":false},"excerpt":{"rendered":"<p>Abriram 2 vagas para docentes de Biblioteconomia na Faculdade de de Administra\u00e7\u00e3o e Ci\u00eancias Cont\u00e1beis da UFRJ: Biblioteconomia\/Ci\u00eancia da Informa\u00e7\u00e3o e Biblioteconomia\/Administra\u00e7\u00e3o de Unidades de Informa\u00e7\u00e3o. Confira o edital!<\/p>\n","protected":false},"author":1,"featured_media":0,"comment_status":"open","ping_status":"open","sticky":false,"template":"","format":"standard","meta":{"_mi_skip_tracking":false,"_exactmetrics_sitenote_active":false,"_exactmetrics_sitenote_note":"","_exactmetrics_sitenote_category":0,"_jetpack_newsletter_access":"","footnotes":""},"categories":[168],"tags":[235,517],"class_list":["post-1822","post","type-post","status-publish","format-standard","hentry","category-concurso","tag-concurso-de-biblioteconomia","tag-vaga-para-professor"],"jetpack_featured_media_url":"","jetpack_sharing_enabled":true,"jetpack-related-posts":[{"id":2785,"url":"https:\/\/mundobibliotecario.com.br\/index.php\/2013\/01\/06\/concurso-para-docente-de-biblioteconomia-na-ufrj\/","url_meta":{"origin":1822,"position":0},"title":"Concurso para docente de biblioteconomia na UFRJ","author":"mundobibliotecario","date":"06\/01\/2013","format":false,"excerpt":"Magist\u00e9rio superior UFRJ tem 315 vagas de professor de at\u00e9 R$ 12,2 mil Quinta-feira, 3 de janeiro de 2013 A Universidade Federal do Rio de Janeiro (UFRJ) abriu processo seletivo para 315 ofertas para o cargo de professor de carreira do magist\u00e9rio superior nas classes de titular, adjunto, assistente e\u2026","rel":"","context":"Em &quot;Concurso&quot;","block_context":{"text":"Concurso","link":"https:\/\/mundobibliotecario.com.br\/index.php\/category\/concurso\/"},"img":{"alt_text":"","src":"","width":0,"height":0},"classes":[]},{"id":1000,"url":"https:\/\/mundobibliotecario.com.br\/index.php\/2009\/12\/01\/concurso-para-professor-mestre-na-unirio\/","url_meta":{"origin":1822,"position":1},"title":"Concurso para professor Mestre na Unirio","author":"mundobibliotecario","date":"01\/12\/2009","format":false,"excerpt":"As inscri\u00e7\u00f5es estar\u00e3o abertas durante 40 dias, a partir do dia 16 de novembro de 2009, no locais e hor\u00e1rios abaixo discriminados. CENTRO: Ci\u00eancias Humanas e Sociais (CCH) - Inscri\u00e7\u00e3o: Protocolo do CCH - Av. Pasteur, no 458 (fundos) - Urca, de 09 as 11h, e 15 as 17h. Telefone:\u2026","rel":"","context":"Em &quot;Concurso&quot;","block_context":{"text":"Concurso","link":"https:\/\/mundobibliotecario.com.br\/index.php\/category\/concurso\/"},"img":{"alt_text":"","src":"","width":0,"height":0},"classes":[]},{"id":2783,"url":"https:\/\/mundobibliotecario.com.br\/index.php\/2013\/01\/04\/concurso-preenchimento-de-tres-vagas-na-docencia-da-ciencia-da-informacao-ufsc\/","url_meta":{"origin":1822,"position":2},"title":"Concurso preenchimento de tr\u00eas vagas na doc\u00eancia da Ci\u00eancia da Informa\u00e7\u00e3o &#8211; UFSC","author":"mundobibliotecario","date":"04\/01\/2013","format":false,"excerpt":"O\u00a0Departamento de Ci\u00eancia da Informa\u00e7\u00e3o da UFSC, em Florian\u00f3polis, abre concurso para o preenchimento de tr\u00eas vagas na doc\u00eancia, sendo \u00a0(02 (duas) vagas para Professor Adjunto e 01 (uma) vaga para Professor Assistente. De acordo com o EDITAL N\u00ba 004\/DPP\/2012, de 27\/12\/2012, os interessados poder\u00e3o efetuar inscri\u00e7\u00e3o pela internet, no\u2026","rel":"","context":"Em &quot;Concurso&quot;","block_context":{"text":"Concurso","link":"https:\/\/mundobibliotecario.com.br\/index.php\/category\/concurso\/"},"img":{"alt_text":"","src":"","width":0,"height":0},"classes":[]},{"id":2889,"url":"https:\/\/mundobibliotecario.com.br\/index.php\/2013\/02\/18\/concurso-para-professor-substituto-departamento-de-biblioteconomia-ufes\/","url_meta":{"origin":1822,"position":3},"title":"Concurso para professor substituto &#8211; Departamento de Biblioteconomia UFES","author":"mundobibliotecario","date":"18\/02\/2013","format":false,"excerpt":"A Diretora do Departamento de Gest\u00e3o de Pessoas da Universidade Federal do Esp\u00edrito Santo, usando de suas atribui\u00e7\u00f5es, torna p\u00fablico que ser\u00e1 realizado processo seletivo simplificado para contrata\u00e7\u00e3o de PROFESSOR SUBSTITUTO, para esta Institui\u00e7\u00e3o Federal de Ensino, de acordo com a Lei n\u00ba 8745\/93. Per\u00edodo de Inscri\u00e7\u00e3o: 18 a 20\/02\/2013.\u2026","rel":"","context":"Em &quot;Emprego&quot;","block_context":{"text":"Emprego","link":"https:\/\/mundobibliotecario.com.br\/index.php\/category\/emprego\/"},"img":{"alt_text":"","src":"","width":0,"height":0},"classes":[]},{"id":2324,"url":"https:\/\/mundobibliotecario.com.br\/index.php\/2011\/11\/16\/concurso-para-docentes-de-biblioteconomia-na-uepb\/","url_meta":{"origin":1822,"position":4},"title":"Concurso para docentes de Arquivologia na UEPB","author":"mundobibliotecario","date":"16\/11\/2011","format":false,"excerpt":"As vagas s\u00e3o para as seguintes \u00e1reas: Arquivologia\/Informa\u00e7\u00e3o e Cibercultura Professor Mestre T\u00edtulo de Mestre em Computa\u00e7\u00e3o ou Inform\u00e1tica ou Ci\u00eancia da Informa\u00e7\u00e3o. Gradua\u00e7\u00e3o: Computa\u00e7\u00e3o ou Sistema de Informa\u00e7\u00e3o ou Processamento de Dados. Arquivologia\/Pol\u00edtica, Gest\u00e3o, Organiza\u00e7\u00e3o e Sistematiza\u00e7\u00e3o da Informa\u00e7\u00e3o Professor Mestre T\u00edtulo de Mestre em Arquivologia ou Ci\u00eancia da\u2026","rel":"","context":"Em &quot;Concurso&quot;","block_context":{"text":"Concurso","link":"https:\/\/mundobibliotecario.com.br\/index.php\/category\/concurso\/"},"img":{"alt_text":"","src":"","width":0,"height":0},"classes":[]},{"id":1895,"url":"https:\/\/mundobibliotecario.com.br\/index.php\/2011\/03\/22\/concurso-para-professor-de-biblioteconomia-na-universidade-federal-do-ceara\/","url_meta":{"origin":1822,"position":5},"title":"Concurso para professor de Biblioteconomia na Universidade Federal do Cear\u00e1","author":"mundobibliotecario","date":"22\/03\/2011","format":false,"excerpt":"Est\u00e3o\u00a0abertas, no per\u00edodo de 10 de mar\u00e7o a 8 de abril de 2011, as inscri\u00e7\u00f5es para Concurso P\u00fablico para o cargo de Professor da Carreira do Magist\u00e9rio Superior \u2013 Classe Adjunto, regido pela Lei 8.112\/90, para o Departamento de Ci\u00eancias da Informa\u00e7\u00e3o da Universidade Federal do Cear\u00e1, regulamentado pelo Edital\u2026","rel":"","context":"Em &quot;Concurso&quot;","block_context":{"text":"Concurso","link":"https:\/\/mundobibliotecario.com.br\/index.php\/category\/concurso\/"},"img":{"alt_text":"","src":"","width":0,"height":0},"classes":[]}],"jetpack_likes_enabled":true,"jetpack_shortlink":"https:\/\/wp.me\/pcbzwa-to","_links":{"self":[{"href":"https:\/\/mundobibliotecario.com.br\/index.php\/wp-json\/wp\/v2\/posts\/1822","targetHints":{"allow":["GET"]}}],"collection":[{"href":"https:\/\/mundobibliotecario.com.br\/index.php\/wp-json\/wp\/v2\/posts"}],"about":[{"href":"https:\/\/mundobibliotecario.com.br\/index.php\/wp-json\/wp\/v2\/types\/post"}],"author":[{"embeddable":true,"href":"https:\/\/mundobibliotecario.com.br\/index.php\/wp-json\/wp\/v2\/users\/1"}],"replies":[{"embeddable":true,"href":"https:\/\/mundobibliotecario.com.br\/index.php\/wp-json\/wp\/v2\/comments?post=1822"}],"version-history":[{"count":0,"href":"https:\/\/mundobibliotecario.com.br\/index.php\/wp-json\/wp\/v2\/posts\/1822\/revisions"}],"wp:attachment":[{"href":"https:\/\/mundobibliotecario.com.br\/index.php\/wp-json\/wp\/v2\/media?parent=1822"}],"wp:term":[{"taxonomy":"category","embeddable":true,"href":"https:\/\/mundobibliotecario.com.br\/index.php\/wp-json\/wp\/v2\/categories?post=1822"},{"taxonomy":"post_tag","embeddable":true,"href":"https:\/\/mundobibliotecario.com.br\/index.php\/wp-json\/wp\/v2\/tags?post=1822"}],"curies":[{"name":"wp","href":"https:\/\/api.w.org\/{rel}","templated":true}]}}