{"id":1848,"date":"2011-03-08T09:52:07","date_gmt":"2011-03-08T12:52:07","guid":{"rendered":"http:\/\/mundobibliotecario.wordpress.com\/?p=1848"},"modified":"2011-03-08T09:52:07","modified_gmt":"2011-03-08T12:52:07","slug":"oficina-pratico-experimental-introducao-a-infor-macao-audiovisual-imagens-expressoes-sonoras-e-midias-digitais-interativas","status":"publish","type":"post","link":"https:\/\/mundobibliotecario.com.br\/index.php\/2011\/03\/08\/oficina-pratico-experimental-introducao-a-infor-macao-audiovisual-imagens-expressoes-sonoras-e-midias-digitais-interativas\/","title":{"rendered":"Oficina pr\u00e1tico-experimental &#8220;Introdu\u00e7\u00e3o \u00e0 Informa\u00e7\u00e3o Audiovisual: Imagens, express\u00f5es sonoras e m\u00eddias digitais interativas&#8221;"},"content":{"rendered":"<p>Um filme. Uma fotografia. Um grito. Pinceladas. Cores. Formas. Voc\u00ea acha que esses exemplos de express\u00f5es audiovisuais podem ser caracterizados conceitualmente como informa\u00e7\u00e3o?<\/p>\n<p>Existem mais semelhan\u00e7as ou mais diferen\u00e7as entre o prazer na leitura de um livro e as m\u00faltiplas sensa\u00e7\u00f5es estimuladas ao assistirmos a um desenho animado, jogarmos um game digital ou apreciarmos uma m\u00fasica?<\/p>\n<p>Como podemos contribuir para a Gest\u00e3o Significativa da Informa\u00e7\u00e3o Audiovisual e para sua adequada compreens\u00e3o?<\/p>\n<p>Vamos debater essas e outras quest\u00f5es por meio da proposta a seguir (consulte <a href=\"http:\/\/informacaoaudiovisual.blogspot.com\/\">http:\/\/informacaoaudiovisual.blogspot.com\/<\/a>):<br \/>\nOficina pr\u00e1tico-experimental &#8220;Introdu\u00e7\u00e3o \u00e0 Informa\u00e7\u00e3o Audiovisual: Imagens, express\u00f5es sonoras e m\u00eddias digitais interativas&#8221;<\/p>\n<p>Ela busca construir, de forma panor\u00e2mica e introdut\u00f3ria, um debate sobre as rela\u00e7\u00f5es entre informa\u00e7\u00e3o e linguagens audiovisuais em v\u00e1rios contextos socioculturais.<\/p>\n<p>Por meio de di\u00e1logos, intera\u00e7\u00f5es, pr\u00e1ticas e experimenta\u00e7\u00f5es ser\u00e3o motivadas novas formas de percep\u00e7\u00f5es, sensa\u00e7\u00f5es e descobertas. Vamos analisar as metodologias para a gest\u00e3o, leitura, tratamento e representa\u00e7\u00e3o da informa\u00e7\u00e3o\/documenta\u00e7\u00e3o audiovisuais.<\/p>\n<p>O debate ter\u00e1 como pressupostos o protagonismo cultural dos participantes do curso, a produ\u00e7\u00e3o de sentidos, a apropria\u00e7\u00e3o cultural e o desenvolvimento de novas compet\u00eancias para se trabalhar com o audiovisual. Construiremos saberes e fazeres plurais.<\/p>\n<p>Ser\u00e1 debatida a necessidade de novas posturas e atitudes dos profissionais da informa\u00e7\u00e3o, comunica\u00e7\u00e3o, artes e educa\u00e7\u00e3o diante de todo esse trabalho com imagens, express\u00f5es sonoras e m\u00eddias digitais.<\/p>\n<p>Objetivos e constru\u00e7\u00e3o de saberes:<br \/>\n&#8211; Compreender a natureza da linguagem audiovisual<br \/>\n&#8211; Entender as rela\u00e7\u00f5es entre audiovisual e informa\u00e7\u00e3o<br \/>\n&#8211; Analisar os seus contextos sociais de produ\u00e7\u00e3o, usos e ressignifica\u00e7\u00e3o<br \/>\n&#8211; Analisar e ler a informa\u00e7\u00e3o audiovisual<br \/>\n&#8211; Gerenciar a informa\u00e7\u00e3o e documenta\u00e7\u00e3o audiovisuais<br \/>\n&#8211; Compreender a pluralidade metodol\u00f3gica para a an\u00e1lise document\u00e1ria da informa\u00e7\u00e3o audiovisual<br \/>\n&#8211; Refletir sobre a utiliza\u00e7\u00e3o de linguagens natural e document\u00e1ria para o tratamento e representa\u00e7\u00e3o do audiovisual (vocabul\u00e1rios controlados, tesauros, ontologias etc.)<br \/>\n&#8211; Desenvolver estrat\u00e9gias de pesquisa, busca e recupera\u00e7\u00e3o de informa\u00e7\u00f5es<br \/>\n&#8211; Compreender como funcionam as organiza\u00e7\u00f5es, institui\u00e7\u00f5es e empresas que trabalham com a gest\u00e3o da informa\u00e7\u00e3o e documenta\u00e7\u00e3o audiovisuais<br \/>\n&#8211; Construir a\u00e7\u00f5es e media\u00e7\u00f5es culturais em educa\u00e7\u00e3o e comunica\u00e7\u00e3o<br \/>\n&#8211; Construir, de forma introdut\u00f3ria, id\u00e9ias para a elabora\u00e7\u00e3o de projetos em gest\u00e3o da informa\u00e7\u00e3o audiovisual<\/p>\n<p>A quem se destina?<br \/>\nA estudantes e profissionais de Ci\u00eancias da Informa\u00e7\u00e3o, Comunica\u00e7\u00e3o, Educa\u00e7\u00e3o, Artes, Humanidades em geral e a todos os interessados pelo universo cultural da informa\u00e7\u00e3o, express\u00e3o e linguagens audiovisuais.<\/p>\n<p>Professor: Ronni Santos Oliveira<br \/>\nExperi\u00eancia de 13 anos na \u00e1rea<br \/>\nFormado pela USP<\/p>\n<p>Informa\u00e7\u00f5es sobre data, local e inscri\u00e7\u00e3o podem ser obtidas pelo e-mail informacaoaudiovisual@gmail.com ou pela p\u00e1gina <a href=\"http:\/\/informacaoaudiovisual.blogspot.com\/\">http:\/\/informacaoaudiovisual.blogspot.com\/<\/a><\/p>\n","protected":false},"excerpt":{"rendered":"<p>Um filme. Uma fotografia. Um grito. Pinceladas. Cores. Formas. Voc\u00ea acha que esses exemplos de express\u00f5es audiovisuais podem ser caracterizados conceitualmente como informa\u00e7\u00e3o? Existem mais semelhan\u00e7as ou mais diferen\u00e7as entre o prazer na leitura de um livro e as m\u00faltiplas sensa\u00e7\u00f5es estimuladas ao assistirmos a um desenho animado, jogarmos um game digital ou apreciarmos uma &#8230; <a title=\"Oficina pr\u00e1tico-experimental &#8220;Introdu\u00e7\u00e3o \u00e0 Informa\u00e7\u00e3o Audiovisual: Imagens, express\u00f5es sonoras e m\u00eddias digitais interativas&#8221;\" class=\"read-more\" href=\"https:\/\/mundobibliotecario.com.br\/index.php\/2011\/03\/08\/oficina-pratico-experimental-introducao-a-infor-macao-audiovisual-imagens-expressoes-sonoras-e-midias-digitais-interativas\/\" aria-label=\"Read more about Oficina pr\u00e1tico-experimental &#8220;Introdu\u00e7\u00e3o \u00e0 Informa\u00e7\u00e3o Audiovisual: Imagens, express\u00f5es sonoras e m\u00eddias digitais interativas&#8221;\">Ler mais<\/a><\/p>\n","protected":false},"author":1,"featured_media":0,"comment_status":"open","ping_status":"open","sticky":false,"template":"","format":"standard","meta":{"_mi_skip_tracking":false,"_exactmetrics_sitenote_active":false,"_exactmetrics_sitenote_note":"","_exactmetrics_sitenote_category":0,"_jetpack_newsletter_access":"","footnotes":""},"categories":[252],"tags":[556,716,717],"class_list":["post-1848","post","type-post","status-publish","format-standard","hentry","category-curso","tag-curso-2","tag-informacao-audiovisual","tag-oficina"],"jetpack_featured_media_url":"","jetpack_sharing_enabled":true,"jetpack-related-posts":[{"id":4866,"url":"https:\/\/mundobibliotecario.com.br\/index.php\/2011\/03\/08\/oficina-pratico-experimental-introducao-a-infor-macao-audiovisual-imagens-expressoes-sonoras-e-midias-digitais-interativas-2\/","url_meta":{"origin":1848,"position":0},"title":"Oficina pr\u00e1tico-experimental &quot;Introdu\u00e7\u00e3o \u00e0 Informa\u00e7\u00e3o Audiovisual: Imagens, express\u00f5es sonoras e m\u00eddias digitais interativas&quot;","author":"mundobibliotecario","date":"08\/03\/2011","format":false,"excerpt":"Um filme. Uma fotografia. Um grito. Pinceladas. Cores. Formas. Voc\u00ea acha que esses exemplos de express\u00f5es audiovisuais podem ser caracterizados conceitualmente como informa\u00e7\u00e3o? Existem mais semelhan\u00e7as ou mais diferen\u00e7as entre o prazer na leitura de um livro e as m\u00faltiplas sensa\u00e7\u00f5es estimuladas ao assistirmos a um desenho animado, jogarmos um\u2026","rel":"","context":"Em &quot;Curso&quot;","block_context":{"text":"Curso","link":"https:\/\/mundobibliotecario.com.br\/index.php\/category\/curso\/"},"img":{"alt_text":"","src":"","width":0,"height":0},"classes":[]},{"id":4867,"url":"https:\/\/mundobibliotecario.com.br\/index.php\/2011\/03\/08\/oficina-pratico-experimental-introducao-a-infor-macao-audiovisual-imagens-expressoes-sonoras-e-midias-digitais-interativas-2-2\/","url_meta":{"origin":1848,"position":1},"title":"Oficina pr\u00e1tico-experimental &#034;Introdu\u00e7\u00e3o \u00e0 Informa\u00e7\u00e3o Audiovisual: Imagens, express\u00f5es sonoras e m\u00eddias digitais interativas&#034;","author":"mundobibliotecario","date":"08\/03\/2011","format":false,"excerpt":"Um filme. Uma fotografia. Um grito. Pinceladas. Cores. Formas. Voc\u00ea acha que esses exemplos de express\u00f5es audiovisuais podem ser caracterizados conceitualmente como informa\u00e7\u00e3o? Existem mais semelhan\u00e7as ou mais diferen\u00e7as entre o prazer na leitura de um livro e as m\u00faltiplas sensa\u00e7\u00f5es estimuladas ao assistirmos a um desenho animado, jogarmos um\u2026","rel":"","context":"Em &quot;Curso&quot;","block_context":{"text":"Curso","link":"https:\/\/mundobibliotecario.com.br\/index.php\/category\/curso\/"},"img":{"alt_text":"","src":"","width":0,"height":0},"classes":[]},{"id":2135,"url":"https:\/\/mundobibliotecario.com.br\/index.php\/2011\/07\/26\/oficina-gratuita-bancos-e-arquivos-de-imagens-fotograficas-principios-de-gestao-da-informacao-modulo-i-analise-leitura-e-indexacao\/","url_meta":{"origin":1848,"position":2},"title":"Oficina gratuita: &#8220;Bancos e Arquivos de Imagens Fotogr\u00e1ficas: princ\u00edpios de gest\u00e3o da informa\u00e7\u00e3o &#8211; M\u00f3dulo I: an\u00e1lise, leitura e indexa\u00e7\u00e3o&#8221;","author":"mundobibliotecario","date":"26\/07\/2011","format":false,"excerpt":"Ocorrer\u00e1, no dia 29\/07 (sexta-feira), das 13h 'as 17h, em S\u00e3o Carlos, na Biblioteca P\u00fablica Municipal Amadeu Amaral, Rua 13 de maio, 2000 - esquina com avenida S\u00e3o Carlos, a oficina: \"Bancos e Arquivos de Imagens Fotogr\u00e1ficas: princ\u00edpios de gest\u00e3o da informa\u00e7\u00e3o - M\u00f3dulo I: an\u00e1lise, leitura e indexa\u00e7\u00e3o\". Todos\u2026","rel":"","context":"Em &quot;Curso&quot;","block_context":{"text":"Curso","link":"https:\/\/mundobibliotecario.com.br\/index.php\/category\/curso\/"},"img":{"alt_text":"","src":"","width":0,"height":0},"classes":[]},{"id":4885,"url":"https:\/\/mundobibliotecario.com.br\/index.php\/2011\/07\/26\/oficina-gratuita-bancos-e-arquivos-de-imagens-fotograficas-principios-de-gestao-da-informacao-modulo-i-analise-leitura-e-indexacao-2\/","url_meta":{"origin":1848,"position":3},"title":"Oficina gratuita: &quot;Bancos e Arquivos de Imagens Fotogr\u00e1ficas: princ\u00edpios de gest\u00e3o da informa\u00e7\u00e3o &#8211; M\u00f3dulo I: an\u00e1lise, leitura e indexa\u00e7\u00e3o&quot;","author":"mundobibliotecario","date":"26\/07\/2011","format":false,"excerpt":"Ocorrer\u00e1, no dia 29\/07 (sexta-feira), das 13h 'as 17h, em S\u00e3o Carlos, na Biblioteca P\u00fablica Municipal Amadeu Amaral, Rua 13 de maio, 2000 - esquina com avenida S\u00e3o Carlos, a oficina: \"Bancos e Arquivos de Imagens Fotogr\u00e1ficas: princ\u00edpios de gest\u00e3o da informa\u00e7\u00e3o - M\u00f3dulo I: an\u00e1lise, leitura e indexa\u00e7\u00e3o\". Todos\u2026","rel":"","context":"Em &quot;Curso&quot;","block_context":{"text":"Curso","link":"https:\/\/mundobibliotecario.com.br\/index.php\/category\/curso\/"},"img":{"alt_text":"","src":"","width":0,"height":0},"classes":[]},{"id":4886,"url":"https:\/\/mundobibliotecario.com.br\/index.php\/2011\/07\/26\/oficina-gratuita-bancos-e-arquivos-de-imagens-fotograficas-principios-de-gestao-da-informacao-modulo-i-analise-leitura-e-indexacao-2-2\/","url_meta":{"origin":1848,"position":4},"title":"Oficina gratuita: &#034;Bancos e Arquivos de Imagens Fotogr\u00e1ficas: princ\u00edpios de gest\u00e3o da informa\u00e7\u00e3o &#8211; M\u00f3dulo I: an\u00e1lise, leitura e indexa\u00e7\u00e3o&#034;","author":"mundobibliotecario","date":"26\/07\/2011","format":false,"excerpt":"Ocorrer\u00e1, no dia 29\/07 (sexta-feira), das 13h 'as 17h, em S\u00e3o Carlos, na Biblioteca P\u00fablica Municipal Amadeu Amaral, Rua 13 de maio, 2000 - esquina com avenida S\u00e3o Carlos, a oficina: \"Bancos e Arquivos de Imagens Fotogr\u00e1ficas: princ\u00edpios de gest\u00e3o da informa\u00e7\u00e3o - M\u00f3dulo I: an\u00e1lise, leitura e indexa\u00e7\u00e3o\". Todos\u2026","rel":"","context":"Em &quot;Curso&quot;","block_context":{"text":"Curso","link":"https:\/\/mundobibliotecario.com.br\/index.php\/category\/curso\/"},"img":{"alt_text":"","src":"","width":0,"height":0},"classes":[]},{"id":417,"url":"https:\/\/mundobibliotecario.com.br\/index.php\/2009\/02\/26\/cursos-content-digital-2009\/","url_meta":{"origin":1848,"position":5},"title":"Cursos Content Digital 2009","author":"mundobibliotecario","date":"26\/02\/2009","format":false,"excerpt":"CURSOS CONTENT DIGITAL 2009 (www.contentdigital.com.br) PROGRAME-SE para aproveitar os cursos de seu interesse, em nossa grade enriquecida de cursos em gest\u00e3o de conte\u00fado , gest\u00e3o do conhecimento e ambientes digitais, com consultores que est\u00e3o nas linhas de frente em suas \u00e1reas de atua\u00e7\u00e3o. RESERVE desde j\u00e1 sua vaga no curso\u2026","rel":"","context":"Em &quot;Curso&quot;","block_context":{"text":"Curso","link":"https:\/\/mundobibliotecario.com.br\/index.php\/category\/curso\/"},"img":{"alt_text":"","src":"","width":0,"height":0},"classes":[]}],"jetpack_likes_enabled":true,"jetpack_shortlink":"https:\/\/wp.me\/pcbzwa-tO","_links":{"self":[{"href":"https:\/\/mundobibliotecario.com.br\/index.php\/wp-json\/wp\/v2\/posts\/1848","targetHints":{"allow":["GET"]}}],"collection":[{"href":"https:\/\/mundobibliotecario.com.br\/index.php\/wp-json\/wp\/v2\/posts"}],"about":[{"href":"https:\/\/mundobibliotecario.com.br\/index.php\/wp-json\/wp\/v2\/types\/post"}],"author":[{"embeddable":true,"href":"https:\/\/mundobibliotecario.com.br\/index.php\/wp-json\/wp\/v2\/users\/1"}],"replies":[{"embeddable":true,"href":"https:\/\/mundobibliotecario.com.br\/index.php\/wp-json\/wp\/v2\/comments?post=1848"}],"version-history":[{"count":0,"href":"https:\/\/mundobibliotecario.com.br\/index.php\/wp-json\/wp\/v2\/posts\/1848\/revisions"}],"wp:attachment":[{"href":"https:\/\/mundobibliotecario.com.br\/index.php\/wp-json\/wp\/v2\/media?parent=1848"}],"wp:term":[{"taxonomy":"category","embeddable":true,"href":"https:\/\/mundobibliotecario.com.br\/index.php\/wp-json\/wp\/v2\/categories?post=1848"},{"taxonomy":"post_tag","embeddable":true,"href":"https:\/\/mundobibliotecario.com.br\/index.php\/wp-json\/wp\/v2\/tags?post=1848"}],"curies":[{"name":"wp","href":"https:\/\/api.w.org\/{rel}","templated":true}]}}