{"id":1859,"date":"2011-03-12T15:40:40","date_gmt":"2011-03-12T18:40:40","guid":{"rendered":"http:\/\/mundobibliotecario.wordpress.com\/?p=1859"},"modified":"2020-07-21T23:55:34","modified_gmt":"2020-07-22T02:55:34","slug":"bibliotecario-profissional-de-hoje-e-amanha","status":"publish","type":"post","link":"https:\/\/mundobibliotecario.com.br\/index.php\/2011\/03\/12\/bibliotecario-profissional-de-hoje-e-amanha\/","title":{"rendered":"Bibliotec\u00e1rio: profissional de hoje e amanh\u00e3"},"content":{"rendered":"<p>Idos s\u00e3o os tempos em que os bibliotec\u00e1rio atuavam apenas em bibliotecas. Hoje esse profissional trabalha n\u00e3o apenas nesse espa\u00e7o, mas tamb\u00e9m em editoras, empresas de organiza\u00e7\u00e3o de arquivos empresariais, dentre outros.<\/p>\n<p>Assim, preparei um <em>post<\/em> especial para hoje, Dia do Bibliotec\u00e1rio, em que levantei algumas empresas onde \u00e9 poss\u00edvel que o bibliotec\u00e1rio trabalhe, bem como outras relacionadas com sua \u00e1rea de atua\u00e7\u00e3o. Trata-se apenas de uma lista que mostra outras possibilidades al\u00e9m do espa\u00e7o biblioteca. Se voc\u00ea, bibliotec\u00e1rio, ou leitor deste <em>blog<\/em>, possui ou conhece algu\u00e9m que possui empresas na \u00e1rea de informa\u00e7\u00e3o, contribua! Afinal, precisamos ocupar todos os lugares que temos direito e ampliar nossa atua\u00e7\u00e3o!<\/p>\n<p>:: FILEBOX &#8211; Sistemas de Arquivos ::<br \/>\n<a href=\"http:\/\/www.editoracubo.com.br\/\">Cubo &#8211; Editora Cubo<\/a><br \/>\n::: Scheffer ::: Arquivos Inteligentes<br \/>\nMettodo &#8211; Reflex\u00e3o Estrat\u00e9gica<br \/>\n<a href=\"http:\/\/organizarte.com.br\/index.php\">:: Organizarte ::<\/a><br \/>\nARQUIVAR &#8211; GEST\u00c3O DE DOCUMENTOS E PROCESSOS<br \/>\nWorkfile &#8211; Gest\u00e3o Documental<br \/>\n<a href=\"http:\/\/www.biccateca.com.br\/index.php\">Biccateca<\/a><br \/>\n<a href=\"http:\/\/www.alexandria.com.br\/\">:: Alexandria On Line :: Software gerenciador de bibliotecas e arquivos<\/a><\/p>\n","protected":false},"excerpt":{"rendered":"<p>Idos s\u00e3o os tempos em que os bibliotec\u00e1rio atuavam apenas em bibliotecas. Hoje esse profissional trabalha n\u00e3o apenas nesse espa\u00e7o, mas tamb\u00e9m em editoras, empresas de organiza\u00e7\u00e3o de arquivos empresariais, dentre outros. Assim, preparei um post especial para hoje, Dia do Bibliotec\u00e1rio, em que levantei algumas empresas onde \u00e9 poss\u00edvel que o bibliotec\u00e1rio trabalhe, bem &#8230; <a title=\"Bibliotec\u00e1rio: profissional de hoje e amanh\u00e3\" class=\"read-more\" href=\"https:\/\/mundobibliotecario.com.br\/index.php\/2011\/03\/12\/bibliotecario-profissional-de-hoje-e-amanha\/\" aria-label=\"Read more about Bibliotec\u00e1rio: profissional de hoje e amanh\u00e3\">Ler mais<\/a><\/p>\n","protected":false},"author":1,"featured_media":0,"comment_status":"open","ping_status":"open","sticky":false,"template":"","format":"standard","meta":{"_mi_skip_tracking":false,"_exactmetrics_sitenote_active":false,"_exactmetrics_sitenote_note":"","_exactmetrics_sitenote_category":0,"_jetpack_newsletter_access":"","footnotes":""},"categories":[60],"tags":[2,533,222],"class_list":["post-1859","post","type-post","status-publish","format-standard","hentry","category-noticias","tag-biblioteca","tag-dia-do-bibliotecario","tag-empresas"],"jetpack_featured_media_url":"","jetpack_sharing_enabled":true,"jetpack-related-posts":[{"id":2240,"url":"https:\/\/mundobibliotecario.com.br\/index.php\/2011\/10\/03\/seja-um-empreendedor-na-gestao-da-informacao\/","url_meta":{"origin":1859,"position":0},"title":"Seja um Empreendedor na Gest\u00e3o da Informa\u00e7\u00e3o!","author":"mundobibliotecario","date":"03\/10\/2011","format":false,"excerpt":"O mercado atual exige constante atualiza\u00e7\u00e3o t\u00e9cnica e de profissionais que saibam agir de forma pr\u00f3-ativa, abrindo mercados, sabendo como negociar e estabelecer seus honor\u00e1rios. V\u00e1rias categorias profissionais como Arquivistas,Bibliotec\u00e1rios, Muse\u00f3logos etc, apesar de serem definidos como profissionais liberais (aqueles legalmente habilitados a presta\u00e7\u00e3o de servi\u00e7os sem a necessidade de\u2026","rel":"","context":"Em &quot;Curso&quot;","block_context":{"text":"Curso","link":"https:\/\/mundobibliotecario.com.br\/index.php\/category\/curso\/"},"img":{"alt_text":"","src":"https:\/\/mundobibliotecario.files.wordpress.com\/2011\/10\/curso-nelson-oliveira.jpg?w=350&h=200&crop=1","width":350,"height":200},"classes":[]},{"id":4306,"url":"https:\/\/mundobibliotecario.com.br\/index.php\/2016\/07\/25\/bibliotecario-olimpico\/","url_meta":{"origin":1859,"position":1},"title":"Bibliotec\u00e1rio ol\u00edmpico!","author":"mundobibliotecario","date":"25\/07\/2016","format":false,"excerpt":"O Mundo Bibliotec\u00e1rio est\u00e1 a procura de bibliotec\u00e1rios envolvidos em experi\u00eancias profissionais\u00a0diferentes. Caso voc\u00ea atue em um lugar n\u00e3o-convencional (uma \"n\u00e3o-biblioteca\") ou conhe\u00e7a algum bibliotec\u00e1rio que atue em outro ambiente diferenciado,\u00a0deixe um coment\u00e1rio e entrarei em contato para publicar seu depoimento! *** Inaugurando esta s\u00e9rie, o bibliotec\u00e1rio Reinaldo Alves gentilmente\u2026","rel":"","context":"Em &quot;Not\u00edcias&quot;","block_context":{"text":"Not\u00edcias","link":"https:\/\/mundobibliotecario.com.br\/index.php\/category\/noticias\/"},"img":{"alt_text":"","src":"","width":0,"height":0},"classes":[]},{"id":9326,"url":"https:\/\/mundobibliotecario.com.br\/index.php\/2021\/08\/05\/biblioteconomia\/","url_meta":{"origin":1859,"position":2},"title":"Biblioteconomia","author":"mundobibliotecario","date":"05\/08\/2021","format":false,"excerpt":"Este graduado \u00e9 respons\u00e1vel por organizar, conservar e divulgar acervos de bibliotecas e centros de documenta\u00e7\u00e3o, cuidando da classifica\u00e7\u00e3o de livros, pap\u00e9is e arquivos digitais.Trabalha como um administrador de dados, catalogando e armazenando livros e informa\u00e7\u00f5es, buscando sempre o melhor e mais \u00e1gil sistema de consulta poss\u00edvel.Al\u00e9m de livros, revistas\u2026","rel":"","context":"Post similar","block_context":{"text":"Post similar","link":""},"img":{"alt_text":"","src":"https:\/\/i0.wp.com\/mundobibliotecario.com.br\/wp-content\/uploads\/2021\/08\/016-biblioteconomia.jpg?resize=350%2C200&ssl=1","width":350,"height":200},"classes":[]},{"id":328,"url":"https:\/\/mundobibliotecario.com.br\/index.php\/2009\/01\/30\/bibliotecario-para-centro-de-documentacao-arquivo-e-biblioteca\/","url_meta":{"origin":1859,"position":3},"title":"Bibliotec\u00e1rio para Centro de Documenta\u00e7\u00e3o (Arquivo e Biblioteca)","author":"mundobibliotecario","date":"30\/01\/2009","format":false,"excerpt":"Escrit\u00f3rio de advocacia de m\u00e9dio porte, com sede na cidade de Bebedouro-SP, busca profissional com forma\u00e7\u00e3o em Biblioteconomia e Ci\u00eancia da Informa\u00e7\u00e3o. O profissional dever\u00e1: Selecionar e implantar sistema de gest\u00e3o de acervo para a biblioteca; planejar, organizar e administrar a biblioteca jur\u00eddica; gerenciar a documenta\u00e7\u00e3o recebida e emitida (fluxo\u2026","rel":"","context":"Em &quot;Emprego&quot;","block_context":{"text":"Emprego","link":"https:\/\/mundobibliotecario.com.br\/index.php\/category\/emprego\/"},"img":{"alt_text":"","src":"","width":0,"height":0},"classes":[]},{"id":4966,"url":"https:\/\/mundobibliotecario.com.br\/index.php\/2018\/08\/05\/mesas-redondas-sinbiesp-na-25a-bienal-2018\/","url_meta":{"origin":1859,"position":4},"title":"Mesas redondas SinBiesp na 25\u00aa Bienal 2018","author":"mundobibliotecario","date":"05\/08\/2018","format":false,"excerpt":"DIA 07\/08\/2018 Ter\u00e7a-feira \u2013 14:30 hs \u00e1s 16:00hs \u00a0Abertura da primeira mesa redonda da programa\u00e7\u00e3o do SinBiesp Vera Stefanov\u00a0\u00a0\u2013 Consultora\u00a0da\u00a0 Bibliotec Gerenciamento da Informa\u00e7\u00e3o, criada em \u00a01989 e respons\u00e1vel\u00a0por desvendar o mercado com implanta\u00e7\u00e3o de bibliotecas nos mais diversos ramos de atividade.\u00a0Presidente do Sindicato dos Bibliotec\u00e1rios do Estado de S\u00e3o\u2026","rel":"","context":"Em &quot;Not\u00edcias&quot;","block_context":{"text":"Not\u00edcias","link":"https:\/\/mundobibliotecario.com.br\/index.php\/category\/noticias\/"},"img":{"alt_text":"","src":"","width":0,"height":0},"classes":[]},{"id":4711,"url":"https:\/\/mundobibliotecario.com.br\/index.php\/2018\/03\/12\/dia-do-bibliotecario-entrevista-com-jose-domingos-brito\/","url_meta":{"origin":1859,"position":5},"title":"Dia do Bibliotec\u00e1rio: Entrevista com Jos\u00e9 Domingos Brito","author":"mundobibliotecario","date":"12\/03\/2018","format":false,"excerpt":"Para comemorar o Dia do Bibliotec\u00e1rio, o Mundo Bibliotec\u00e1rio realizou uma entrevista exclusiva com fundador do Sindicato dos Bibliotec\u00e1rios, Cientistas da Informa\u00e7\u00e3o, Historiadores, Muse\u00f3logos, Documentalistas, Arquivistas, Auxiliares de Biblioteca e de Centros de Documenta\u00e7\u00e3o no Estado de S\u00e3o Paulo (SinBiesp), Jos\u00e9 Domingos Brito! Confira! Mundo Bibliotec\u00e1rio - Como voc\u00ea se\u2026","rel":"","context":"Em &quot;Not\u00edcias&quot;","block_context":{"text":"Not\u00edcias","link":"https:\/\/mundobibliotecario.com.br\/index.php\/category\/noticias\/"},"img":{"alt_text":"","src":"","width":0,"height":0},"classes":[]}],"jetpack_likes_enabled":true,"jetpack_shortlink":"https:\/\/wp.me\/pcbzwa-tZ","_links":{"self":[{"href":"https:\/\/mundobibliotecario.com.br\/index.php\/wp-json\/wp\/v2\/posts\/1859","targetHints":{"allow":["GET"]}}],"collection":[{"href":"https:\/\/mundobibliotecario.com.br\/index.php\/wp-json\/wp\/v2\/posts"}],"about":[{"href":"https:\/\/mundobibliotecario.com.br\/index.php\/wp-json\/wp\/v2\/types\/post"}],"author":[{"embeddable":true,"href":"https:\/\/mundobibliotecario.com.br\/index.php\/wp-json\/wp\/v2\/users\/1"}],"replies":[{"embeddable":true,"href":"https:\/\/mundobibliotecario.com.br\/index.php\/wp-json\/wp\/v2\/comments?post=1859"}],"version-history":[{"count":5,"href":"https:\/\/mundobibliotecario.com.br\/index.php\/wp-json\/wp\/v2\/posts\/1859\/revisions"}],"predecessor-version":[{"id":7405,"href":"https:\/\/mundobibliotecario.com.br\/index.php\/wp-json\/wp\/v2\/posts\/1859\/revisions\/7405"}],"wp:attachment":[{"href":"https:\/\/mundobibliotecario.com.br\/index.php\/wp-json\/wp\/v2\/media?parent=1859"}],"wp:term":[{"taxonomy":"category","embeddable":true,"href":"https:\/\/mundobibliotecario.com.br\/index.php\/wp-json\/wp\/v2\/categories?post=1859"},{"taxonomy":"post_tag","embeddable":true,"href":"https:\/\/mundobibliotecario.com.br\/index.php\/wp-json\/wp\/v2\/tags?post=1859"}],"curies":[{"name":"wp","href":"https:\/\/api.w.org\/{rel}","templated":true}]}}