{"id":186,"date":"2008-11-28T13:15:43","date_gmt":"2008-11-28T16:15:43","guid":{"rendered":"http:\/\/mundobibliotecario.wordpress.com\/?p=186"},"modified":"2008-11-28T13:15:43","modified_gmt":"2008-11-28T16:15:43","slug":"bancas-estao-terceirizando-a-armazenagem-de-documentos","status":"publish","type":"post","link":"https:\/\/mundobibliotecario.com.br\/index.php\/2008\/11\/28\/bancas-estao-terceirizando-a-armazenagem-de-documentos\/","title":{"rendered":"Bancas est\u00e3o terceirizando a armazenagem de documentos"},"content":{"rendered":"<p>GAZETA MERCANTIL, 26.11.08, p. A-9 \/ Direito Corporativo<\/p>\n<p>Andrezza Queiroga<\/p>\n<p>A redu\u00e7\u00e3o de espa\u00e7o, tempo e dinheiro tem levado escrit\u00f3rios de advocacia a terceirizarem algumas atividades. Um dos grandes problemas \u00e9 o grande volume de processos e documenta\u00e7\u00e3o cont\u00e1bil e para arquiv\u00e1-los de forma segura, algumas bancas preferem pagar m\u00e3o-de-obra especializada.<\/p>\n<p>\u00c9 o caso do escrit\u00f3rio Penteado Mendon\u00e7a Advocacia , que h\u00e1 tr\u00eas anos preferiu remeter alguns processos a uma empresa especializada em armazenagem de documentos. &#8220;Optamos por adquirir um servi\u00e7o remoto que \u00e9 eficiente, r\u00e1pido e reduz substancialmente a necessidade de aumentar o espa\u00e7o do im\u00f3vel em que funciona a banca&#8221;, explica o s\u00f3cio e advogado Armando Char.<\/p>\n<p>Segundo o advogado, a facilidade \u00e9 tanta que a empresa contratada para esses servi\u00e7os oferece, ainda, um portal em que \u00e9 poss\u00edvel localizar onde est\u00e1 guardada a papelada relativa a algum processo ou trabalhador.<\/p>\n<p>De acordo com a gerente-administrativa do De Vivo Advocacia, Mirella Nunes, o contrato com uma empresa especializada em servi\u00e7os especializados em guarda e gest\u00e3o de documentos ocorreu h\u00e1 cerca de quinze anos e os ganhos foram v\u00e1rios: &#8220;economizamos tempo para organizar os arquivos e dinheiro, pois n\u00e3o necessitamos de um profissional dentro da banca, al\u00e9m da praticidade e da seguran\u00e7a que a terceiriza\u00e7\u00e3o oferece&#8221;, diz.<\/p>\n<p>A Recall do Brasil, por exemplo, \u00e9 uma empresa especializada no gerenciamento de informa\u00e7\u00f5es e entre as op\u00e7\u00f5es que oferece \u00e9 assegurar que a documenta\u00e7\u00e3o ficar\u00e1 guardada e ilesa de eventuais danos.<\/p>\n<p>&#8220;Um sinal de fuma\u00e7a nos locais onde arquivamos os documentos \u00e9 detectado, fornecemos condi\u00e7\u00f5es ambientais que corroboram com a dura\u00e7\u00e3o dos arquivos&#8221;, explica o diretor de vendas e marketing, Vicente Troiano.<\/p>\n<p>Segundo o diretor, o gerenciamento de informa\u00e7\u00f5es passa por diversas etapas, entre elas, a an\u00e1lise do tipo do arquivo e qual a melhor forma de arquiv\u00e1-lo, quanto tempo ele deve ser guardado e quando pode ser descartado, qual a forma ecol\u00f3gica mais coerente de mant\u00ea-lo intacto, se haver\u00e1 c\u00f3pia, como ser\u00e3o as c\u00f3pias, se ser\u00e1 digitalizado e para o que ele se destina. &#8220;Os escrit\u00f3rios n\u00e3o sabem como arquivar os documentos e nem como localiz\u00e1-los posteriormente e o grande volume de papel pode requerer mais espa\u00e7o, o que despende gasto com aluguel, pessoal, luz e tempo&#8221;, afirma. &#8220;Desde abril de 2000, fechamos acordo com uma empresa que guarda toda a nossa documenta\u00e7\u00e3o em caixas lacradas e para solicit\u00e1-los, basta pedirmos por e-mail que ele nos enviam o arquivo rapidamente&#8221;, explica Fl\u00e1via Rodrigues do Rubens Naves Santos Junior Advogados.<\/p>\n<p>Para ela, desta forma tamb\u00e9m n\u00e3o h\u00e1 necessidade de a banca adquirir um software ou despender tempo digitalizando todas as informa\u00e7\u00f5es processuais e cont\u00e1beis, porque o servi\u00e7o terceirizado j\u00e1 se responsabiliza por todas essas medidas.<\/p>\n<p><strong>Cresce mercado de guarda e gest\u00e3o de arquivos<\/strong><\/p>\n<p>Um mercado em ascens\u00e3o \u00e9 o de gerenciamento e arquivamento de informa\u00e7\u00f5es. Algumas empresas est\u00e3o cada vez mais equipadas e preparadas para guardar, digitalizar e manter documentos de forma segura e pelo prazo que for preciso. \u00c9 o caso da Recall do Brasil, por exemplo, que existe h\u00e1 8 anos no Brasil e, entre os 1.500 clientes, conta com diversos escrit\u00f3rios de advocacia. Somente no ano passado, a empresa teve um crescimento de 12% e a expectativa para este ano \u00e9 ainda maior, afirma o diretor de vendas e marketing da Recall, Vicente Troiano. A empresa possui detectores de inc\u00eandio chamados de &#8220;narizes eletr\u00f4nicos&#8221;, espalhados por todos os galp\u00f5es, que funcionam em diversos estados como S\u00e3o Paulo, Rio de Janeiro e Minas Gerais. &#8220;Esses \u2018narizes\u2019 detectam componentes qu\u00edmicos que podem ser associados a um eventual inc\u00eandio e, imediatamente, acionam o alarme&#8221;, explica Vicente. Al\u00e9m disso, h\u00e1 detectores de fuma\u00e7a no teto, seguran\u00e7as armados, grades, acessos controlados, ambiente filmado por circuito de TV interno, esquema de controle de pragas e digitaliza\u00e7\u00e3o de todas as informa\u00e7\u00f5es. Toda esta organiza\u00e7\u00e3o associada a manuten\u00e7\u00e3o dos documentos por prazos pr\u00e9-determinados. &#8220;O pr\u00f3prio cliente \u00e9 informado pelo computador que determinado documento j\u00e1 ultrapassou o prazo e ele mesmo solicita ou n\u00e3o sua elimina\u00e7\u00e3o&#8221;, afirma Vicente.<\/p>\n<p>Servi\u00e7os similares s\u00e3o oferecidos pelo Grupo Store , que h\u00e1 16 anos atua no mercado de gerenciamento, guarda e digitaliza\u00e7\u00e3o de informa\u00e7\u00f5es. De acordo com o diretor-presidente, Roberto Fonseca, cada documento arquivado pode ser localizado por um n\u00famero espec\u00edfico &#8220;o que agiliza o processo de pesquisa solicitada pelos clientes&#8221;. Al\u00e9m disso, tamb\u00e9m \u00e9 oferecido um leque de op\u00e7\u00f5es, entre eles, o de verifica\u00e7\u00e3o de assinaturas, recibos e prazos de contratos, bem como a microfilmagem de documentos, relat\u00f3rios dos arquivos por computador, salas-cofre a prova de fogo e equipamentos de \u00faltima gera\u00e7\u00e3o que garantem a seguran\u00e7a de l\u00e2minas de laborat\u00f3rio. &#8220;estamos preparados para atender todo o tipo de clientela e garantir a privacidade e seguran\u00e7a de qualquer natureza de arquivo, porque temos detectores de umidade e temperatura e atualizamos nossa sistema constantemente&#8221;, explica Roberto Fonseca.<\/p>\n<p>Os prazos tamb\u00e9m s\u00e3o controlados e variam de acordo com o tipo, &#8220;documentos fiscais s\u00e3o guardados cerca de 5 anos, ligados a Previd\u00eancia e trabalhistas chegam at\u00e9 35 anos&#8221;, diz Fonseca que dirige uma empresa que, atualmente, cresce 13% ao ano.<\/p>\n","protected":false},"excerpt":{"rendered":"<p>GAZETA MERCANTIL, 26.11.08, p. A-9 \/ Direito Corporativo Andrezza Queiroga A redu\u00e7\u00e3o de espa\u00e7o, tempo e dinheiro tem levado escrit\u00f3rios de advocacia a terceirizarem algumas atividades. Um dos grandes problemas \u00e9 o grande volume de processos e documenta\u00e7\u00e3o cont\u00e1bil e para arquiv\u00e1-los de forma segura, algumas bancas preferem pagar m\u00e3o-de-obra especializada. \u00c9 o caso do &#8230; <a title=\"Bancas est\u00e3o terceirizando a armazenagem de documentos\" class=\"read-more\" href=\"https:\/\/mundobibliotecario.com.br\/index.php\/2008\/11\/28\/bancas-estao-terceirizando-a-armazenagem-de-documentos\/\" aria-label=\"Read more about Bancas est\u00e3o terceirizando a armazenagem de documentos\">Ler mais<\/a><\/p>\n","protected":false},"author":1,"featured_media":0,"comment_status":"open","ping_status":"open","sticky":false,"template":"","format":"standard","meta":{"_mi_skip_tracking":false,"_exactmetrics_sitenote_active":false,"_exactmetrics_sitenote_note":"","_exactmetrics_sitenote_category":0,"_jetpack_newsletter_access":"","footnotes":""},"categories":[60],"tags":[125,126,127,128],"class_list":["post-186","post","type-post","status-publish","format-standard","hentry","category-noticias","tag-armazenagem-de-documentos","tag-digitalizacao","tag-gestao-de-arquivos","tag-teceirizacao"],"jetpack_featured_media_url":"","jetpack_sharing_enabled":true,"jetpack-related-posts":[{"id":190,"url":"https:\/\/mundobibliotecario.com.br\/index.php\/2008\/11\/28\/guardar-papel-e-um-desafio-para-escritorios-de-advogados\/","url_meta":{"origin":186,"position":0},"title":"Guardar papel \u00e9 um desafio para escrit\u00f3rios de advogados","author":"mundobibliotecario","date":"28\/11\/2008","format":false,"excerpt":"CONSULTOR JUR\u00cdDICO, 15.11.08 Vis\u00e3o empresarial por Gl\u00e1ucia Milicio Os escrit\u00f3rios de advocacia est\u00e3o buscando no mundo empresarial solu\u00e7\u00f5es para economizar tempo e dinheiro e ganhar agilidade no trabalho. O desafio dos advogados \u00e9 lidar com as pilhas de processos, essenciais para o trabalho, mas que ocupam um grande espa\u00e7o f\u00edsico.\u2026","rel":"","context":"Em &quot;Not\u00edcias&quot;","block_context":{"text":"Not\u00edcias","link":"https:\/\/mundobibliotecario.com.br\/index.php\/category\/noticias\/"},"img":{"alt_text":"","src":"","width":0,"height":0},"classes":[]},{"id":1945,"url":"https:\/\/mundobibliotecario.com.br\/index.php\/2011\/04\/09\/palestra-gratuita-digitalizacao-de-documentos\/","url_meta":{"origin":186,"position":1},"title":"Palestra Gratuita: Digitaliza\u00e7\u00e3o de Documentos","author":"mundobibliotecario","date":"09\/04\/2011","format":false,"excerpt":"Palestra Gratuita \"Digitaliza\u00e7\u00e3o de Documentos: como fazer, quando e por onde come\u00e7ar? - PRESENCIAL \u00a0 Objetivos Investir em servi\u00e7os de digitaliza\u00e7\u00e3o de documentos para uma ampla gama de benef\u00edcios para seus neg\u00f3cios. O armazenamento de documentos, tais processos, peti\u00e7\u00f5es, ac\u00f3rd\u00e3o, recortes de jornais e revistas, boletim informativo etc, documentos produzidos\u2026","rel":"","context":"Em &quot;Eventos&quot;","block_context":{"text":"Eventos","link":"https:\/\/mundobibliotecario.com.br\/index.php\/category\/eventos\/"},"img":{"alt_text":"","src":"","width":0,"height":0},"classes":[]},{"id":1512,"url":"https:\/\/mundobibliotecario.com.br\/index.php\/2010\/10\/13\/estagio-de-biblioteconomia-em-escritorio-de-advocacia\/","url_meta":{"origin":186,"position":2},"title":"Est\u00e1gio de biblioteconomia em escrit\u00f3rio de advocacia","author":"mundobibliotecario","date":"13\/10\/2010","format":false,"excerpt":"Empresa: BKBG Sociedade de Advogados Local: Itaim Bibi Ramo de Atividade: Escrit\u00f3rio Jur\u00eddico Vaga: Est\u00e1gio Escolaridade: 1\u00ba ano; 2\u00ba ano e 3\u00ba ano de Biblioteconomia Hor\u00e1rio: 10:00 \u00e0s 17:30 com 1h e 30m de almo\u00e7o (2\u00ba a 6\u00ba) Benef\u00edcios: VT+VR (R$ 18,00) + Seguro de Vida + 1\u00ba ano R$\u2026","rel":"","context":"Em &quot;Est\u00e1gio&quot;","block_context":{"text":"Est\u00e1gio","link":"https:\/\/mundobibliotecario.com.br\/index.php\/category\/estagio\/"},"img":{"alt_text":"","src":"","width":0,"height":0},"classes":[]},{"id":328,"url":"https:\/\/mundobibliotecario.com.br\/index.php\/2009\/01\/30\/bibliotecario-para-centro-de-documentacao-arquivo-e-biblioteca\/","url_meta":{"origin":186,"position":3},"title":"Bibliotec\u00e1rio para Centro de Documenta\u00e7\u00e3o (Arquivo e Biblioteca)","author":"mundobibliotecario","date":"30\/01\/2009","format":false,"excerpt":"Escrit\u00f3rio de advocacia de m\u00e9dio porte, com sede na cidade de Bebedouro-SP, busca profissional com forma\u00e7\u00e3o em Biblioteconomia e Ci\u00eancia da Informa\u00e7\u00e3o. O profissional dever\u00e1: Selecionar e implantar sistema de gest\u00e3o de acervo para a biblioteca; planejar, organizar e administrar a biblioteca jur\u00eddica; gerenciar a documenta\u00e7\u00e3o recebida e emitida (fluxo\u2026","rel":"","context":"Em &quot;Emprego&quot;","block_context":{"text":"Emprego","link":"https:\/\/mundobibliotecario.com.br\/index.php\/category\/emprego\/"},"img":{"alt_text":"","src":"","width":0,"height":0},"classes":[]},{"id":1245,"url":"https:\/\/mundobibliotecario.com.br\/index.php\/2010\/04\/29\/curso-gratuito-o-profissional-da-informacao-na-area-juridica\/","url_meta":{"origin":186,"position":4},"title":"Curso gratuito &#8211; O PROFISSIONAL DA INFORMACAO NA AREA JUR\u00cdDICA","author":"mundobibliotecario","date":"29\/04\/2010","format":false,"excerpt":"Palestrante: Solange Simoes Ferreira do O, bibliotecaria formada pela USP, experiencia profissional de 20 anos na area Juridica atuando em escritorios de advocacia, entidades de classe, consultoria em organizacao de bibliotecas e arquivos. Atualmente,\u00a0 gerente do Nucleo de Pesquisa e Documentacao do escritorio Mattos Filho, Veiga Filho, Marrey Jr e\u2026","rel":"","context":"Em &quot;Curso&quot;","block_context":{"text":"Curso","link":"https:\/\/mundobibliotecario.com.br\/index.php\/category\/curso\/"},"img":{"alt_text":"","src":"","width":0,"height":0},"classes":[]},{"id":4659,"url":"https:\/\/mundobibliotecario.com.br\/index.php\/2018\/02\/05\/53-manuais-para-conservacao-de-livros\/","url_meta":{"origin":186,"position":5},"title":"53 manuais para conserva\u00e7\u00e3o de livros","author":"mundobibliotecario","date":"05\/02\/2018","format":false,"excerpt":"O projeto Conserva\u00e7\u00e3o Preventiva em Bibliotecas e Arquivos, em 1997, publicou 53 t\u00edtulos sobre a\u00a0conserva\u00e7\u00e3o preventiva de livros\u00a0e documentos, de\u00a0filmes,\u00a0fotografias\u00a0e meios magn\u00e9ticos na forma de 24 cadernos tem\u00e1ticos em formato A4. O material data de 1997 e estava dispon\u00edvel no site do projeto, www.cbpa.net, que n\u00e3o existe mais. Felizmente ainda\u2026","rel":"","context":"Em &quot;Not\u00edcias&quot;","block_context":{"text":"Not\u00edcias","link":"https:\/\/mundobibliotecario.com.br\/index.php\/category\/noticias\/"},"img":{"alt_text":"","src":"https:\/\/i0.wp.com\/mundobibliotecario.com.br\/wp-content\/uploads\/2018\/02\/download.png?resize=350%2C200","width":350,"height":200},"classes":[]}],"jetpack_likes_enabled":true,"jetpack_shortlink":"https:\/\/wp.me\/pcbzwa-30","_links":{"self":[{"href":"https:\/\/mundobibliotecario.com.br\/index.php\/wp-json\/wp\/v2\/posts\/186","targetHints":{"allow":["GET"]}}],"collection":[{"href":"https:\/\/mundobibliotecario.com.br\/index.php\/wp-json\/wp\/v2\/posts"}],"about":[{"href":"https:\/\/mundobibliotecario.com.br\/index.php\/wp-json\/wp\/v2\/types\/post"}],"author":[{"embeddable":true,"href":"https:\/\/mundobibliotecario.com.br\/index.php\/wp-json\/wp\/v2\/users\/1"}],"replies":[{"embeddable":true,"href":"https:\/\/mundobibliotecario.com.br\/index.php\/wp-json\/wp\/v2\/comments?post=186"}],"version-history":[{"count":0,"href":"https:\/\/mundobibliotecario.com.br\/index.php\/wp-json\/wp\/v2\/posts\/186\/revisions"}],"wp:attachment":[{"href":"https:\/\/mundobibliotecario.com.br\/index.php\/wp-json\/wp\/v2\/media?parent=186"}],"wp:term":[{"taxonomy":"category","embeddable":true,"href":"https:\/\/mundobibliotecario.com.br\/index.php\/wp-json\/wp\/v2\/categories?post=186"},{"taxonomy":"post_tag","embeddable":true,"href":"https:\/\/mundobibliotecario.com.br\/index.php\/wp-json\/wp\/v2\/tags?post=186"}],"curies":[{"name":"wp","href":"https:\/\/api.w.org\/{rel}","templated":true}]}}