{"id":1912,"date":"2011-03-28T12:28:48","date_gmt":"2011-03-28T15:28:48","guid":{"rendered":"http:\/\/mundobibliotecario.wordpress.com\/?p=1912"},"modified":"2020-07-21T23:50:20","modified_gmt":"2020-07-22T02:50:20","slug":"bibliotecario-para-birigui","status":"publish","type":"post","link":"https:\/\/mundobibliotecario.com.br\/index.php\/2011\/03\/28\/bibliotecario-para-birigui\/","title":{"rendered":"Bibliotec\u00e1rio para Birigui"},"content":{"rendered":"<p><strong>Bibliotec\u00e1rio &#8211; Prefeitura Municipal de Birigui<\/strong><br \/>\n1 vaga &#8211; 40 hs.<br \/>\nSal\u00e1rio: R$ 1.647,41<br \/>\nInscri\u00e7\u00f5es: de 21\/03 a 08\/04<br \/>\nInforma\u00e7\u00f5es:\u00a0www.institutosoler.com.br<\/p>\n","protected":false},"excerpt":{"rendered":"<p>Bibliotec\u00e1rio &#8211; Prefeitura Municipal de Birigui 1 vaga &#8211; 40 hs. Sal\u00e1rio: R$ 1.647,41 Inscri\u00e7\u00f5es: de 21\/03 a 08\/04 Informa\u00e7\u00f5es:\u00a0www.institutosoler.com.br<\/p>\n","protected":false},"author":1,"featured_media":0,"comment_status":"open","ping_status":"open","sticky":false,"template":"","format":"standard","meta":{"_mi_skip_tracking":false,"_exactmetrics_sitenote_active":false,"_exactmetrics_sitenote_note":"","_exactmetrics_sitenote_category":0,"_jetpack_newsletter_access":"","footnotes":""},"categories":[168],"tags":[235],"class_list":["post-1912","post","type-post","status-publish","format-standard","hentry","category-concurso","tag-concurso-de-biblioteconomia"],"jetpack_featured_media_url":"","jetpack_sharing_enabled":true,"jetpack-related-posts":[{"id":3027,"url":"https:\/\/mundobibliotecario.com.br\/index.php\/2013\/03\/19\/concurso-para-bibliotecario-da-ufpe\/","url_meta":{"origin":1912,"position":0},"title":"Concurso para bibliotec\u00e1rio da UFPE","author":"mundobibliotecario","date":"19\/03\/2013","format":false,"excerpt":"O edital do Concurso para bibliotec\u00e1rio da UFPE pode ser acessado aqui:","rel":"","context":"Em &quot;Concurso&quot;","block_context":{"text":"Concurso","link":"https:\/\/mundobibliotecario.com.br\/index.php\/category\/concurso\/"},"img":{"alt_text":"","src":"","width":0,"height":0},"classes":[]},{"id":1714,"url":"https:\/\/mundobibliotecario.com.br\/index.php\/2011\/01\/30\/concurso-para-bibliotecario-na-unesp\/","url_meta":{"origin":1912,"position":1},"title":"Concurso para bibliotec\u00e1rio na UNESP","author":"mundobibliotecario","date":"30\/01\/2011","format":false,"excerpt":"A UNESP abriu concursos para diversos cargos, dentre eles, bibliotec\u00e1rio. H\u00e1 tamb\u00e9m uma vaga para assistente de documenta\u00e7\u00e3o no campi de Araraquara. Os editais das respectivas provas est\u00e3o dispon\u00edveis na p\u00e1gina da VUNESP.","rel":"","context":"Em &quot;Concurso&quot;","block_context":{"text":"Concurso","link":"https:\/\/mundobibliotecario.com.br\/index.php\/category\/concurso\/"},"img":{"alt_text":"","src":"","width":0,"height":0},"classes":[]},{"id":2448,"url":"https:\/\/mundobibliotecario.com.br\/index.php\/2012\/02\/12\/concurso-para-selecionar-a-frase-mais-criativa-parabenizando-os-bibliotecarios-pelo-seu-dia\/","url_meta":{"origin":1912,"position":2},"title":"Concurso para selecionar a frase mais criativa parabenizando os bibliotec\u00e1rios pelo seu dia","author":"mundobibliotecario","date":"12\/02\/2012","format":false,"excerpt":"O Conselho Regional de Biblioteconomia 1\u00aa Regi\u00e3o est\u00e1 promovendo concurso para selecionar a frase mais criativa parabenizando os bibliotec\u00e1rios pelo seu dia. A frase vencedora vai fazer parte de uma campanha de divulga\u00e7\u00e3o da profiss\u00e3o. Convidamos a todos os bibliotec\u00e1rios inscritos no CRB-1 a participarem, enviando sua frase para o\u2026","rel":"","context":"Em &quot;Concurso&quot;","block_context":{"text":"Concurso","link":"https:\/\/mundobibliotecario.com.br\/index.php\/category\/concurso\/"},"img":{"alt_text":"","src":"","width":0,"height":0},"classes":[]},{"id":2058,"url":"https:\/\/mundobibliotecario.com.br\/index.php\/2011\/06\/01\/concursos-para-bibliotecario-em-2011-2\/","url_meta":{"origin":1912,"position":3},"title":"Concursos para bibliotec\u00e1rio em 2011","author":"mundobibliotecario","date":"01\/06\/2011","format":false,"excerpt":"Professor de Biblioteconomia para a Universidade Federal do Amazonas 3 vagas para bibliotec\u00e1rio na Universidade Federal de Santa Catarina Vaga cadastro reserva para bibliotec\u00e1rio na Prefeitura de Ouro Preto 6 vagas para bibliotec\u00e1rio na FINEP","rel":"","context":"Em &quot;Concurso&quot;","block_context":{"text":"Concurso","link":"https:\/\/mundobibliotecario.com.br\/index.php\/category\/concurso\/"},"img":{"alt_text":"","src":"","width":0,"height":0},"classes":[]},{"id":2593,"url":"https:\/\/mundobibliotecario.com.br\/index.php\/2012\/05\/19\/concurso-para-bibliotecario-na-unesp-de-araraquara\/","url_meta":{"origin":1912,"position":4},"title":"Concurso para bibliotec\u00e1rio na Unesp de Araraquara","author":"mundobibliotecario","date":"19\/05\/2012","format":false,"excerpt":"Abriu concurso para bibliotec\u00e1rio na Unesp de Araraquara. Seguem as informa\u00e7\u00f5es e o link do edital recebido por e-mail: Abriu concurso para Bibliotec\u00e1rio na Unesp de Araraquara - Letras. Sal\u00e1rio de quase R$ 4 mil. Benef\u00edcios: - Vale alimenta\u00e7\u00e3o: R$ 400,00 - Vale transporte: R$ 110,00 - Unimed - Uniodonto\u2026","rel":"","context":"Em &quot;Concurso&quot;","block_context":{"text":"Concurso","link":"https:\/\/mundobibliotecario.com.br\/index.php\/category\/concurso\/"},"img":{"alt_text":"","src":"","width":0,"height":0},"classes":[]},{"id":1398,"url":"https:\/\/mundobibliotecario.com.br\/index.php\/2010\/08\/02\/concurso-mpu-vagas-para-bibliotecarios\/","url_meta":{"origin":1912,"position":5},"title":"Concurso MPU &#8211; Vagas para Bibliotec\u00e1rios","author":"mundobibliotecario","date":"02\/08\/2010","format":false,"excerpt":"O Minist\u00e9rio P\u00fablico da Uni\u00e3o abriu vagas para cadastro de reserva de\u00a0bibliotec\u00e1rios. Confira as informa\u00e7\u00f5es completas em: http:\/\/www.centraldeconcursos.com.br\/concursos\/concursos.asp?imagem=1&id_concurso=949.","rel":"","context":"Em &quot;Concurso&quot;","block_context":{"text":"Concurso","link":"https:\/\/mundobibliotecario.com.br\/index.php\/category\/concurso\/"},"img":{"alt_text":"","src":"","width":0,"height":0},"classes":[]}],"jetpack_likes_enabled":true,"jetpack_shortlink":"https:\/\/wp.me\/pcbzwa-uQ","_links":{"self":[{"href":"https:\/\/mundobibliotecario.com.br\/index.php\/wp-json\/wp\/v2\/posts\/1912","targetHints":{"allow":["GET"]}}],"collection":[{"href":"https:\/\/mundobibliotecario.com.br\/index.php\/wp-json\/wp\/v2\/posts"}],"about":[{"href":"https:\/\/mundobibliotecario.com.br\/index.php\/wp-json\/wp\/v2\/types\/post"}],"author":[{"embeddable":true,"href":"https:\/\/mundobibliotecario.com.br\/index.php\/wp-json\/wp\/v2\/users\/1"}],"replies":[{"embeddable":true,"href":"https:\/\/mundobibliotecario.com.br\/index.php\/wp-json\/wp\/v2\/comments?post=1912"}],"version-history":[{"count":1,"href":"https:\/\/mundobibliotecario.com.br\/index.php\/wp-json\/wp\/v2\/posts\/1912\/revisions"}],"predecessor-version":[{"id":7006,"href":"https:\/\/mundobibliotecario.com.br\/index.php\/wp-json\/wp\/v2\/posts\/1912\/revisions\/7006"}],"wp:attachment":[{"href":"https:\/\/mundobibliotecario.com.br\/index.php\/wp-json\/wp\/v2\/media?parent=1912"}],"wp:term":[{"taxonomy":"category","embeddable":true,"href":"https:\/\/mundobibliotecario.com.br\/index.php\/wp-json\/wp\/v2\/categories?post=1912"},{"taxonomy":"post_tag","embeddable":true,"href":"https:\/\/mundobibliotecario.com.br\/index.php\/wp-json\/wp\/v2\/tags?post=1912"}],"curies":[{"name":"wp","href":"https:\/\/api.w.org\/{rel}","templated":true}]}}