{"id":1949,"date":"2011-04-12T13:07:30","date_gmt":"2011-04-12T16:07:30","guid":{"rendered":"http:\/\/mundobibliotecario.wordpress.com\/?p=1949"},"modified":"2020-07-21T23:22:29","modified_gmt":"2020-07-22T02:22:29","slug":"bibliotecario-esta-entre-as-30-melhores-profissoes-nos-eua","status":"publish","type":"post","link":"https:\/\/mundobibliotecario.com.br\/index.php\/2011\/04\/12\/bibliotecario-esta-entre-as-30-melhores-profissoes-nos-eua\/","title":{"rendered":"Bibliotec\u00e1rio est\u00e1 entre as 30 melhores profiss\u00f5es nos EUA"},"content":{"rendered":"<p>\u00a0The\u00a0<a href=\"http:\/\/online.wsj.com\/home-page\" target=\"_blank\" rel=\"noopener noreferrer\">Wall Street Journal<\/a>, de Nova Iorque, publicou a pesquisa do site de profiss\u00f5es\u00a0<a href=\"http:\/\/www.careercast.com\/content\/top-200-jobs-2011-21-40\" target=\"_blank\" rel=\"noopener noreferrer\">CareerCast<\/a>\u00a0listando um ranking com 200 postos de trabalho, com base no rendimento, ambiente de trabalho, estresse, esfor\u00e7o f\u00edsico e perspectivas de trabalho, usando dados do Departamento do Trabalho e do Censo dos Estados Unidos.<\/p>\n<div>A pesquisa mostra o melhor e o pior emprego do pa\u00eds, numa equa\u00e7\u00e3o com os itens acima citados, o que quer dizer que, nem sempre, o melhor emprego \u00e9 o que paga mais, nem o que tem mais conforto.<\/div>\n<div>A profiss\u00e3o de bibliotec\u00e1rio, que segundo o site \u00e9 o profissional que selecciona e organiza materiais para tornar as informa\u00e7\u00f5es acess\u00edveis ao p\u00fablico, ficou no 29\u00ba lugar, com uma renda anual que equivale a R$ 7.560,00.<\/div>\n<div><a href=\"http:\/\/www.careercast.com\/jobs-rated\/2011-ranking-200-jobs-best-worst\" target=\"_blank\" rel=\"noopener noreferrer\">Veja o ranking completo aqui.<\/a><\/div>\n<div>fonte:http:\/\/hamiltont.blogspot.com\/2011\/04\/bibliotecario-esta-entre-as-30-melhores.html<\/div>\n","protected":false},"excerpt":{"rendered":"<p>\u00a0The\u00a0Wall Street Journal, de Nova Iorque, publicou a pesquisa do site de profiss\u00f5es\u00a0CareerCast\u00a0listando um ranking com 200 postos de trabalho, com base no rendimento, ambiente de trabalho, estresse, esfor\u00e7o f\u00edsico e perspectivas de trabalho, usando dados do Departamento do Trabalho e do Censo dos Estados Unidos. A pesquisa mostra o melhor e o pior emprego &#8230; <a title=\"Bibliotec\u00e1rio est\u00e1 entre as 30 melhores profiss\u00f5es nos EUA\" class=\"read-more\" href=\"https:\/\/mundobibliotecario.com.br\/index.php\/2011\/04\/12\/bibliotecario-esta-entre-as-30-melhores-profissoes-nos-eua\/\" aria-label=\"Read more about Bibliotec\u00e1rio est\u00e1 entre as 30 melhores profiss\u00f5es nos EUA\">Ler mais<\/a><\/p>\n","protected":false},"author":1,"featured_media":0,"comment_status":"open","ping_status":"open","sticky":false,"template":"","format":"standard","meta":{"_mi_skip_tracking":false,"_exactmetrics_sitenote_active":false,"_exactmetrics_sitenote_note":"","_exactmetrics_sitenote_category":0,"_jetpack_newsletter_access":"","footnotes":""},"categories":[60],"tags":[36],"class_list":["post-1949","post","type-post","status-publish","format-standard","hentry","category-noticias","tag-bibliotecario"],"jetpack_featured_media_url":"","jetpack_sharing_enabled":true,"jetpack-related-posts":[{"id":8317,"url":"https:\/\/mundobibliotecario.com.br\/index.php\/2021\/01\/12\/mais-de-50-empregos-alternativos-em-que-os-bibliotecarios-podem-trabalhar\/","url_meta":{"origin":1949,"position":0},"title":"Mais de 50 empregos alternativos em que os bibliotec\u00e1rios podem trabalhar","author":"mundobibliotecario","date":"12\/01\/2021","format":false,"excerpt":"O Blog Universo Abierto publicou um post muito bom sobre 50 empregos alternativos para bibliotec\u00e1rios. Compilamos esses empregos no infogr\u00e1fico abaixo. Boa leitura!","rel":"","context":"Em &quot;Emprego&quot;","block_context":{"text":"Emprego","link":"https:\/\/mundobibliotecario.com.br\/index.php\/category\/emprego\/"},"img":{"alt_text":"","src":"https:\/\/i0.wp.com\/mundobibliotecario.com.br\/wp-content\/uploads\/2021\/01\/1-1.jpg?resize=350%2C200&ssl=1","width":350,"height":200},"classes":[]},{"id":2941,"url":"https:\/\/mundobibliotecario.com.br\/index.php\/2013\/02\/25\/capixabas-fazem-frente-a-reportagem-que-aposta-na-extincao-do-bibliotecario\/","url_meta":{"origin":1949,"position":1},"title":"Capixabas fazem frente \u00e0 reportagem que aposta na extin\u00e7\u00e3o do bibliotec\u00e1rio","author":"mundobibliotecario","date":"25\/02\/2013","format":false,"excerpt":"A hist\u00f3ria tem mostrado o quanto o profissional bibliotec\u00e1rio tem se adaptado frente \u00e0s mudan\u00e7as do mercado de trabalho. Entretanto, o jornal A Tribuna, um dos mais influentes do Esp\u00edrito Santo, publicou recentemente uma mat\u00e9ria que aposta na poss\u00edvel extin\u00e7\u00e3o da profiss\u00e3o. O informativo lista o profissional da Biblioteconomia como\u2026","rel":"","context":"Em &quot;Not\u00edcias&quot;","block_context":{"text":"Not\u00edcias","link":"https:\/\/mundobibliotecario.com.br\/index.php\/category\/noticias\/"},"img":{"alt_text":"","src":"","width":0,"height":0},"classes":[]},{"id":3738,"url":"https:\/\/mundobibliotecario.com.br\/index.php\/2015\/06\/10\/vaga-de-bibliotecario-de-referencia-em-biblioteca-universitaria\/","url_meta":{"origin":1949,"position":2},"title":"Vaga de Bibliotec\u00e1rio de Refer\u00eancia em Biblioteca Universit\u00e1ria","author":"mundobibliotecario","date":"10\/06\/2015","format":false,"excerpt":"REQUISITOS PARA A VAGA de Bibliotec\u00e1rio de Refer\u00eancia Forma\u00e7\u00e3o: - Gradua\u00e7\u00e3o em Biblioteconomia\/Ci\u00eancia da Informa\u00e7\u00e3o, com p\u00f3s gradua\u00e7\u00e3o na \u00e1rea ou \u00e1reas afins; - Ingl\u00eas intermedi\u00e1rio\/avan\u00e7ado; - Experi\u00eancia de pelo menos 3 anos como \u2018bibliotec\u00e1rio de refer\u00eancia\u2019 em Biblioteca Universit\u00e1ria Compet\u00eancias: - Excelente comunica\u00e7\u00e3o escrita e oral; - Capacidade de\u2026","rel":"","context":"Em &quot;Emprego&quot;","block_context":{"text":"Emprego","link":"https:\/\/mundobibliotecario.com.br\/index.php\/category\/emprego\/"},"img":{"alt_text":"","src":"","width":0,"height":0},"classes":[]},{"id":1409,"url":"https:\/\/mundobibliotecario.com.br\/index.php\/2010\/08\/08\/concurso-e-empregos-em-biblioteconomia\/","url_meta":{"origin":1949,"position":3},"title":"Concurso e empregos em biblioteconomia","author":"mundobibliotecario","date":"08\/08\/2010","format":false,"excerpt":"Concurso para Bibliotec\u00e1rio da C\u00e2mara Municipal de Santa B\u00e1rbara d'Oeste -SP Sal\u00e1rio: R$ 3.375,68 + aux\u00edlio alimenta\u00e7\u00e3o + aux\u00edlio refei\u00e7\u00e3o. Inscri\u00e7\u00f5es de 05 a 31 de agosto de 2010 pelo site www.fmp.com.br\/concurso-camara-sbsp ******************* Centro de Tecnologia Canavieira BIBLIOTEC\u00c1RIO (A) OPORTUNIDADE DE EMPREGO\/ CTC \u00c1REAS DE ATUA\u00c7\u00c3O BIBLIOTECA \/ GEST\u00c3O DO\u2026","rel":"","context":"Em &quot;Concurso&quot;","block_context":{"text":"Concurso","link":"https:\/\/mundobibliotecario.com.br\/index.php\/category\/concurso\/"},"img":{"alt_text":"","src":"","width":0,"height":0},"classes":[]},{"id":9529,"url":"https:\/\/mundobibliotecario.com.br\/index.php\/2021\/10\/20\/hierarquia-de-necessidades-do-bibliotecario\/","url_meta":{"origin":1949,"position":4},"title":"Hierarquia de necessidades do bibliotec\u00e1rio","author":"mundobibliotecario","date":"20\/10\/2021","format":false,"excerpt":"Cr\u00e9dito: Amy Steinbauer Inspirada na hierarquia de necessidades de Maslow, Amy Steinbauer refletiu sobre a hierarquia de necessidades para o bibliotec\u00e1rio ter sucesso no trabalho, que est\u00e3o resumidas abaixo: 1. Emprego, suprimentos e habilidades para trabalhar 2. Seguran\u00e7a a prote\u00e7\u00e3o no trabalho 3. Suporte social 4. Apre\u00e7o e orgulho pelo\u2026","rel":"","context":"Em &quot;Not\u00edcias&quot;","block_context":{"text":"Not\u00edcias","link":"https:\/\/mundobibliotecario.com.br\/index.php\/category\/noticias\/"},"img":{"alt_text":"","src":"https:\/\/i0.wp.com\/mundobibliotecario.com.br\/wp-content\/uploads\/2021\/10\/Librarian-Hierarchy-of-needs-3-650x650-1.png?resize=350%2C200&ssl=1","width":350,"height":200},"classes":[]},{"id":1422,"url":"https:\/\/mundobibliotecario.com.br\/index.php\/2010\/08\/23\/vaga-e-concurso-para-bibliotecario\/","url_meta":{"origin":1949,"position":5},"title":"Vaga e concurso para bibliotec\u00e1rio","author":"mundobibliotecario","date":"23\/08\/2010","format":false,"excerpt":"1 vaga para Arquivista para SP (n\u00edvel superior) 1 vaga para Bibliotec\u00e1rio para centro de SP (n\u00edvel superior) 1 vaga para t\u00e9cnico em biblioteconomia 1 vaga para auxiliar de arquivo. 1 profissional com conhecimentos em PHP - aut\u00f4nomo Enviar cv com pretens\u00e3o para maria@organizarte.com.br ou daniela@organizarte.com.br informando a vaga pretendida.\u2026","rel":"","context":"Em &quot;Concurso&quot;","block_context":{"text":"Concurso","link":"https:\/\/mundobibliotecario.com.br\/index.php\/category\/concurso\/"},"img":{"alt_text":"","src":"","width":0,"height":0},"classes":[]}],"jetpack_likes_enabled":true,"jetpack_shortlink":"https:\/\/wp.me\/pcbzwa-vr","_links":{"self":[{"href":"https:\/\/mundobibliotecario.com.br\/index.php\/wp-json\/wp\/v2\/posts\/1949","targetHints":{"allow":["GET"]}}],"collection":[{"href":"https:\/\/mundobibliotecario.com.br\/index.php\/wp-json\/wp\/v2\/posts"}],"about":[{"href":"https:\/\/mundobibliotecario.com.br\/index.php\/wp-json\/wp\/v2\/types\/post"}],"author":[{"embeddable":true,"href":"https:\/\/mundobibliotecario.com.br\/index.php\/wp-json\/wp\/v2\/users\/1"}],"replies":[{"embeddable":true,"href":"https:\/\/mundobibliotecario.com.br\/index.php\/wp-json\/wp\/v2\/comments?post=1949"}],"version-history":[{"count":1,"href":"https:\/\/mundobibliotecario.com.br\/index.php\/wp-json\/wp\/v2\/posts\/1949\/revisions"}],"predecessor-version":[{"id":6311,"href":"https:\/\/mundobibliotecario.com.br\/index.php\/wp-json\/wp\/v2\/posts\/1949\/revisions\/6311"}],"wp:attachment":[{"href":"https:\/\/mundobibliotecario.com.br\/index.php\/wp-json\/wp\/v2\/media?parent=1949"}],"wp:term":[{"taxonomy":"category","embeddable":true,"href":"https:\/\/mundobibliotecario.com.br\/index.php\/wp-json\/wp\/v2\/categories?post=1949"},{"taxonomy":"post_tag","embeddable":true,"href":"https:\/\/mundobibliotecario.com.br\/index.php\/wp-json\/wp\/v2\/tags?post=1949"}],"curies":[{"name":"wp","href":"https:\/\/api.w.org\/{rel}","templated":true}]}}