{"id":1979,"date":"2011-04-25T13:33:58","date_gmt":"2011-04-25T16:33:58","guid":{"rendered":"http:\/\/mundobibliotecario.wordpress.com\/?p=1979"},"modified":"2011-04-25T13:33:58","modified_gmt":"2011-04-25T16:33:58","slug":"encontros-bibli-chamada-de-trabalho","status":"publish","type":"post","link":"https:\/\/mundobibliotecario.com.br\/index.php\/2011\/04\/25\/encontros-bibli-chamada-de-trabalho\/","title":{"rendered":"Encontros Bibli &#8211; Chamada de trabalho"},"content":{"rendered":"<p>Comunicado aos pesquisadores da Ci\u00eancia da Informa\u00e7\u00e3o.<\/p>\n<p>A Revista Encontros Bibli publicar\u00e1 no primeiro semestre de 2012 n\u00famero especial relativo a \u201cA Cogni\u00e7\u00e3o em Ci\u00eancia da Informa\u00e7\u00e3o: rela\u00e7\u00e3o entre Psicologia Cognitiva, Cogni\u00e7\u00e3o, Ci\u00eancia da Informa\u00e7\u00e3o. Paradigma Cognitivo na CI\u201d.<\/p>\n<p>A ci\u00eancia da informa\u00e7\u00e3o, assim como os demais campos do conhecimento, precisa incorporar aos processos de forma\u00e7\u00e3o novas abordagens que permitam o aprimoramento do di\u00e1logo entre os sujeitos que interagem com os sistemas de informa\u00e7\u00e3o, principalmente no que diz respeito aos profissionais da informa\u00e7\u00e3o e os usu\u00e1rios. Seu objetivo principal \u00e9 incentivar estudos que promovam conex\u00f5es entre os sistemas de informa\u00e7\u00e3o e sujeitos na busca da informa\u00e7\u00e3o. Para efetuar essa fun\u00e7\u00e3o, a ci\u00eancia da informa\u00e7\u00e3o dialoga necessariamente com as \u00e1reas do conhecimento que visam a estudos relativos \u00e0 comunica\u00e7\u00e3o humana de modo geral, especificamente organiza\u00e7\u00e3o, representa\u00e7\u00e3o e uso da informa\u00e7\u00e3o.<\/p>\n<p>Assim, a Revista Encontros Bibli pretende, com o n\u00famero especial, mostrar a produ\u00e7\u00e3o cient\u00edfica que contemple a interrela\u00e7\u00e3o entre Cogni\u00e7\u00e3o e Ci\u00eancia da Informa\u00e7\u00e3o. Al\u00e9m disso, busca-se tamb\u00e9m incentivar um maior n\u00famero de estudos que contemplem o conjunto de conhecimentos e seus avan\u00e7os.<\/p>\n<p>As contribui\u00e7\u00f5es ser\u00e3o recebidas no per\u00edodo de 01 Setembro a 15 de Dezembro 2011 e dever\u00e3o ser enviadas para os e-mails abaixo.<\/p>\n<p>Aguardamos a sua colabora\u00e7\u00e3o para o avan\u00e7o da CI.<\/p>\n<p>Dulce Am\u00e9lia de Brito Neves <a href=\"mailto:damelia1@gmail.com\">damelia1@gmail.com<\/a><\/p>\n<p>Mari\u00e2ngela Spotti Lopes Fujita <a href=\"mailto:fujita@marilia.unesp.br\">fujita@marilia.unesp.br<\/a><\/p>\n","protected":false},"excerpt":{"rendered":"<p>Comunicado aos pesquisadores da Ci\u00eancia da Informa\u00e7\u00e3o. A Revista Encontros Bibli publicar\u00e1 no primeiro semestre de 2012 n\u00famero especial relativo a \u201cA Cogni\u00e7\u00e3o em Ci\u00eancia da Informa\u00e7\u00e3o: rela\u00e7\u00e3o entre Psicologia Cognitiva, Cogni\u00e7\u00e3o, Ci\u00eancia da Informa\u00e7\u00e3o. Paradigma Cognitivo na CI\u201d. A ci\u00eancia da informa\u00e7\u00e3o, assim como os demais campos do conhecimento, precisa incorporar aos processos de &#8230; <a title=\"Encontros Bibli &#8211; Chamada de trabalho\" class=\"read-more\" href=\"https:\/\/mundobibliotecario.com.br\/index.php\/2011\/04\/25\/encontros-bibli-chamada-de-trabalho\/\" aria-label=\"Read more about Encontros Bibli &#8211; Chamada de trabalho\">Ler mais<\/a><\/p>\n","protected":false},"author":1,"featured_media":0,"comment_status":"open","ping_status":"open","sticky":false,"template":"","format":"standard","meta":{"_mi_skip_tracking":false,"_exactmetrics_sitenote_active":false,"_exactmetrics_sitenote_note":"","_exactmetrics_sitenote_category":0,"_jetpack_newsletter_access":"","footnotes":""},"categories":[60],"tags":[40,740,741],"class_list":["post-1979","post","type-post","status-publish","format-standard","hentry","category-noticias","tag-ciencia-da-informacao","tag-cognicao","tag-encontros-bibli"],"jetpack_featured_media_url":"","jetpack_sharing_enabled":true,"jetpack-related-posts":[{"id":1608,"url":"https:\/\/mundobibliotecario.com.br\/index.php\/2010\/12\/08\/a-genese-do-significado\/","url_meta":{"origin":1979,"position":0},"title":"A G\u00eanese do significado","author":"mundobibliotecario","date":"08\/12\/2010","format":false,"excerpt":"A mente \u00e9 capaz de interpretar o significado de informa\u00e7\u00f5es que recebe, ao contr\u00e1rio da m\u00e1quina, que processa informa\u00e7\u00f5es segundo regras pr\u00e9-programadas. A Ci\u00eancia busca respostas sobre como se d\u00e1 o v\u00ednculo entre informa\u00e7\u00e3o e significado Diego Zilio \u00e9 Mestre em Filosofia da Mente, Epistemologia e L\u00f3gica pela Unesp de\u2026","rel":"","context":"Em &quot;Not\u00edcias&quot;","block_context":{"text":"Not\u00edcias","link":"https:\/\/mundobibliotecario.com.br\/index.php\/category\/noticias\/"},"img":{"alt_text":"","src":"https:\/\/i0.wp.com\/filosofiacienciaevida.uol.com.br\/ESFI\/Edicoes\/53\/imagens\/i239048.jpg?resize=350%2C200","width":350,"height":200},"classes":[]},{"id":3627,"url":"https:\/\/mundobibliotecario.com.br\/index.php\/2014\/11\/03\/ibict-lanca-o-tesauro-brasileiro-de-ciencia-da-informacao\/","url_meta":{"origin":1979,"position":1},"title":"IBICT lan\u00e7a o Tesauro Brasileiro de Ci\u00eancia da Informa\u00e7\u00e3o","author":"mundobibliotecario","date":"03\/11\/2014","format":false,"excerpt":"Tesauro Brasileiro de Ci\u00eancia da Informa\u00e7\u00e3o Lena Vania Ribeiro Pinheiro e Helena Dodd Ferrez APRESENTA\u00c7\u00c3O Por Emir Jos\u00e9 Suaiden - Diretor do IBICT (de 30\/06\/2005 a 04\/09\/2013) A recupera\u00e7\u00e3o da informa\u00e7\u00e3o foi e continua sendo quest\u00e3o central na ci\u00eancia da informa\u00e7\u00e3o, desde o seu surgimento como campo cient\u00edfico at\u00e9 hoje.\u2026","rel":"","context":"Em &quot;Not\u00edcias&quot;","block_context":{"text":"Not\u00edcias","link":"https:\/\/mundobibliotecario.com.br\/index.php\/category\/noticias\/"},"img":{"alt_text":"","src":"","width":0,"height":0},"classes":[]},{"id":1329,"url":"https:\/\/mundobibliotecario.com.br\/index.php\/2010\/06\/28\/seminario-aborda-as-teorias-de-michel-foucault-na-ciencia-da-informacao\/","url_meta":{"origin":1979,"position":2},"title":"Semin\u00e1rio aborda as teorias de Michel Foucault na Ci\u00eancia da Informa\u00e7\u00e3o","author":"mundobibliotecario","date":"28\/06\/2010","format":false,"excerpt":"Na pr\u00f3xima quinta-feira (1\/7), acontece na UFSCar o \"I Semin\u00e1rio de An\u00e1lise em Pr\u00e1ticas Discursivas: Foucault na Ci\u00eancia da Informa\u00e7\u00e3o\", organizado pelas docentes N\u00e1dea Regina Gaspar, do Departamento de Ci\u00eancia da Informa\u00e7\u00e3o da UFSCar, e Luc\u00edlia Maria Sousa Rom\u00e3o, professora da Faculdade de Filosofia, Ci\u00eancias e Letras da USP de\u2026","rel":"","context":"Em &quot;Eventos&quot;","block_context":{"text":"Eventos","link":"https:\/\/mundobibliotecario.com.br\/index.php\/category\/eventos\/"},"img":{"alt_text":"","src":"","width":0,"height":0},"classes":[]},{"id":3667,"url":"https:\/\/mundobibliotecario.com.br\/index.php\/2014\/12\/15\/webinar-gratuito-coaching-na-atuacao-do-profissional-da-informacao\/","url_meta":{"origin":1979,"position":3},"title":"Webinar gratuito &quot;Coaching na Atua\u00e7\u00e3o do Profissional da Informa\u00e7\u00e3o&quot;","author":"mundobibliotecario","date":"15\/12\/2014","format":false,"excerpt":"Na Sociedade da Informa\u00e7\u00e3o e do Conhecimento, torna-se necess\u00e1rio um novo olhar sobre as formas de atua\u00e7\u00e3o do profissional da informa\u00e7\u00e3o. O profissional deve buscar conhecer tend\u00eancias e inova\u00e7\u00f5es que t\u00eam sido utilizadas em v\u00e1rios pa\u00edses. Nesse contexto, o coaching se apresenta como um subs\u00eddio eficaz e promissor de planejamento\u2026","rel":"","context":"Em &quot;Eventos&quot;","block_context":{"text":"Eventos","link":"https:\/\/mundobibliotecario.com.br\/index.php\/category\/eventos\/"},"img":{"alt_text":"","src":"","width":0,"height":0},"classes":[]},{"id":4925,"url":"https:\/\/mundobibliotecario.com.br\/index.php\/2014\/12\/15\/webinar-gratuito-coaching-na-atuacao-do-profissional-da-informacao-2\/","url_meta":{"origin":1979,"position":4},"title":"Webinar gratuito &#8220;Coaching na Atua\u00e7\u00e3o do Profissional da Informa\u00e7\u00e3o&#8221;","author":"mundobibliotecario","date":"15\/12\/2014","format":false,"excerpt":"Na Sociedade da Informa\u00e7\u00e3o e do Conhecimento, torna-se necess\u00e1rio um novo olhar sobre as formas de atua\u00e7\u00e3o do profissional da informa\u00e7\u00e3o. O profissional deve buscar conhecer tend\u00eancias e inova\u00e7\u00f5es que t\u00eam sido utilizadas em v\u00e1rios pa\u00edses. Nesse contexto, o coaching se apresenta como um subs\u00eddio eficaz e promissor de planejamento\u2026","rel":"","context":"Em &quot;Eventos&quot;","block_context":{"text":"Eventos","link":"https:\/\/mundobibliotecario.com.br\/index.php\/category\/eventos\/"},"img":{"alt_text":"","src":"","width":0,"height":0},"classes":[]},{"id":2040,"url":"https:\/\/mundobibliotecario.com.br\/index.php\/2011\/05\/23\/furg-cria-especializacao-a-distancia-em-ciencia-da-informacao\/","url_meta":{"origin":1979,"position":5},"title":"Furg cria especializa\u00e7\u00e3o a dist\u00e2ncia em Ci\u00eancia da Informa\u00e7\u00e3o","author":"mundobibliotecario","date":"23\/05\/2011","format":false,"excerpt":"A Universidade Federal do Rio Grande aprovou, por meio do Conselho de Ensino, Pesquisa, Extens\u00e3o e Administra\u00e7\u00e3o (Coepea), a cria\u00e7\u00e3o do curso de Especializa\u00e7\u00e3o em Ci\u00eancia da Informa\u00e7\u00e3o na modalidade a dist\u00e2ncia. Ser\u00e3o oferecidas 150 vagas a portadores de diploma de curso superior distribu\u00eddas igualmente para os polos de educa\u00e7\u00e3o\u2026","rel":"","context":"Em &quot;Not\u00edcias&quot;","block_context":{"text":"Not\u00edcias","link":"https:\/\/mundobibliotecario.com.br\/index.php\/category\/noticias\/"},"img":{"alt_text":"","src":"","width":0,"height":0},"classes":[]}],"jetpack_likes_enabled":true,"jetpack_shortlink":"https:\/\/wp.me\/pcbzwa-vV","_links":{"self":[{"href":"https:\/\/mundobibliotecario.com.br\/index.php\/wp-json\/wp\/v2\/posts\/1979","targetHints":{"allow":["GET"]}}],"collection":[{"href":"https:\/\/mundobibliotecario.com.br\/index.php\/wp-json\/wp\/v2\/posts"}],"about":[{"href":"https:\/\/mundobibliotecario.com.br\/index.php\/wp-json\/wp\/v2\/types\/post"}],"author":[{"embeddable":true,"href":"https:\/\/mundobibliotecario.com.br\/index.php\/wp-json\/wp\/v2\/users\/1"}],"replies":[{"embeddable":true,"href":"https:\/\/mundobibliotecario.com.br\/index.php\/wp-json\/wp\/v2\/comments?post=1979"}],"version-history":[{"count":0,"href":"https:\/\/mundobibliotecario.com.br\/index.php\/wp-json\/wp\/v2\/posts\/1979\/revisions"}],"wp:attachment":[{"href":"https:\/\/mundobibliotecario.com.br\/index.php\/wp-json\/wp\/v2\/media?parent=1979"}],"wp:term":[{"taxonomy":"category","embeddable":true,"href":"https:\/\/mundobibliotecario.com.br\/index.php\/wp-json\/wp\/v2\/categories?post=1979"},{"taxonomy":"post_tag","embeddable":true,"href":"https:\/\/mundobibliotecario.com.br\/index.php\/wp-json\/wp\/v2\/tags?post=1979"}],"curies":[{"name":"wp","href":"https:\/\/api.w.org\/{rel}","templated":true}]}}