{"id":2008,"date":"2011-05-06T20:45:00","date_gmt":"2011-05-06T23:45:00","guid":{"rendered":"http:\/\/mundobibliotecario.wordpress.com\/?p=2008"},"modified":"2011-05-06T20:45:00","modified_gmt":"2011-05-06T23:45:00","slug":"universidade-alema-confirma-plagio-no-doutorado-de-ex-ministro","status":"publish","type":"post","link":"https:\/\/mundobibliotecario.com.br\/index.php\/2011\/05\/06\/universidade-alema-confirma-plagio-no-doutorado-de-ex-ministro\/","title":{"rendered":"Universidade alem\u00e3 confirma pl\u00e1gio no doutorado de ex-ministro"},"content":{"rendered":"<p>06\/05\/2011 &#8211; 12h03<\/p>\n<p>DAS AG\u00caNCIAS DE NOT\u00cdCIAS<\/p>\n<p>A Universidade de Bayreuth acusou nesta sexta-feira o ex-ministro alem\u00e3o de Defesa Karl-Theodor zu Guttenberg de &#8220;plagiar deliberadamente&#8221; trechos de seu doutorado em direito.<\/p>\n<p>A comiss\u00e3o de controle cient\u00edfico da universidade conclui, ap\u00f3s analisar a tese, que Guttenberg &#8220;violou seriamente os padr\u00f5es de boas pr\u00e1ticas cient\u00edficas e enganou deliberadamente&#8221; a institui\u00e7\u00e3o. A comiss\u00e3o ratificou assim a decis\u00e3o de anular seu t\u00edtulo de doutor.<\/p>\n<p>H\u00e1 alguns meses, a imprensa alem\u00e3 divulgou dezenas de passagens copiadas na disserta\u00e7\u00e3o de Guttenberg sem a correta cita\u00e7\u00e3o. A revela\u00e7\u00e3o iniciou uma campanha contra o ent\u00e3o ministro e a Universidade Bayreuth revogou o t\u00edtulo de doutor em mar\u00e7o.<\/p>\n<table>\n<tbody>\n<tr>\n<td rowspan=\"3\"><\/td>\n<td>Michael Kappeler\/Efe<\/td>\n<td rowspan=\"3\"><\/td>\n<\/tr>\n<tr>\n<td><img decoding=\"async\" src=\"http:\/\/f.i.uol.com.br\/folha\/mundo\/images\/11060106.jpeg\" alt=\"Ministro de Defesa alem\u00e3o, Karl-Theodor zu Guttenberg, renunciou ap\u00f3s esc\u00e2ndalo de pl\u00e1gio em tese \" border=\"0\" \/><\/td>\n<\/tr>\n<tr>\n<td>Ministro de Defesa alem\u00e3o, Karl-Theodor zu Guttenberg, renunciou ap\u00f3s esc\u00e2ndalo de pl\u00e1gio em tese<\/td>\n<\/tr>\n<\/tbody>\n<\/table>\n<p>Guttenberg admitiu &#8220;graves erros&#8221; na tese de 2007, mas insistiu que n\u00e3o copiou intencionalmente o trabalho de ningu\u00e9m. O caso causou grande pol\u00eamica na imprensa e levou a pedidos de ren\u00fancia da oposi\u00e7\u00e3o. Em 1\u00ba de mar\u00e7o ele cedeu e renunciou.<\/p>\n<p>Merkel apoiou Guttenberg durante a crise. Os l\u00edderes da oposi\u00e7\u00e3o disseram que ela n\u00e3o o demitiu por temer perder apoio dos eleitores conservadores, especialmente no Estado de Baden-Wuerttemberg.<\/p>\n<p>Guttenberg foi o ministro mais popular no gabinete de Merkel. Mas a popularidade do aristocrata era baseada na sua imagem cuidadosamente cultivada de honestidade e integridade.<\/p>\n<p>Dispon\u00edvel em: &lt;<a href=\"http:\/\/www1.folha.uol.com.br\/mundo\/912217-universidade-alema-confirma-plagio-no-doutorado-de-ex-ministro.shtml\">http:\/\/www1.folha.uol.com.br\/mundo\/912217-universidade-alema-confirma-plagio-no-doutorado-de-ex-ministro.shtml<\/a>&gt;. Acesso em: 6 mai. 2011.<\/p>\n","protected":false},"excerpt":{"rendered":"<p>06\/05\/2011 &#8211; 12h03 DAS AG\u00caNCIAS DE NOT\u00cdCIAS A Universidade de Bayreuth acusou nesta sexta-feira o ex-ministro alem\u00e3o de Defesa Karl-Theodor zu Guttenberg de &#8220;plagiar deliberadamente&#8221; trechos de seu doutorado em direito. A comiss\u00e3o de controle cient\u00edfico da universidade conclui, ap\u00f3s analisar a tese, que Guttenberg &#8220;violou seriamente os padr\u00f5es de boas pr\u00e1ticas cient\u00edficas e enganou &#8230; <a title=\"Universidade alem\u00e3 confirma pl\u00e1gio no doutorado de ex-ministro\" class=\"read-more\" href=\"https:\/\/mundobibliotecario.com.br\/index.php\/2011\/05\/06\/universidade-alema-confirma-plagio-no-doutorado-de-ex-ministro\/\" aria-label=\"Read more about Universidade alem\u00e3 confirma pl\u00e1gio no doutorado de ex-ministro\">Ler mais<\/a><\/p>\n","protected":false},"author":1,"featured_media":0,"comment_status":"open","ping_status":"open","sticky":false,"template":"","format":"standard","meta":{"_mi_skip_tracking":false,"_exactmetrics_sitenote_active":false,"_exactmetrics_sitenote_note":"","_exactmetrics_sitenote_category":0,"_jetpack_newsletter_access":"","footnotes":""},"categories":[60],"tags":[756,518,362],"class_list":["post-2008","post","type-post","status-publish","format-standard","hentry","category-noticias","tag-alemanha","tag-doutorado","tag-plagio"],"jetpack_featured_media_url":"","jetpack_sharing_enabled":true,"jetpack-related-posts":[{"id":1813,"url":"https:\/\/mundobibliotecario.com.br\/index.php\/2011\/02\/28\/indelevel-vergonha-etica\/","url_meta":{"origin":2008,"position":0},"title":"Indel\u00e9vel vergonha \u00e9tica","author":"mundobibliotecario","date":"28\/02\/2011","format":false,"excerpt":"O pl\u00e1gio deve ser enfrentado n\u00e3o como crime, mas como infra\u00e7\u00e3o capital que marcar\u00e1 para sempre o autor com o vexame de ser chamado de plagiador e com o dever de retrata\u00e7\u00e3o p\u00fablica, diz antrop\u00f3loga 26 de fevereiro de 2011 | 16h 00 DEBORA DINIZ Uma ex-aluna de doutorado, dez\u2026","rel":"","context":"Em &quot;Not\u00edcias&quot;","block_context":{"text":"Not\u00edcias","link":"https:\/\/mundobibliotecario.com.br\/index.php\/category\/noticias\/"},"img":{"alt_text":"","src":"","width":0,"height":0},"classes":[]},{"id":3812,"url":"https:\/\/mundobibliotecario.com.br\/index.php\/2015\/08\/14\/plagio-onde-esta-e-por-que-acontece\/","url_meta":{"origin":2008,"position":1},"title":"Pl\u00e1gio: onde est\u00e1 e por que acontece?","author":"mundobibliotecario","date":"14\/08\/2015","format":false,"excerpt":"Por: Elisabeth A. Dudziak e Sibele Fausto Entrevistado:\u00a0Prof. Dr. Marcelo Krokoscz A perspectiva \u00e9tica de respeito aos direitos autorais e \u00e0 propriedade intelectual sempre norteou a produ\u00e7\u00e3o intelectual da Universidade de S\u00e3o Paulo. O Sistema Integrado de Bibliotecas da USP (SIBiUSP) tem procurado realizar a\u00e7\u00f5es integradas de conscientiza\u00e7\u00e3o e preven\u00e7\u00e3o\u2026","rel":"","context":"Em &quot;Not\u00edcias&quot;","block_context":{"text":"Not\u00edcias","link":"https:\/\/mundobibliotecario.com.br\/index.php\/category\/noticias\/"},"img":{"alt_text":"","src":"https:\/\/i0.wp.com\/www.sibi.usp.br\/wp-content\/uploads\/2015\/07\/livro.jpg?resize=350%2C200","width":350,"height":200},"classes":[]},{"id":2042,"url":"https:\/\/mundobibliotecario.com.br\/index.php\/2011\/05\/23\/unesp-adota-software-para-evitar-plagios\/","url_meta":{"origin":2008,"position":2},"title":"Unesp adota software para evitar pl\u00e1gios","author":"mundobibliotecario","date":"23\/05\/2011","format":false,"excerpt":"Ferramenta que compara textos vai ser usada principalmente pelos professores da P\u00f3s-Gradua\u00e7\u00e3o \u00a023 de maio de 2011 | 0h 00 Mariana Mandelli - O Estado de S.Paulo A Universidade Estadual Paulista (Unesp) adotou um software para prevenir pl\u00e1gios em trabalhos e pesquisas acad\u00eamicas. O programa ser\u00e1 utilizado por todos os\u2026","rel":"","context":"Em &quot;Not\u00edcias&quot;","block_context":{"text":"Not\u00edcias","link":"https:\/\/mundobibliotecario.com.br\/index.php\/category\/noticias\/"},"img":{"alt_text":"","src":"","width":0,"height":0},"classes":[]},{"id":3886,"url":"https:\/\/mundobibliotecario.com.br\/index.php\/2015\/09\/08\/nocoes-fundamentais-sobre-o-plagio-academico\/","url_meta":{"origin":2008,"position":3},"title":"No\u00e7\u00f5es Fundamentais sobre o Pl\u00e1gio Acad\u00eamico","author":"mundobibliotecario","date":"08\/09\/2015","format":false,"excerpt":"\u00a0 A Associa\u00e7\u00e3o Portuguesa de Direito Intelectual(APDI), em estreita colabora\u00e7\u00e3o com a Faculdade de Direito da Universidade de Lisboa, promove o lan\u00e7amento dos Estudos de Direito Intelectual em Homenagem ao Prof. Doutor Jos\u00e9 de Oliveira Ascens\u00e3o: 50 anos de vida universit\u00e1ria, a obra coletiva foi coordenada pelo Prof. Dr. D\u00e1rio\u2026","rel":"","context":"Em &quot;Not\u00edcias&quot;","block_context":{"text":"Not\u00edcias","link":"https:\/\/mundobibliotecario.com.br\/index.php\/category\/noticias\/"},"img":{"alt_text":"","src":"","width":0,"height":0},"classes":[]},{"id":3635,"url":"https:\/\/mundobibliotecario.com.br\/index.php\/2014\/11\/11\/comissao-rejeita-obrigacao-de-universidades-manterem-sites-com-producao-cientifica\/","url_meta":{"origin":2008,"position":4},"title":"Comiss\u00e3o rejeita obriga\u00e7\u00e3o de universidades manterem sites com produ\u00e7\u00e3o cient\u00edfica","author":"mundobibliotecario","date":"11\/11\/2014","format":false,"excerpt":"Margarida Salom\u00e3o lembrou que j\u00e1 existem bancos de dados de acesso p\u00fablico com teses e disserta\u00e7\u00f5es. A Comiss\u00e3o de Ci\u00eancia e Tecnologia, Comunica\u00e7\u00e3o e Inform\u00e1tica rejeitou nesta quarta-feira (5) proposta que obriga as institui\u00e7\u00f5es federais de educa\u00e7\u00e3o superior e de pesquisa a disponibilizar, em formado digital e em site pr\u00f3prio,\u2026","rel":"","context":"Em &quot;Not\u00edcias&quot;","block_context":{"text":"Not\u00edcias","link":"https:\/\/mundobibliotecario.com.br\/index.php\/category\/noticias\/"},"img":{"alt_text":"","src":"","width":0,"height":0},"classes":[]},{"id":9610,"url":"https:\/\/mundobibliotecario.com.br\/index.php\/2021\/11\/12\/live-plagio-academico-identificacao-prevencao-e-consequencias\/","url_meta":{"origin":2008,"position":5},"title":"Live: Pl\u00e1gio acad\u00eamico: identifica\u00e7\u00e3o, preven\u00e7\u00e3o e consequ\u00eancias","author":"mundobibliotecario","date":"12\/11\/2021","format":false,"excerpt":"No pr\u00f3ximo dia\u00a025 de novembro\u00a0(5\u00aa. Feira) dando continuidade \u00e0 s\u00e9rie de\u00a0lives\u00a0que abordam as necessidades atuais das bibliotecas universit\u00e1rias e da comunidade acad\u00eamica, o Sistema Integrado de Bibliotecas (SIBi) e as Pr\u00f3-Reitorias de Gradua\u00e7\u00e3o, de Pesquisa e P\u00f3s-Gradua\u00e7\u00e3o da UFSCar, promovem a palestra virtual, intitulada\u00a0Pl\u00e1gio acad\u00eamico: identifica\u00e7\u00e3o, preven\u00e7\u00e3o e consequ\u00eancias.\u00a0No cen\u00e1rio\u2026","rel":"","context":"Em &quot;Eventos&quot;","block_context":{"text":"Eventos","link":"https:\/\/mundobibliotecario.com.br\/index.php\/category\/eventos\/"},"img":{"alt_text":"","src":"https:\/\/i0.wp.com\/mundobibliotecario.com.br\/wp-content\/uploads\/2021\/11\/image-1024x1024.jpeg?resize=350%2C200&ssl=1","width":350,"height":200},"classes":[]}],"jetpack_likes_enabled":true,"jetpack_shortlink":"https:\/\/wp.me\/pcbzwa-wo","_links":{"self":[{"href":"https:\/\/mundobibliotecario.com.br\/index.php\/wp-json\/wp\/v2\/posts\/2008","targetHints":{"allow":["GET"]}}],"collection":[{"href":"https:\/\/mundobibliotecario.com.br\/index.php\/wp-json\/wp\/v2\/posts"}],"about":[{"href":"https:\/\/mundobibliotecario.com.br\/index.php\/wp-json\/wp\/v2\/types\/post"}],"author":[{"embeddable":true,"href":"https:\/\/mundobibliotecario.com.br\/index.php\/wp-json\/wp\/v2\/users\/1"}],"replies":[{"embeddable":true,"href":"https:\/\/mundobibliotecario.com.br\/index.php\/wp-json\/wp\/v2\/comments?post=2008"}],"version-history":[{"count":0,"href":"https:\/\/mundobibliotecario.com.br\/index.php\/wp-json\/wp\/v2\/posts\/2008\/revisions"}],"wp:attachment":[{"href":"https:\/\/mundobibliotecario.com.br\/index.php\/wp-json\/wp\/v2\/media?parent=2008"}],"wp:term":[{"taxonomy":"category","embeddable":true,"href":"https:\/\/mundobibliotecario.com.br\/index.php\/wp-json\/wp\/v2\/categories?post=2008"},{"taxonomy":"post_tag","embeddable":true,"href":"https:\/\/mundobibliotecario.com.br\/index.php\/wp-json\/wp\/v2\/tags?post=2008"}],"curies":[{"name":"wp","href":"https:\/\/api.w.org\/{rel}","templated":true}]}}