{"id":2026,"date":"2011-05-16T13:37:57","date_gmt":"2011-05-16T16:37:57","guid":{"rendered":"http:\/\/mundobibliotecario.wordpress.com\/?p=2026"},"modified":"2020-07-21T23:22:28","modified_gmt":"2020-07-22T02:22:28","slug":"curso-unidades-de-informacao-na-web-2-0-conceitos-estrategias-e-praticas","status":"publish","type":"post","link":"https:\/\/mundobibliotecario.com.br\/index.php\/2011\/05\/16\/curso-unidades-de-informacao-na-web-2-0-conceitos-estrategias-e-praticas\/","title":{"rendered":"Curso &#8220;Unidades de informa\u00e7\u00e3o na web 2.0: conceitos, estrat\u00e9gias e pr\u00e1ticas&#8221;"},"content":{"rendered":"<p>Ap\u00f3s um ano de sucesso em sua vers\u00e3o on-line, agora tamb\u00e9m presencial!<\/p>\n<p>Instrutoras: Renate Landshoff e Suely de Brito Clemente Soares<\/p>\n<p>Data: 21 e 22 de junho de 2011 (ter\u00e7a e quarta-feira)<\/p>\n<p>Hor\u00e1rio: 8h30 \u00e0s 12h30 \u2013 14h \u00e0s 18h Local: Av. Paulista 807 \u2013 18\u00ba andar. Pr\u00f3ximo \u00e0 esta\u00e7\u00e3o de metr\u00f4 Trianon \u2013 Masp. S\u00e3o Paulo \u2013 SP<\/p>\n<p>Renate Landshoff e Suely de Brito Clemente Soares s\u00e3o consultoras, docentes e palestrantes com ampla experi\u00eancia em gest\u00e3o de Unidades de Informa\u00e7\u00e3o e Tecnologias da Informa\u00e7\u00e3o aplicadas ao desenvolvimento de produtos e servi\u00e7os informacionais.<\/p>\n<p>Objetivo: Este curso tem como objetivo introduzir o profissional da informa\u00e7\u00e3o a um novo paradigma na forma de gerenciar a informa\u00e7\u00e3o. As aplica\u00e7\u00f5es 2.0 trazem in\u00fameras oportunidades de transforma\u00e7\u00e3o. N\u00e3o se trata apenas de dominar as ferramentas, mas sim de SER 2.0. Mudar atitudes, inovar e surpreender o usu\u00e1rio, s\u00e3o alguns dos desafios desse novo SER. As in\u00fameras possibilidades de aplica\u00e7\u00f5es que existem na Web, trazem consigo muitas d\u00favidas e inseguran\u00e7a. O curso apresenta os principais conceitos e as aplica\u00e7\u00f5es 2.0 que melhor contribuem para a colabora\u00e7\u00e3o e compartilhamento nas organiza\u00e7\u00f5es. Ele est\u00e1 formatado para atender as necessidades de profissionais da informa\u00e7\u00e3o e de alunos de qualquer curso de Gradua\u00e7\u00e3o e\/ou de P\u00f3s-Gradua\u00e7\u00e3o, de qualquer \u00e1rea do conhecimento.<\/p>\n<p>P\u00fablico alvo: Profissionais que utilizem a informa\u00e7\u00e3o como instrumento de trabalho e que necessitem se familiarizar com os conceitos e a plica\u00e7\u00f5es da Web 2.0 para aprimorarem e criarem novos produtos e servi\u00e7os.<\/p>\n<p>Conte\u00fado Program\u00e1tico: EXCLUSIVO! Apresenta\u00e7\u00e3o do Chronus Web\u00ae, software para gest\u00e3o de bibliotecas digitais 2.0 e do TheXML\u00ae, m\u00f3dulo para implanta\u00e7\u00e3o de taxonomias e tesauros.<\/p>\n<p>M\u00d3DULO 1 \u2013 Web 2.0 1.1 Aspectos pol\u00edticos 1.2 Aspectos culturais 1.3 Barreiras institucionais 1.4 Breve hist\u00f3rico: onde estamos e para onde vamos<\/p>\n<p>M\u00d3DULO 2 \u2013 \u201cSer 2.0\u2033: quem s\u00e3o os profissionais da informa\u00e7\u00e3o 2.0? 2.1 Caracter\u00edsticas pessoais 2.2 Postura profissional 2.0 2.3 Novas compet\u00eancias 2.4 Novas habilidades 2.5 Novo saber fazer 2.6 O profissional da Informa\u00e7\u00e3o 2.0 e as oportunidades no mercado de trabalho<\/p>\n<p>M\u00d3DULO 3 \u2013 Aplica\u00e7\u00f5es web 2.0 em Unidades de Informa\u00e7\u00e3o 3.1 Google docs 3.2 Google wiki-site 3.3 Google Reader (RSS) 3.4 Google (Blog) 3.5 iGoogle 3.6 Gmail 3.7 YouTube \u2013 Podcast e Webcast 3.8 Delicious 3.9 Twitter 3.10 Facebook 3.11 Slideshare 3.12 Skype 3.13 Linkedin M\u00d3DULO 4 \u2013 Estrat\u00e9gias, casos e tend\u00eancias 4.1 Planejamento estrat\u00e9gico de um projeto Web 2.0 4.2 Casos de Unidades de Informa\u00e7\u00e3o 2.0 4.3 Servi\u00e7os de Refer\u00eancia virtuais 4.4 Desafios e Tend\u00eancias Valor do Investimento R$ 950,00 (Incluso coffee breaks e certificado). 15% de desconto para duas ou mais pessoas da mesma empresa. Pagamento em cart\u00e3o de cr\u00e9dito ou boleto banc\u00e1rio \u2013 PagSeguro.<\/p>\n<p>FA\u00c7A AQUI SUA INSCRI\u00c7\u00c3O!<\/p>\n<p>Pessoa F\u00edsica\u00a0\/Pessoa Jur\u00eddica<\/p>\n<p>Dispon\u00edvel em: &lt;http:\/\/contentdigital.com.br\/contentmind\/?page_id=710&gt;. Acesso em: 16 mai. 2011.<\/p>\n","protected":false},"excerpt":{"rendered":"<p>Ap\u00f3s um ano de sucesso em sua vers\u00e3o on-line, agora tamb\u00e9m presencial! Instrutoras: Renate Landshoff e Suely de Brito Clemente Soares Data: 21 e 22 de junho de 2011 (ter\u00e7a e quarta-feira) Hor\u00e1rio: 8h30 \u00e0s 12h30 \u2013 14h \u00e0s 18h Local: Av. Paulista 807 \u2013 18\u00ba andar. Pr\u00f3ximo \u00e0 esta\u00e7\u00e3o de metr\u00f4 Trianon \u2013 Masp. &#8230; <a title=\"Curso &#8220;Unidades de informa\u00e7\u00e3o na web 2.0: conceitos, estrat\u00e9gias e pr\u00e1ticas&#8221;\" class=\"read-more\" href=\"https:\/\/mundobibliotecario.com.br\/index.php\/2011\/05\/16\/curso-unidades-de-informacao-na-web-2-0-conceitos-estrategias-e-praticas\/\" aria-label=\"Read more about Curso &#8220;Unidades de informa\u00e7\u00e3o na web 2.0: conceitos, estrat\u00e9gias e pr\u00e1ticas&#8221;\">Ler mais<\/a><\/p>\n","protected":false},"author":1,"featured_media":0,"comment_status":"open","ping_status":"open","sticky":false,"template":"","format":"standard","meta":{"_mi_skip_tracking":false,"_exactmetrics_sitenote_active":false,"_exactmetrics_sitenote_note":"","_exactmetrics_sitenote_category":0,"_jetpack_newsletter_access":"","footnotes":""},"categories":[252],"tags":[613,155],"class_list":["post-2026","post","type-post","status-publish","format-standard","hentry","category-curso","tag-unidade-de-informacao","tag-web-20"],"jetpack_featured_media_url":"","jetpack_sharing_enabled":true,"jetpack-related-posts":[{"id":4877,"url":"https:\/\/mundobibliotecario.com.br\/index.php\/2011\/05\/16\/curso-unidades-de-informacao-na-web-2-0-conceitos-estrategias-e-praticas-2\/","url_meta":{"origin":2026,"position":0},"title":"Curso &quot;Unidades de informa\u00e7\u00e3o na web 2.0: conceitos, estrat\u00e9gias e pr\u00e1ticas&quot;","author":"mundobibliotecario","date":"16\/05\/2011","format":false,"excerpt":"Ap\u00f3s um ano de sucesso em sua vers\u00e3o on-line, agora tamb\u00e9m presencial! Instrutoras: Renate Landshoff e Suely de Brito Clemente Soares Data: 21 e 22 de junho de 2011 (ter\u00e7a e quarta-feira) Hor\u00e1rio: 8h30 \u00e0s 12h30 \u2013 14h \u00e0s 18h Local: Av. Paulista 807 \u2013 18\u00ba andar. Pr\u00f3ximo \u00e0 esta\u00e7\u00e3o\u2026","rel":"","context":"Em &quot;Curso&quot;","block_context":{"text":"Curso","link":"https:\/\/mundobibliotecario.com.br\/index.php\/category\/curso\/"},"img":{"alt_text":"","src":"","width":0,"height":0},"classes":[]},{"id":4880,"url":"https:\/\/mundobibliotecario.com.br\/index.php\/2011\/05\/16\/curso-unidades-de-informacao-na-web-2-0-conceitos-estrategias-e-praticas-2-2\/","url_meta":{"origin":2026,"position":1},"title":"Curso &#034;Unidades de informa\u00e7\u00e3o na web 2.0: conceitos, estrat\u00e9gias e pr\u00e1ticas&#034;","author":"mundobibliotecario","date":"16\/05\/2011","format":false,"excerpt":"Ap\u00f3s um ano de sucesso em sua vers\u00e3o on-line, agora tamb\u00e9m presencial! Instrutoras: Renate Landshoff e Suely de Brito Clemente Soares Data: 21 e 22 de junho de 2011 (ter\u00e7a e quarta-feira) Hor\u00e1rio: 8h30 \u00e0s 12h30 \u2013 14h \u00e0s 18h Local: Av. Paulista 807 \u2013 18\u00ba andar. Pr\u00f3ximo \u00e0 esta\u00e7\u00e3o\u2026","rel":"","context":"Em &quot;Curso&quot;","block_context":{"text":"Curso","link":"https:\/\/mundobibliotecario.com.br\/index.php\/category\/curso\/"},"img":{"alt_text":"","src":"","width":0,"height":0},"classes":[]},{"id":1400,"url":"https:\/\/mundobibliotecario.com.br\/index.php\/2010\/08\/04\/cursos-online-para-profissionais-da-informacao\/","url_meta":{"origin":2026,"position":2},"title":"Cursos online para profissionais da informa\u00e7\u00e3o","author":"mundobibliotecario","date":"04\/08\/2010","format":false,"excerpt":"A ContentMind, em parceria com a Profa.Suely de Brito Clemente Soares, desenvolveu o \u201cPrograma de Educa\u00e7\u00e3o Continuada On-line para Profissionais da Informa\u00e7\u00e3o\u201d. Os dois primeiros cursos dispon\u00edveis s\u00e3o \u201cWeb 2.0 e o que \u00e9 Ser 2.0: fundamentos, ferramentas e principais aplica\u00e7\u00f5es\u201d e \u201cGest\u00e3o de Pessoas em Unidades de Informa\u00e7\u00e3o\u201d. Assista\u2026","rel":"","context":"Em &quot;Curso&quot;","block_context":{"text":"Curso","link":"https:\/\/mundobibliotecario.com.br\/index.php\/category\/curso\/"},"img":{"alt_text":"","src":"","width":0,"height":0},"classes":[]},{"id":3570,"url":"https:\/\/mundobibliotecario.com.br\/index.php\/2014\/09\/06\/bibliotecas-de-hoje-e-do-futuro-como-entender-e-vivenciar-a-atual-revolucao-informacional\/","url_meta":{"origin":2026,"position":3},"title":"Bibliotecas de Hoje e do Futuro: como entender e vivenciar a atual revolu\u00e7\u00e3o Informacional","author":"mundobibliotecario","date":"06\/09\/2014","format":false,"excerpt":"Webinar Elsevier Bibliotecas de Hoje e do Futuro: como entender e vivenciar a atual revolu\u00e7\u00e3o Informacional com Profa. MSc. Suely de Brito Clemente Soares Conte\u00fado A internet foi a revolu\u00e7\u00e3o que provocou mudan\u00e7as radicais no sistema informacional vertical vigente h\u00e1 s\u00e9culos, especialmente ap\u00f3s a globaliza\u00e7\u00e3o do uso cotidiano da web\u2026","rel":"","context":"Em &quot;Eventos&quot;","block_context":{"text":"Eventos","link":"https:\/\/mundobibliotecario.com.br\/index.php\/category\/eventos\/"},"img":{"alt_text":"","src":"","width":0,"height":0},"classes":[]},{"id":417,"url":"https:\/\/mundobibliotecario.com.br\/index.php\/2009\/02\/26\/cursos-content-digital-2009\/","url_meta":{"origin":2026,"position":4},"title":"Cursos Content Digital 2009","author":"mundobibliotecario","date":"26\/02\/2009","format":false,"excerpt":"CURSOS CONTENT DIGITAL 2009 (www.contentdigital.com.br) PROGRAME-SE para aproveitar os cursos de seu interesse, em nossa grade enriquecida de cursos em gest\u00e3o de conte\u00fado , gest\u00e3o do conhecimento e ambientes digitais, com consultores que est\u00e3o nas linhas de frente em suas \u00e1reas de atua\u00e7\u00e3o. RESERVE desde j\u00e1 sua vaga no curso\u2026","rel":"","context":"Em &quot;Curso&quot;","block_context":{"text":"Curso","link":"https:\/\/mundobibliotecario.com.br\/index.php\/category\/curso\/"},"img":{"alt_text":"","src":"","width":0,"height":0},"classes":[]},{"id":4569,"url":"https:\/\/mundobibliotecario.com.br\/index.php\/2017\/08\/21\/cursos-on-line-eou-semipresenciais-in-company-para-autores-editores-cientificos-e-equipes-editoriais-bibliotecarios-e-demais-profissionais-da-informacao-concurseiros-eou-em-atividade-profissional\/","url_meta":{"origin":2026,"position":5},"title":"Cursos on-line e\/ou semipresenciais in-company para autores, editores cient\u00edficos e equipes editoriais, bibliotec\u00e1rios e demais profissionais da informa\u00e7\u00e3o, concurseiros e\/ou em atividade profissional","author":"mundobibliotecario","date":"21\/08\/2017","format":false,"excerpt":"01.\u00a0Herramientas de preservaci\u00f3n en DSpace: conversi\u00f3n a XML\u00a0-\u00a0\u00a0Joel Torres \u2013 30h\/30 dias -\u00a0C\u00f3mo facilitar los procesos de preservaci\u00f3n digital en DSpace a trav\u00e9s del uso de herramientas de conversi\u00f3n desde formatos tradicionales hacia el formato XML 02.\u00a0Convert2XML: herramienta de conversi\u00f3n a XML JATS integrada a OJS\u00a0- Araceli Olivo \u2013 30h\/30\u2026","rel":"","context":"Em &quot;Curso&quot;","block_context":{"text":"Curso","link":"https:\/\/mundobibliotecario.com.br\/index.php\/category\/curso\/"},"img":{"alt_text":"","src":"","width":0,"height":0},"classes":[]}],"jetpack_likes_enabled":true,"jetpack_shortlink":"https:\/\/wp.me\/pcbzwa-wG","_links":{"self":[{"href":"https:\/\/mundobibliotecario.com.br\/index.php\/wp-json\/wp\/v2\/posts\/2026","targetHints":{"allow":["GET"]}}],"collection":[{"href":"https:\/\/mundobibliotecario.com.br\/index.php\/wp-json\/wp\/v2\/posts"}],"about":[{"href":"https:\/\/mundobibliotecario.com.br\/index.php\/wp-json\/wp\/v2\/types\/post"}],"author":[{"embeddable":true,"href":"https:\/\/mundobibliotecario.com.br\/index.php\/wp-json\/wp\/v2\/users\/1"}],"replies":[{"embeddable":true,"href":"https:\/\/mundobibliotecario.com.br\/index.php\/wp-json\/wp\/v2\/comments?post=2026"}],"version-history":[{"count":3,"href":"https:\/\/mundobibliotecario.com.br\/index.php\/wp-json\/wp\/v2\/posts\/2026\/revisions"}],"predecessor-version":[{"id":6303,"href":"https:\/\/mundobibliotecario.com.br\/index.php\/wp-json\/wp\/v2\/posts\/2026\/revisions\/6303"}],"wp:attachment":[{"href":"https:\/\/mundobibliotecario.com.br\/index.php\/wp-json\/wp\/v2\/media?parent=2026"}],"wp:term":[{"taxonomy":"category","embeddable":true,"href":"https:\/\/mundobibliotecario.com.br\/index.php\/wp-json\/wp\/v2\/categories?post=2026"},{"taxonomy":"post_tag","embeddable":true,"href":"https:\/\/mundobibliotecario.com.br\/index.php\/wp-json\/wp\/v2\/tags?post=2026"}],"curies":[{"name":"wp","href":"https:\/\/api.w.org\/{rel}","templated":true}]}}