{"id":2056,"date":"2011-05-30T09:20:59","date_gmt":"2011-05-30T12:20:59","guid":{"rendered":"http:\/\/mundobibliotecario.wordpress.com\/?p=2056"},"modified":"2020-07-21T23:22:28","modified_gmt":"2020-07-22T02:22:28","slug":"sparc-lanca-guia-para-auxiliar-a-edicao-de-revistas-oa","status":"publish","type":"post","link":"https:\/\/mundobibliotecario.com.br\/index.php\/2011\/05\/30\/sparc-lanca-guia-para-auxiliar-a-edicao-de-revistas-oa\/","title":{"rendered":"SPARC lan\u00e7a guia para auxiliar a edi\u00e7\u00e3o de revistas OA"},"content":{"rendered":"<p>SPARC \u2013 Scholarly Publishing and Academic Resources Coalition, alian\u00e7a internacional de bibliotecas acad\u00eamicas e de pesquisa, lan\u00e7ou no \u00faltimo dia 26 de Maio de 2011 um \u00edndice\u00a0ou guia de recursos para a edi\u00e7\u00e3o de revistas Open Access, ou seja, revistas de acesso livre. Este guia cont\u00e9m documentos capazes de ajudar as bibliotecas, editoras e outras unidades no campus universit\u00e1rio a tornar amplamente dispon\u00edvel, de forma conjunta, o trabalho do pesquisador.<\/p>\n<p>Neste guia os interessados poder\u00e3o encontrar documentos para:<\/p>\n<blockquote><p>1. o planejamento de uma nova revista cient\u00edfica de acesso livre,<br \/>\n2. a elabora\u00e7\u00e3o de pol\u00edticas editoriais,<br \/>\n3. a governan\u00e7a de quest\u00f5es relacionadas \u00e0 edi\u00e7\u00e3o da revista,<br \/>\n4. quest\u00f5es editoriais como o estabelecimento do comit\u00ea editorial e sua estrutura, pol\u00edticas de revis\u00e3o por pares etc,<br \/>\n5. a promo\u00e7\u00e3o e marketing,<br \/>\n6. a escolha da plataforma tecnol\u00f3gica,<br \/>\n7. o planejamento e sustentabiblidade,<br \/>\n8. uma lista de recursos.<\/p><\/blockquote>\n<p>Trata-se de um excelente material de suporte \u00e0 cria\u00e7\u00e3o, lan\u00e7amento e manuten\u00e7\u00e3o de uma revista cient\u00edfica de acesso livre.<\/p>\n<p>Dispon\u00edvel em: &lt;<a href=\"http:\/\/kuramoto.wordpress.com\/2011\/05\/29\/sparc-lanca-um-guia-para-auxiliar-a-edicao-de-revistas-oa\/\">http:\/\/kuramoto.wordpress.com\/2011\/05\/29\/sparc-lanca-um-guia-para-auxiliar-a-edicao-de-revistas-oa\/<\/a>&gt;. Acesso em: 30 mai. 2011.<\/p>\n","protected":false},"excerpt":{"rendered":"<p>SPARC \u2013 Scholarly Publishing and Academic Resources Coalition, alian\u00e7a internacional de bibliotecas acad\u00eamicas e de pesquisa, lan\u00e7ou no \u00faltimo dia 26 de Maio de 2011 um \u00edndice\u00a0ou guia de recursos para a edi\u00e7\u00e3o de revistas Open Access, ou seja, revistas de acesso livre. Este guia cont\u00e9m documentos capazes de ajudar as bibliotecas, editoras e outras &#8230; <a title=\"SPARC lan\u00e7a guia para auxiliar a edi\u00e7\u00e3o de revistas OA\" class=\"read-more\" href=\"https:\/\/mundobibliotecario.com.br\/index.php\/2011\/05\/30\/sparc-lanca-guia-para-auxiliar-a-edicao-de-revistas-oa\/\" aria-label=\"Read more about SPARC lan\u00e7a guia para auxiliar a edi\u00e7\u00e3o de revistas OA\">Ler mais<\/a><\/p>\n","protected":false},"author":1,"featured_media":0,"comment_status":"open","ping_status":"open","sticky":false,"template":"","format":"standard","meta":{"_mi_skip_tracking":false,"_exactmetrics_sitenote_active":false,"_exactmetrics_sitenote_note":"","_exactmetrics_sitenote_category":0,"_jetpack_newsletter_access":"","footnotes":""},"categories":[60],"tags":[688],"class_list":["post-2056","post","type-post","status-publish","format-standard","hentry","category-noticias","tag-acesso-livre"],"jetpack_featured_media_url":"","jetpack_sharing_enabled":true,"jetpack-related-posts":[{"id":3637,"url":"https:\/\/mundobibliotecario.com.br\/index.php\/2014\/11\/12\/how-open-is-it-espetro-do-acesso-aberto\/","url_meta":{"origin":2056,"position":0},"title":"How open is it? Espetro do acesso aberto","author":"mundobibliotecario","date":"12\/11\/2014","format":false,"excerpt":"Divulgo abaixo o guia \"How open is it?\", publicado por SPARC, PLOS e OASPA. Segue um trecho do texto do documento: Como usar este guia Em 2002, a Iniciativa de Acesso Aberto de Budapeste definiu os princ\u00edpios b\u00e1sicos do Acesso Aberto pela primeira vez. Desde ent\u00e3o, milhares de revistas cient\u00edficas\u2026","rel":"","context":"Em &quot;Not\u00edcias&quot;","block_context":{"text":"Not\u00edcias","link":"https:\/\/mundobibliotecario.com.br\/index.php\/category\/noticias\/"},"img":{"alt_text":"","src":"","width":0,"height":0},"classes":[]},{"id":2595,"url":"https:\/\/mundobibliotecario.com.br\/index.php\/2012\/05\/24\/biblioteca-escolar-em-revista-ja-esta-disponivel\/","url_meta":{"origin":2056,"position":1},"title":"Biblioteca Escolar em Revista j\u00e1 est\u00e1 dispon\u00edvel","author":"mundobibliotecario","date":"24\/05\/2012","format":false,"excerpt":"Encontra-se dispon\u00edvel o v.1, n.1 da Revista Biblioteca Escolar em Revista cujo lan\u00e7amento oficial ocorrer\u00e1 na UFMG, durante o 1\u00ba F\u00f3rum de Pesquisa em Biblioteca Escolar que acontecer\u00e1 nos dias 24 e 25 de maio. \u00c9 uma revista semestral da Faculdade de Filosofia, Ci\u00eancias e Letras \/ USP-Ribeir\u00e3o Preto que\u2026","rel":"","context":"Em &quot;Not\u00edcias&quot;","block_context":{"text":"Not\u00edcias","link":"https:\/\/mundobibliotecario.com.br\/index.php\/category\/noticias\/"},"img":{"alt_text":"","src":"","width":0,"height":0},"classes":[]},{"id":3187,"url":"https:\/\/mundobibliotecario.com.br\/index.php\/2013\/08\/01\/estudo-revela-que-interdisciplinaridade-ganha-espaco-na-pesquisa-cientifica\/","url_meta":{"origin":2056,"position":2},"title":"Estudo revela que interdisciplinaridade ganha espa\u00e7o na pesquisa cient\u00edfica","author":"mundobibliotecario","date":"01\/08\/2013","format":false,"excerpt":"Um estudo realizado por pesquisadores do Instituto de Ci\u00eancias Matem\u00e1ticas e da Computa\u00e7\u00e3o (ICMC) e do Instituto de F\u00edsica de S\u00e3o Carlos (IFSC), ambos da USP, aponta que, quantitativamente, os campos da ci\u00eancia est\u00e3o se tornando cada vez mais abrangentes, com o grau de interdisciplinaridade (entropia) intimamente ligado ao fator\u2026","rel":"","context":"Em &quot;Not\u00edcias&quot;","block_context":{"text":"Not\u00edcias","link":"https:\/\/mundobibliotecario.com.br\/index.php\/category\/noticias\/"},"img":{"alt_text":"","src":"","width":0,"height":0},"classes":[]},{"id":4018,"url":"https:\/\/mundobibliotecario.com.br\/index.php\/2015\/10\/25\/para-que-todos-tomem-ciencia\/","url_meta":{"origin":2056,"position":3},"title":"Para que todos tomem ci\u00eancia","author":"mundobibliotecario","date":"25\/10\/2015","format":false,"excerpt":"Grande parte de textos de revistas cient\u00edficas se origina de pesquisas financiadas com recursos p\u00fablicos POR PAULO GUANAES \/ HOOMAN MOMEN 16\/09\/2015 0:00 PUBLICIDADE Ao estabelecer em mar\u00e7o de 2014 a sua Pol\u00edtica de Acesso Aberto ao Conhecimento, a Funda\u00e7\u00e3o Oswaldo Cruz (Fiocruz) buscou garantir \u00e0 sociedade a consulta livre\u2026","rel":"","context":"Em &quot;Not\u00edcias&quot;","block_context":{"text":"Not\u00edcias","link":"https:\/\/mundobibliotecario.com.br\/index.php\/category\/noticias\/"},"img":{"alt_text":"","src":"","width":0,"height":0},"classes":[]},{"id":9550,"url":"https:\/\/mundobibliotecario.com.br\/index.php\/2021\/10\/22\/mast-e-unirio-lancam-a-segunda-edicao-de-2021-da-revista-museologia-e-patrimonio\/","url_meta":{"origin":2056,"position":4},"title":"MAST e UNIRIO lan\u00e7am a segunda edi\u00e7\u00e3o de 2021 da &#8216;Revista Museologia e Patrim\u00f4nio&#8217;","author":"mundobibliotecario","date":"22\/10\/2021","format":false,"excerpt":"Revista Museologia e Patrim\u00f4nio \u2013 Segunda edi\u00e7\u00e3o de 2021 Novo n\u00famero da publica\u00e7\u00e3o eletr\u00f4nica lan\u00e7ada pelo MAST e UNIRIO apresenta conte\u00fados bem fundamentados e esclarecedores no \u00e2mbito da Museologia e dos estudos sobre Patrim\u00f4nio O Programa de P\u00f3s-Gradua\u00e7\u00e3o em Museologia e Patrim\u00f4nio (PPG-PGMUS), da\u00a0Universidade Federal do Estado do Rio de\u2026","rel":"","context":"Em &quot;Not\u00edcias&quot;","block_context":{"text":"Not\u00edcias","link":"https:\/\/mundobibliotecario.com.br\/index.php\/category\/noticias\/"},"img":{"alt_text":"","src":"https:\/\/i0.wp.com\/mundobibliotecario.com.br\/wp-content\/uploads\/2021\/10\/Revista-Museologia_patrimonio-2a-edicao-2021.jpg?resize=350%2C200&ssl=1","width":350,"height":200},"classes":[]},{"id":661,"url":"https:\/\/mundobibliotecario.com.br\/index.php\/2009\/05\/27\/documento-em-revista-edicao-1\/","url_meta":{"origin":2056,"position":5},"title":"Documento em Revista &#8211; edi\u00e7\u00e3o 1","author":"mundobibliotecario","date":"27\/05\/2009","format":false,"excerpt":"J\u00e1 esta a venda o peri\u00f3dico Documento em Revista edi\u00e7\u00e3o 1, a aquisi\u00e7\u00e3o \u00e9 realizada no site www.documentoemrevista.com.br na se\u00e7\u00e3o compre aqui, no mesmo local tamb\u00e9m h\u00e1 a op\u00e7\u00e3o de assinatura anual (6 edi\u00e7\u00f5es), o pagamento \u00e9 realizado por boleto banc\u00e1rio e o envio do exemplar \u00e9 pelos correios. Disponibilizamos\u2026","rel":"","context":"Em &quot;Not\u00edcias&quot;","block_context":{"text":"Not\u00edcias","link":"https:\/\/mundobibliotecario.com.br\/index.php\/category\/noticias\/"},"img":{"alt_text":"","src":"","width":0,"height":0},"classes":[]}],"jetpack_likes_enabled":true,"jetpack_shortlink":"https:\/\/wp.me\/pcbzwa-xa","_links":{"self":[{"href":"https:\/\/mundobibliotecario.com.br\/index.php\/wp-json\/wp\/v2\/posts\/2056","targetHints":{"allow":["GET"]}}],"collection":[{"href":"https:\/\/mundobibliotecario.com.br\/index.php\/wp-json\/wp\/v2\/posts"}],"about":[{"href":"https:\/\/mundobibliotecario.com.br\/index.php\/wp-json\/wp\/v2\/types\/post"}],"author":[{"embeddable":true,"href":"https:\/\/mundobibliotecario.com.br\/index.php\/wp-json\/wp\/v2\/users\/1"}],"replies":[{"embeddable":true,"href":"https:\/\/mundobibliotecario.com.br\/index.php\/wp-json\/wp\/v2\/comments?post=2056"}],"version-history":[{"count":2,"href":"https:\/\/mundobibliotecario.com.br\/index.php\/wp-json\/wp\/v2\/posts\/2056\/revisions"}],"predecessor-version":[{"id":6284,"href":"https:\/\/mundobibliotecario.com.br\/index.php\/wp-json\/wp\/v2\/posts\/2056\/revisions\/6284"}],"wp:attachment":[{"href":"https:\/\/mundobibliotecario.com.br\/index.php\/wp-json\/wp\/v2\/media?parent=2056"}],"wp:term":[{"taxonomy":"category","embeddable":true,"href":"https:\/\/mundobibliotecario.com.br\/index.php\/wp-json\/wp\/v2\/categories?post=2056"},{"taxonomy":"post_tag","embeddable":true,"href":"https:\/\/mundobibliotecario.com.br\/index.php\/wp-json\/wp\/v2\/tags?post=2056"}],"curies":[{"name":"wp","href":"https:\/\/api.w.org\/{rel}","templated":true}]}}