{"id":2133,"date":"2011-07-19T17:29:11","date_gmt":"2011-07-19T20:29:11","guid":{"rendered":"http:\/\/mundobibliotecario.wordpress.com\/?p=2133"},"modified":"2011-07-19T17:29:11","modified_gmt":"2011-07-19T20:29:11","slug":"video-box-nucleo-de-pesquisa-da-usp-coleta-depoimentos-em-video-sobre-censura-em-evento-internacional-de-comunicacao","status":"publish","type":"post","link":"https:\/\/mundobibliotecario.com.br\/index.php\/2011\/07\/19\/video-box-nucleo-de-pesquisa-da-usp-coleta-depoimentos-em-video-sobre-censura-em-evento-internacional-de-comunicacao\/","title":{"rendered":"V\u00eddeo Box &#8211; N\u00facleo de Pesquisa da USP coleta depoimentos em v\u00eddeo sobre censura em evento Internacional de Comunica\u00e7\u00e3o"},"content":{"rendered":"<p>Trata-se de uma experi\u00eancia inovadora de capta\u00e7\u00e3o de depoimentos e opini\u00f5es sobre o tema Censura e Liberdade de Express\u00e3o.<\/p>\n<p>Em um ambiente controlado, isolado ac\u00fastica e visualmente, o indiv\u00edduo \u00e9 confrontado com um tema que tem que desenvolver diante da c\u00e2mera por um per\u00edodo pr\u00e9-determinado de tempo.<\/p>\n<p>A experi\u00eancia foi elaborada pelo NPCC &#8211; N\u00facleo de Pesquisa em Comunica\u00e7\u00e3o e Censura, que tem sua sede na Escola de Comunica\u00e7\u00f5es e Artes da USP e se dedica a pesquisas sobre censura e liberdade de express\u00e3o nas artes e nos meios de comunica\u00e7\u00e3o, como jornais, r\u00e1dios, e TVs, no Brasil e em outros pa\u00edses.<\/p>\n<p>O Projeto de Videoentrevistas iniciou-se em 2009 dentro do n\u00facleo sob coordena\u00e7\u00e3o do Prof. Cesar Bargo Perez e orienta\u00e7\u00e3o geral da Profa. Dra. Cristina Castilho Costa. At\u00e9 2011 j\u00e1 foram feitas 42 entrevistas em diferentes abordagens: uma linguagem de tomada de opini\u00e3o, em ambiente p\u00fablico; entrevistas tem\u00e1ticas feitas junto a artistas circenses; e de cunho testemunhal, realizadas junto a juristas, jornalistas, professores universit\u00e1rios, entre outros profissionais, a partir de suas viv\u00eancias nos Anos de Chumbo. O intuito primeiro das entrevistas \u00e9 o de captar a opini\u00e3o dos entrevistados sobre a censura atrav\u00e9s das lentes da c\u00e2mera de v\u00eddeo As entrevistas est\u00e3o dispon\u00edveis no endere\u00e7o <a href=\"http:\/\/npcc.vitis.uspnet.usp.br\/?q=videoentrevista\">http:\/\/npcc.vitis.uspnet.usp.br\/?q=videoentrevista<\/a>.<\/p>\n<p>Aproveite para participar dessa experi\u00eancia. Venha dar a sua opini\u00e3o sobre o tema! A <strong><em>video box<\/em><\/strong> estar\u00e1 instalada na entrada do bloco central da Escola de Comunica\u00e7\u00f5es e Artes (ECA\/USP), nos dias 1 e 2 de agosto, durante o Confibercom 2011 \u2013 1\u00ba Congresso Mundial de Comunica\u00e7\u00e3o Ibero-Americana. <strong>Participe!<\/strong><\/p>\n<p><strong>Local: <\/strong>Pr\u00e9dio Central da Escola de Comunica\u00e7\u00f5es e Artes &#8211; USP<\/p>\n<p><strong>Dias: <\/strong>1 e 2 de agosto de 2011<\/p>\n<p><strong>Atividade Gratuita<\/strong><\/p>\n","protected":false},"excerpt":{"rendered":"<p>Trata-se de uma experi\u00eancia inovadora de capta\u00e7\u00e3o de depoimentos e opini\u00f5es sobre o tema Censura e Liberdade de Express\u00e3o. Em um ambiente controlado, isolado ac\u00fastica e visualmente, o indiv\u00edduo \u00e9 confrontado com um tema que tem que desenvolver diante da c\u00e2mera por um per\u00edodo pr\u00e9-determinado de tempo. A experi\u00eancia foi elaborada pelo NPCC &#8211; N\u00facleo &#8230; <a title=\"V\u00eddeo Box &#8211; N\u00facleo de Pesquisa da USP coleta depoimentos em v\u00eddeo sobre censura em evento Internacional de Comunica\u00e7\u00e3o\" class=\"read-more\" href=\"https:\/\/mundobibliotecario.com.br\/index.php\/2011\/07\/19\/video-box-nucleo-de-pesquisa-da-usp-coleta-depoimentos-em-video-sobre-censura-em-evento-internacional-de-comunicacao\/\" aria-label=\"Read more about V\u00eddeo Box &#8211; N\u00facleo de Pesquisa da USP coleta depoimentos em v\u00eddeo sobre censura em evento Internacional de Comunica\u00e7\u00e3o\">Ler mais<\/a><\/p>\n","protected":false},"author":1,"featured_media":0,"comment_status":"open","ping_status":"open","sticky":false,"template":"","format":"standard","meta":{"_mi_skip_tracking":false,"_exactmetrics_sitenote_active":false,"_exactmetrics_sitenote_note":"","_exactmetrics_sitenote_category":0,"_jetpack_newsletter_access":"","footnotes":""},"categories":[27],"tags":[1320,706,788,325],"class_list":["post-2133","post","type-post","status-publish","format-standard","hentry","category-eventos","tag-1o-congresso-mundial-de-comunicacao-ibero-americana","tag-censura","tag-comunicacao","tag-eca-usp"],"jetpack_featured_media_url":"","jetpack_sharing_enabled":true,"jetpack-related-posts":[{"id":2168,"url":"https:\/\/mundobibliotecario.com.br\/index.php\/2011\/09\/02\/seminario-travessias-o-modernismo-luso-brasileiro-entre-liberdades-e-interdicoes\/","url_meta":{"origin":2133,"position":0},"title":"Semin\u00e1rio \u201cTravessias: o modernismo luso-brasileiro entre liberdades e interdi\u00e7\u00f5es\u201d","author":"mundobibliotecario","date":"02\/09\/2011","format":false,"excerpt":"Travessias: o modernismo luso-brasileiro entre liberdades e interdi\u00e7\u00f5es O N\u00facleo de Pesquisa em Comunica\u00e7\u00e3o e Censura (NPCC) da Escola de Comunica\u00e7\u00f5es e Artes da Universidade de S\u00e3o Paulo (ECA-USP) promove, entre os dias 14 e 16 de setembro, o semin\u00e1rio \"Travessias: o modernismo luso-brasileiro entre liberdades e interdi\u00e7\u00f5es\". A proposta\u2026","rel":"","context":"Em &quot;Eventos&quot;","block_context":{"text":"Eventos","link":"https:\/\/mundobibliotecario.com.br\/index.php\/category\/eventos\/"},"img":{"alt_text":"","src":"","width":0,"height":0},"classes":[]},{"id":2607,"url":"https:\/\/mundobibliotecario.com.br\/index.php\/2012\/06\/07\/envio-de-trabalhos-para-o-intercom-2012\/","url_meta":{"origin":2133,"position":1},"title":"Envio de trabalhos para o Intercom 2012","author":"mundobibliotecario","date":"07\/06\/2012","format":false,"excerpt":"Ol\u00e1 Eduardo, Fa\u00e7o parte do n\u00facleo de pesquisa em comunica\u00e7\u00e3o e censura da ECA\/USP e gostaria de saber se h\u00e1 possibilidade de divulga\u00e7\u00e3o da seguinte not\u00edcia: \u201cO GP da Intercom \u201cComunica\u00e7\u00e3o, m\u00eddias e liberdade de express\u00e3o\u201d aguarda inscri\u00e7\u00e3o de trabalhos para o pr\u00f3ximo congresso em Fortaleza, cujo tema central ser\u00e1\u2026","rel":"","context":"Em &quot;Eventos&quot;","block_context":{"text":"Eventos","link":"https:\/\/mundobibliotecario.com.br\/index.php\/category\/eventos\/"},"img":{"alt_text":"","src":"","width":0,"height":0},"classes":[]},{"id":2493,"url":"https:\/\/mundobibliotecario.com.br\/index.php\/2012\/03\/13\/vagas-para-bolsistas-de-iniciacao-cientifica-npccecausp\/","url_meta":{"origin":2133,"position":2},"title":"Vagas para bolsistas de Inicia\u00e7\u00e3o Cient\u00edfica &#8211; NPCC\/ECA\/USP","author":"mundobibliotecario","date":"13\/03\/2012","format":false,"excerpt":"Contribui\u00e7\u00e3o de Caio Lamas. *** Vagas para bolsistas de Inicia\u00e7\u00e3o Cient\u00edfica N\u00facleo de Pesquisa em Comunica\u00e7\u00e3o e Censura (NPCC) O N\u00facleo de Pesquisa em Comunica\u00e7\u00e3o e Censura (NPCC) da ECA\/USP est\u00e1 com vagas abertas para bolsistas de gradua\u00e7\u00e3o do segundo ao pen\u00faltimo ano. O objetivo do NPCC \u00e9 pesquisar a\u2026","rel":"","context":"Em &quot;Not\u00edcias&quot;","block_context":{"text":"Not\u00edcias","link":"https:\/\/mundobibliotecario.com.br\/index.php\/category\/noticias\/"},"img":{"alt_text":"","src":"","width":0,"height":0},"classes":[]},{"id":2103,"url":"https:\/\/mundobibliotecario.com.br\/index.php\/2011\/06\/29\/selecao-de-pos-doutoramento-em-gestao-da-informacao-ecausp\/","url_meta":{"origin":2133,"position":3},"title":"Sele\u00e7\u00e3o de P\u00f3s-Doutoramento em Gest\u00e3o da Informa\u00e7\u00e3o \u2013 ECA\/USP","author":"mundobibliotecario","date":"29\/06\/2011","format":false,"excerpt":"O Projeto Tem\u00e1tico Comunica\u00e7\u00e3o e Censura: an\u00e1lise te\u00f3rica e documental de processos cens\u00f3rios a partir do Arquivo Miroel Silveira da ECA\/USP (processo Fapesp 08\/56709-0), abre inscri\u00e7\u00f5es para bolsa de P\u00f3s-Doutoramento em Gerenciamento de Projetos. Tendo se iniciado em agosto de 2009 e com encerramento previsto para julho de 2013, visa\u2026","rel":"","context":"Em &quot;Not\u00edcias&quot;","block_context":{"text":"Not\u00edcias","link":"https:\/\/mundobibliotecario.com.br\/index.php\/category\/noticias\/"},"img":{"alt_text":"","src":"","width":0,"height":0},"classes":[]},{"id":1095,"url":"https:\/\/mundobibliotecario.com.br\/index.php\/2010\/02\/09\/fapesp-selecao-de-pos-doutoramento-em-gestao-da-informacao\/","url_meta":{"origin":2133,"position":4},"title":"FAPESP &#8211; Sele\u00e7\u00e3o de P\u00f3s-Doutoramento em Gest\u00e3o da Informa\u00e7\u00e3o","author":"mundobibliotecario","date":"09\/02\/2010","format":false,"excerpt":"Oportunidades de bolsa N\u00ba: 113 T\u00edtulo: Sele\u00e7\u00e3o de P\u00f3s-Doutoramento em Gest\u00e3o da Informa\u00e7\u00e3o \u00c1rea de atua\u00e7\u00e3o: Ci\u00eancias Sociais Aplicadas N\u00ba do processo FAPESP: 08\/56709-0 T\u00edtulo do projeto: Comunica\u00e7\u00e3o e Censura: an\u00e1lise te\u00f3rica e documental de processos sens\u00f3rios a partir do Arquivo Miroel Silveira da ECA\/USP \u00c1rea de conhecimento: Comunica\u00e7\u00e3o Pesquisador\u2026","rel":"","context":"Em &quot;Curso de P\u00f3s-Gradua\u00e7\u00e3o&quot;","block_context":{"text":"Curso de P\u00f3s-Gradua\u00e7\u00e3o","link":"https:\/\/mundobibliotecario.com.br\/index.php\/category\/curso-de-pos-graduacao\/"},"img":{"alt_text":"","src":"","width":0,"height":0},"classes":[]},{"id":2604,"url":"https:\/\/mundobibliotecario.com.br\/index.php\/2012\/06\/07\/xxxv-congresso-brasileiro-de-ciencias-da-comunicacao-2012\/","url_meta":{"origin":2133,"position":5},"title":"XXXV Congresso Brasileiro de Ci\u00eancias da Comunica\u00e7\u00e3o &#8211; 2012","author":"mundobibliotecario","date":"07\/06\/2012","format":false,"excerpt":"Ol\u00e1 Eduardo, Corrigindo, a publica\u00e7\u00e3o \u00e9 a seguinte: Intercom 2012 Tema central: Esportes na Idade M\u00eddia \u2013 divers\u00e3o, informa\u00e7\u00e3o e educa\u00e7\u00e3o O GP da Intercom \u201cComunica\u00e7\u00e3o, m\u00eddias e liberdade de express\u00e3o\u201d aguarda inscri\u00e7\u00e3o de trabalhos para o pr\u00f3ximo congresso em Fortaleza, cujo tema central ser\u00e1 Esportes na Idade M\u00eddia: divers\u00e3o,\u2026","rel":"","context":"Em &quot;Eventos&quot;","block_context":{"text":"Eventos","link":"https:\/\/mundobibliotecario.com.br\/index.php\/category\/eventos\/"},"img":{"alt_text":"","src":"","width":0,"height":0},"classes":[]}],"jetpack_likes_enabled":true,"jetpack_shortlink":"https:\/\/wp.me\/pcbzwa-yp","_links":{"self":[{"href":"https:\/\/mundobibliotecario.com.br\/index.php\/wp-json\/wp\/v2\/posts\/2133","targetHints":{"allow":["GET"]}}],"collection":[{"href":"https:\/\/mundobibliotecario.com.br\/index.php\/wp-json\/wp\/v2\/posts"}],"about":[{"href":"https:\/\/mundobibliotecario.com.br\/index.php\/wp-json\/wp\/v2\/types\/post"}],"author":[{"embeddable":true,"href":"https:\/\/mundobibliotecario.com.br\/index.php\/wp-json\/wp\/v2\/users\/1"}],"replies":[{"embeddable":true,"href":"https:\/\/mundobibliotecario.com.br\/index.php\/wp-json\/wp\/v2\/comments?post=2133"}],"version-history":[{"count":0,"href":"https:\/\/mundobibliotecario.com.br\/index.php\/wp-json\/wp\/v2\/posts\/2133\/revisions"}],"wp:attachment":[{"href":"https:\/\/mundobibliotecario.com.br\/index.php\/wp-json\/wp\/v2\/media?parent=2133"}],"wp:term":[{"taxonomy":"category","embeddable":true,"href":"https:\/\/mundobibliotecario.com.br\/index.php\/wp-json\/wp\/v2\/categories?post=2133"},{"taxonomy":"post_tag","embeddable":true,"href":"https:\/\/mundobibliotecario.com.br\/index.php\/wp-json\/wp\/v2\/tags?post=2133"}],"curies":[{"name":"wp","href":"https:\/\/api.w.org\/{rel}","templated":true}]}}