{"id":2157,"date":"2011-08-23T21:19:06","date_gmt":"2011-08-24T00:19:06","guid":{"rendered":"http:\/\/mundobibliotecario.wordpress.com\/?p=2157"},"modified":"2020-07-21T23:22:25","modified_gmt":"2020-07-22T02:22:25","slug":"selecao-para-o-mestrado-e-o-doutorado-em-ciencia-da-informacao-ibict-ufrj","status":"publish","type":"post","link":"https:\/\/mundobibliotecario.com.br\/index.php\/2011\/08\/23\/selecao-para-o-mestrado-e-o-doutorado-em-ciencia-da-informacao-ibict-ufrj\/","title":{"rendered":"Sele\u00e7\u00e3o para o Mestrado e o Doutorado em Ci\u00eancia da Informa\u00e7\u00e3o (IBICT-UFRJ)"},"content":{"rendered":"<div>\n<div>No per\u00edodo de 29 de agosto a 26 de setembro estar\u00e3o abertas as inscri\u00e7\u00f5es para o processo de sele\u00e7\u00e3o dos cursos de Mestrado e de Doutorado do Programa de P\u00f3s-Gradua\u00e7\u00e3o em Ci\u00eancia da Informa\u00e7\u00e3o &#8211; PPGCI (IBICT-UFRJ).\u00a0 Os editais e ficha de inscri\u00e7\u00e3o para o Mestrado encontram-se em:<\/div>\n<div>http:\/\/www.ppgci.ufrj.br\/index.php?option=com_phocadownload&amp;view=section&amp;id=7&amp;Itemid=89 ;\u00a0<br \/>\ne para o Doutorado encontram-se em:<br \/>\n<a href=\"http:\/\/www.ppgci.ufrj.br\/index.php?option=com_phocadownload&amp;view=section&amp;id=8&amp;Itemid=90\" rel=\"nofollow noopener noreferrer\" target=\"_blank\">http:\/\/www.ppgci.ufrj.br<\/a><a href=\"http:\/\/www.ppgci.ufrj.br\/index.php?option=com_phocadownload&amp;view=section&amp;id=8&amp;Itemid=90\" rel=\"nofollow noopener noreferrer\" target=\"_blank\">\/index.php?option=comphocadownload&amp;view=section&amp;id=8&amp;Itemid=90<\/a><\/div>\n<p><a href=\"http:\/\/mundobibliotecario.com.br\/index.php\/2011\/08\/23\/selecao-para-o-mestrado-e-o-doutorado-em-ciencia-da-informacao-ibict-ufrj\/\">((\u2022)) Ou\u00e7a este post<\/a><\/p>\n<div>\u00a0<\/div>\n<\/div>\n<div>\n<div>Postado por c\u00e9lia c. dias \u00e0s <a title=\"permanent link\" href=\"http:\/\/fontesgerais.blogspot.com\/2011\/08\/selecao-para-o-mestrado-e-o-doutorado.html\" rel=\"bookmark\"><abbr title=\"2011-08-22T09:49:00-03:00\">09:49:00<\/abbr><\/a><\/div>\n<div>\u00a0<\/div>\n<div>Dispon\u00edvel em: &lt;<a href=\"http:\/\/fontesgerais.blogspot.com\/2011\/08\/selecao-para-o-mestrado-e-o-doutorado.html\">http:\/\/fontesgerais.blogspot.com\/2011\/08\/selecao-para-o-mestrado-e-o-doutorado.html<\/a>&gt;. Acesso em: 22 ago. 2011.<\/div>\n<\/div>\n","protected":false},"excerpt":{"rendered":"<p>No per\u00edodo de 29 de agosto a 26 de setembro estar\u00e3o abertas as inscri\u00e7\u00f5es para o processo de sele\u00e7\u00e3o dos cursos de Mestrado e de Doutorado do Programa de P\u00f3s-Gradua\u00e7\u00e3o em Ci\u00eancia da Informa\u00e7\u00e3o &#8211; PPGCI (IBICT-UFRJ).\u00a0 Os editais e ficha de inscri\u00e7\u00e3o para o Mestrado encontram-se em: http:\/\/www.ppgci.ufrj.br\/index.php?option=com_phocadownload&amp;view=section&amp;id=7&amp;Itemid=89 ;\u00a0 e para o Doutorado encontram-se &#8230; <a title=\"Sele\u00e7\u00e3o para o Mestrado e o Doutorado em Ci\u00eancia da Informa\u00e7\u00e3o (IBICT-UFRJ)\" class=\"read-more\" href=\"https:\/\/mundobibliotecario.com.br\/index.php\/2011\/08\/23\/selecao-para-o-mestrado-e-o-doutorado-em-ciencia-da-informacao-ibict-ufrj\/\" aria-label=\"Read more about Sele\u00e7\u00e3o para o Mestrado e o Doutorado em Ci\u00eancia da Informa\u00e7\u00e3o (IBICT-UFRJ)\">Ler mais<\/a><\/p>\n","protected":false},"author":1,"featured_media":0,"comment_status":"open","ping_status":"open","sticky":false,"template":"","format":"standard","meta":{"_mi_skip_tracking":false,"_exactmetrics_sitenote_active":false,"_exactmetrics_sitenote_note":"","_exactmetrics_sitenote_category":0,"_jetpack_newsletter_access":"","footnotes":""},"categories":[175],"tags":[790,40,518,438,791,250],"class_list":["post-2157","post","type-post","status-publish","format-standard","hentry","category-curso-de-pos-graduacao","tag-790","tag-ciencia-da-informacao","tag-doutorado","tag-ibict","tag-mestrado","tag-ufrj"],"jetpack_featured_media_url":"","jetpack_sharing_enabled":true,"jetpack-related-posts":[{"id":835,"url":"https:\/\/mundobibliotecario.com.br\/index.php\/2009\/08\/26\/programa-de-pos-graduacao-em-ciencia-da-informacao\/","url_meta":{"origin":2157,"position":0},"title":"Programa de P\u00f3s-gradua\u00e7\u00e3o em Ci\u00eancia da Informa\u00e7\u00e3o","author":"mundobibliotecario","date":"26\/08\/2009","format":false,"excerpt":"A partir de 28\/10\/2009 e at\u00e9 13\/11\/2009 estar\u00e3o abertas as inscri\u00e7\u00f5es para os cursos de mestrado e doutorado do Programa de P\u00f3s-gradua\u00e7\u00e3o em Ci\u00eancia da Informa\u00e7\u00e3o, mantido atrav\u00e9s do Conv\u00eanio IBICT - Faculdade de Administra\u00e7\u00e3o e Ci\u00eancias Cont\u00e1beis, da UFRJ. Os Editais poder\u00e3o ser vistos no ponto de acesso do\u2026","rel":"","context":"Em &quot;Curso de P\u00f3s-Gradua\u00e7\u00e3o&quot;","block_context":{"text":"Curso de P\u00f3s-Gradua\u00e7\u00e3o","link":"https:\/\/mundobibliotecario.com.br\/index.php\/category\/curso-de-pos-graduacao\/"},"img":{"alt_text":"","src":"","width":0,"height":0},"classes":[]},{"id":4700,"url":"https:\/\/mundobibliotecario.com.br\/index.php\/2018\/02\/26\/nota-de-falecimento-professor-aldo-barreto\/","url_meta":{"origin":2157,"position":1},"title":"Nota de falecimento &#8211; Professor Aldo Barreto","author":"mundobibliotecario","date":"26\/02\/2018","format":false,"excerpt":"Prof. Aldo Barreto Fonte:\u00a0http:\/\/www.ppgci.ufrj.br\/docentes\/aldo-de-albuquerque-barreto\/ \u00a0 Aos pesquisadores, professores, funcion\u00e1rios do IBICT e demais institui\u00e7\u00f5es de ensino e pesquisa,\u00a0\u00a0alunos e egressos do PPGCI ( IBICT-UFRJ), de outros Programas e profissionais\u00a0\u00a0de informa\u00e7\u00e3o do Brasil, Soube somente hoje e comunico, com muito pesar, o falecimento do Professor Aldo de Albuquerque Barreto, no \u00faltimo\u2026","rel":"","context":"Em &quot;Not\u00edcias&quot;","block_context":{"text":"Not\u00edcias","link":"https:\/\/mundobibliotecario.com.br\/index.php\/category\/noticias\/"},"img":{"alt_text":"","src":"","width":0,"height":0},"classes":[]},{"id":1119,"url":"https:\/\/mundobibliotecario.com.br\/index.php\/2010\/02\/19\/processo-seletivo-para-o-mestrado-academico-e-doutorado-unesp\/","url_meta":{"origin":2157,"position":2},"title":"Processo Seletivo para o Mestrado Acad\u00eamico e Doutorado &#8211; UNESP","author":"mundobibliotecario","date":"19\/02\/2010","format":false,"excerpt":"O Programa de P\u00f3s-Gradua\u00e7\u00e3o em Ci\u00eancia da Informa\u00e7\u00e3o (PPGCI) da Universidade Estadual Paulista (Unesp), Faculdade de Filosofia e Ci\u00eancias (FFC) - Campus de Mar\u00edlia, torna p\u00fablico que, de 01 de fevereiro a 01 de mar\u00e7o de 2010, estar\u00e3o abertas as inscri\u00e7\u00f5es para o Processo Seletivo para o Mestrado Acad\u00eamico e\u2026","rel":"","context":"Em &quot;Curso de P\u00f3s-Gradua\u00e7\u00e3o&quot;","block_context":{"text":"Curso de P\u00f3s-Gradua\u00e7\u00e3o","link":"https:\/\/mundobibliotecario.com.br\/index.php\/category\/curso-de-pos-graduacao\/"},"img":{"alt_text":"","src":"","width":0,"height":0},"classes":[]},{"id":3704,"url":"https:\/\/mundobibliotecario.com.br\/index.php\/2015\/04\/08\/resumo-da-palestra-a-pos-graduacao-em-ciencia-da-informacao-no-brasil\/","url_meta":{"origin":2157,"position":3},"title":"Resumo da palestra &quot;A P\u00f3s-Gradua\u00e7\u00e3o em Ci\u00eancia da Informa\u00e7\u00e3o no Brasil&quot;","author":"mundobibliotecario","date":"08\/04\/2015","format":false,"excerpt":"No dia 6\/4, o Departamento de Ci\u00eancia da Informa\u00e7\u00e3o da UFSCar promoveu a palestra\u00a0\"A P\u00f3s-Gradua\u00e7\u00e3o em Ci\u00eancia da Informa\u00e7\u00e3o no Brasil\", proferida pela Prof\u00aa Dr\u00aa Marisa Br\u00e4scher Basilio Medeiros, do\u00a0Departamento de Ci\u00eancia da Informa\u00e7\u00e3o da UFSC e\u00a0representante da \u00e1rea de Ci\u00eancia da Informa\u00e7\u00e3o na CAPES. A apresenta\u00e7\u00e3o teve in\u00edcio com\u2026","rel":"","context":"Em &quot;Eventos&quot;","block_context":{"text":"Eventos","link":"https:\/\/mundobibliotecario.com.br\/index.php\/category\/eventos\/"},"img":{"alt_text":"","src":"","width":0,"height":0},"classes":[]},{"id":4926,"url":"https:\/\/mundobibliotecario.com.br\/index.php\/2015\/04\/08\/resumo-da-palestra-a-pos-graduacao-em-ciencia-da-informacao-no-brasil-2\/","url_meta":{"origin":2157,"position":4},"title":"Resumo da palestra &#8220;A P\u00f3s-Gradua\u00e7\u00e3o em Ci\u00eancia da Informa\u00e7\u00e3o no Brasil&#8221;","author":"mundobibliotecario","date":"08\/04\/2015","format":false,"excerpt":"No dia 6\/4, o Departamento de Ci\u00eancia da Informa\u00e7\u00e3o da UFSCar promoveu a palestra\u00a0\"A P\u00f3s-Gradua\u00e7\u00e3o em Ci\u00eancia da Informa\u00e7\u00e3o no Brasil\", proferida pela Prof\u00aa Dr\u00aa Marisa Br\u00e4scher Basilio Medeiros, do\u00a0Departamento de Ci\u00eancia da Informa\u00e7\u00e3o da UFSC e\u00a0representante da \u00e1rea de Ci\u00eancia da Informa\u00e7\u00e3o na CAPES. A apresenta\u00e7\u00e3o teve in\u00edcio com\u2026","rel":"","context":"Em &quot;Eventos&quot;","block_context":{"text":"Eventos","link":"https:\/\/mundobibliotecario.com.br\/index.php\/category\/eventos\/"},"img":{"alt_text":"","src":"","width":0,"height":0},"classes":[]},{"id":2142,"url":"https:\/\/mundobibliotecario.com.br\/index.php\/2011\/08\/05\/selecao-para-o-mestrado-em-ciencia-da-informacao-ufsc-2012\/","url_meta":{"origin":2157,"position":5},"title":"Sele\u00e7\u00e3o para o mestrado em Ci\u00eancia da Informa\u00e7\u00e3o &#8211; UFSC 2012","author":"mundobibliotecario","date":"05\/08\/2011","format":false,"excerpt":"Estar\u00e3o abertas, de 12 a 21 de setembro de 2011, as inscri\u00e7\u00f5es a sele\u00e7\u00e3o para preenchimento de at\u00e9 20 vagas ao Curso de Mestrado em Ci\u00eancia da Informa\u00e7\u00e3o. Para mais informa\u00e7\u00f5es acesse o Edital 003\/PGCIN\/2011 (http:\/\/pgcin.paginas.ufsc.br\/processo-de-selecao\/).","rel":"","context":"Em &quot;Curso de P\u00f3s-Gradua\u00e7\u00e3o&quot;","block_context":{"text":"Curso de P\u00f3s-Gradua\u00e7\u00e3o","link":"https:\/\/mundobibliotecario.com.br\/index.php\/category\/curso-de-pos-graduacao\/"},"img":{"alt_text":"","src":"","width":0,"height":0},"classes":[]}],"jetpack_likes_enabled":true,"jetpack_shortlink":"https:\/\/wp.me\/pcbzwa-yN","_links":{"self":[{"href":"https:\/\/mundobibliotecario.com.br\/index.php\/wp-json\/wp\/v2\/posts\/2157","targetHints":{"allow":["GET"]}}],"collection":[{"href":"https:\/\/mundobibliotecario.com.br\/index.php\/wp-json\/wp\/v2\/posts"}],"about":[{"href":"https:\/\/mundobibliotecario.com.br\/index.php\/wp-json\/wp\/v2\/types\/post"}],"author":[{"embeddable":true,"href":"https:\/\/mundobibliotecario.com.br\/index.php\/wp-json\/wp\/v2\/users\/1"}],"replies":[{"embeddable":true,"href":"https:\/\/mundobibliotecario.com.br\/index.php\/wp-json\/wp\/v2\/comments?post=2157"}],"version-history":[{"count":2,"href":"https:\/\/mundobibliotecario.com.br\/index.php\/wp-json\/wp\/v2\/posts\/2157\/revisions"}],"predecessor-version":[{"id":6267,"href":"https:\/\/mundobibliotecario.com.br\/index.php\/wp-json\/wp\/v2\/posts\/2157\/revisions\/6267"}],"wp:attachment":[{"href":"https:\/\/mundobibliotecario.com.br\/index.php\/wp-json\/wp\/v2\/media?parent=2157"}],"wp:term":[{"taxonomy":"category","embeddable":true,"href":"https:\/\/mundobibliotecario.com.br\/index.php\/wp-json\/wp\/v2\/categories?post=2157"},{"taxonomy":"post_tag","embeddable":true,"href":"https:\/\/mundobibliotecario.com.br\/index.php\/wp-json\/wp\/v2\/tags?post=2157"}],"curies":[{"name":"wp","href":"https:\/\/api.w.org\/{rel}","templated":true}]}}