{"id":2160,"date":"2011-08-28T18:27:19","date_gmt":"2011-08-28T21:27:19","guid":{"rendered":"http:\/\/mundobibliotecario.wordpress.com\/?p=2160"},"modified":"2011-08-28T18:27:19","modified_gmt":"2011-08-28T21:27:19","slug":"trt-julga-dissidio-dos-bibliotecarios-e-confere-beneficios-a-classe","status":"publish","type":"post","link":"https:\/\/mundobibliotecario.com.br\/index.php\/2011\/08\/28\/trt-julga-dissidio-dos-bibliotecarios-e-confere-beneficios-a-classe\/","title":{"rendered":"TRT julga diss\u00eddio dos Bibliotec\u00e1rios e confere benef\u00edcios \u00e0 classe"},"content":{"rendered":"<p>Recebido por email&#8230;<\/p>\n<p>**********************<\/p>\n<p>O Sindicato, mesmo com poucos bibliotec\u00e1rios participando das assembl\u00e9ias tem algumas conquistas e agora passa a &#8220;abrigar&#8221; os correlatos (Cientistas da informa\u00e7\u00e3o, documentalistas, arquivistas, historiadores).<\/p>\n<p><strong><strong><\/strong><\/strong><strong><strong>TRT julga diss\u00eddio dos Bibliotec\u00e1rios e confere benef\u00edcios \u00e0 classe<\/strong><\/strong><\/p>\n<p>O <em>Tribunal Regional do Trabalho de S\u00e3o Paulo<\/em>, TRT\/SP, j<strong>ulgou procedente a maior parte das reivindica\u00e7\u00f5es dos bibliotec\u00e1rios e correlatos (cientistas da informa\u00e7\u00e3o, documentalistas,\u00a0arquivistas,\u00a0historiadores, auxiliares de bibliotecas e de centros de documenta\u00e7\u00e3o<\/strong>) aprovada em assembleias convocadas pelo <em>SinBiesp. <\/em><br \/>\nOs benef\u00edcios j\u00e1 est\u00e3o em vigor &#8211; devendo ser implantados DE IMEDIATO pelos empregadores &#8211; e s\u00e3o retroativos \u00e0 data de 1\u00ba de setembro de 2010. De acordo com <em>Delano Coimbra<\/em>, advogado do sindicato, os bibliotec\u00e1rios que n\u00e3o receberam os reajustes e demais benef\u00edcios conforme determinou o TRT devem procurar o <em>SinBiesp.<\/em><br \/>\nEntre os benef\u00edcios estabelecidos pelo tribunal est\u00e1 o novo piso salarial ou sal\u00e1rio normativo da categoria, que teve um reajuste de 5% aplicado ao anterior (R$ 1.633,00), levando o novo valor m\u00ednimo a ser pago para R$ 1.714,65. Este piso aplica-se\u00a0a todos os ramos de atividades, visto que foi julgado pela justi\u00e7a do trabalho. Al\u00e9m desse piso fixado pelo TRT, lembramos que permanecem em vigor at\u00e9 este m\u00eas de agosto de 2011 os\u00a0 pisos fixados nas conven\u00e7\u00f5es coletivas de trabalho firmadas com a\u00a0FIESP (R$ 1.731,00 no caso das ind\u00fastrias) e com a FECOMERCIO (R$ 1.750,00 no caso de empresas comerciais e de presta\u00e7\u00e3o de servi\u00e7os,\u00a0que abrange\u00a0escolas e escrit\u00f3rios de advocacia, entre outras).<br \/>\nPara as m\u00e3es, a categoria conseguiu avan\u00e7os como a licen\u00e7a-amamenta\u00e7\u00e3o de 4 semanas e reajustes no aux\u00edlio-creche \u2013 as que deixam seus filhos, at\u00e9 seis anos de idade, em creches, ter\u00e3o ajuda mensal de R$ 342,93. Al\u00e9m disso, as gestantes ter\u00e3o estabilidade no emprego durante 60 dias ap\u00f3s o t\u00e9rmino da licen\u00e7a-maternidade.<br \/>\nOs vales-refei\u00e7\u00e3o tiveram um ligeiro aumento e passaram para R$ 8,40. O adicional de horas extras \u00e9 agora de 100% e o adicional noturno, 50%.<br \/>\nOs profissionais que se ausentarem do trabalho por quest\u00f5es de sa\u00fade ter\u00e3o complementa\u00e7\u00e3o do aux\u00edlio-doen\u00e7a pelo empregador por at\u00e9 90 dias, al\u00e9m de garantia de emprego de at\u00e9dois meses ap\u00f3s o retorno.<br \/>\nOs bibliotec\u00e1rios que tiverem mais de 45 anos de idade ter\u00e3o aviso pr\u00e9vio de 45 dias. Os trabalhadores em fase de pr\u00e9-aposentadoria poder\u00e3o contar com garantia de emprego.<br \/>\nDe acordo com <em>Vera Stefanov<\/em>, presidente do <em>SinBiesp,<\/em> \u00e9 importante que os bibliotec\u00e1rios e correlatos compare\u00e7am \u00e0s assembleias para que as pautas de reivindica\u00e7\u00f5es representem de fato seus anseios. \u201cFoi nas assembleias que estabelecemos quais eram as metas priorit\u00e1rias e conquistamos importantes benef\u00edcios \u00e0 categoria\u201d, salientou Vera.<\/p>\n","protected":false},"excerpt":{"rendered":"<p>Recebido por email&#8230; ********************** O Sindicato, mesmo com poucos bibliotec\u00e1rios participando das assembl\u00e9ias tem algumas conquistas e agora passa a &#8220;abrigar&#8221; os correlatos (Cientistas da informa\u00e7\u00e3o, documentalistas, arquivistas, historiadores). TRT julga diss\u00eddio dos Bibliotec\u00e1rios e confere benef\u00edcios \u00e0 classe O Tribunal Regional do Trabalho de S\u00e3o Paulo, TRT\/SP, julgou procedente a maior parte das reivindica\u00e7\u00f5es &#8230; <a title=\"TRT julga diss\u00eddio dos Bibliotec\u00e1rios e confere benef\u00edcios \u00e0 classe\" class=\"read-more\" href=\"https:\/\/mundobibliotecario.com.br\/index.php\/2011\/08\/28\/trt-julga-dissidio-dos-bibliotecarios-e-confere-beneficios-a-classe\/\" aria-label=\"Read more about TRT julga diss\u00eddio dos Bibliotec\u00e1rios e confere benef\u00edcios \u00e0 classe\">Ler mais<\/a><\/p>\n","protected":false},"author":1,"featured_media":0,"comment_status":"open","ping_status":"open","sticky":false,"template":"","format":"standard","meta":{"_mi_skip_tracking":false,"_exactmetrics_sitenote_active":false,"_exactmetrics_sitenote_note":"","_exactmetrics_sitenote_category":0,"_jetpack_newsletter_access":"","footnotes":""},"categories":[468],"tags":[799],"class_list":["post-2160","post","type-post","status-publish","format-standard","hentry","category-nao-classificado","tag-sinbiesp"],"jetpack_featured_media_url":"","jetpack_sharing_enabled":true,"jetpack-related-posts":[{"id":1235,"url":"https:\/\/mundobibliotecario.com.br\/index.php\/2010\/04\/23\/vagas-para-bibliotecario-uffs\/","url_meta":{"origin":2160,"position":0},"title":"Vagas para Bibliotec\u00e1rio &#8211; UFFS","author":"mundobibliotecario","date":"23\/04\/2010","format":false,"excerpt":"UNIVERSIDADE FEDERAL DA FRONTEIRA SUL EDITAL N\u00ba 09\/2010 CONCURSO P\u00daBLICO PARA PROVIMENTO DE VAGAS CARGOS DA CARREIRA T\u00c9CNICO-ADMINISTRATIVA EM EDUCA\u00c7\u00c3O CARGO 2: BIBLIOTEC\u00c1RIO-DOCUMENTALISTA VENCIMENTO B\u00c1SICO: R$ 2.307,85 Vagas: 1 para Realeza PR; 1 para Laranjeiras do Sul PR CARGO 2: BIBLIOTEC\u00c1RIO-DOCUMENTALISTA REQUISITO DE QUALIFICA\u00c7\u00c3O PARA INGRESSO NO CARGO: \u2022 ESCOLARIDADE:\u2026","rel":"","context":"Em &quot;Concurso&quot;","block_context":{"text":"Concurso","link":"https:\/\/mundobibliotecario.com.br\/index.php\/category\/concurso\/"},"img":{"alt_text":"","src":"","width":0,"height":0},"classes":[]},{"id":3084,"url":"https:\/\/mundobibliotecario.com.br\/index.php\/2013\/04\/18\/curso-coleta-e-monitoramento-de-informacao-estrategica\/","url_meta":{"origin":2160,"position":1},"title":"Curso: Coleta e Monitoramento de Informa\u00e7\u00e3o Estrat\u00e9gica","author":"mundobibliotecario","date":"18\/04\/2013","format":false,"excerpt":"Divulgando cursos recebidos por e-mail. ************* Prezados, Convidamos voc\u00eas para participarem dos Cursos que a EVTur Corporativo\u00a0 programou para o 1\u00ba semestre de 2013. Verifiquem nossa\u00a0 Agenda de Cursos abaixo\u00a0 e\/ou acesse site www.evtur.com.br e click Agenda de Cursos. Curso: Coleta e Monitoramento de Informa\u00e7\u00e3o Estrat\u00e9gica. Hotel Faial, Florian\u00f3polis -\u2026","rel":"","context":"Em &quot;Curso&quot;","block_context":{"text":"Curso","link":"https:\/\/mundobibliotecario.com.br\/index.php\/category\/curso\/"},"img":{"alt_text":"","src":"","width":0,"height":0},"classes":[]},{"id":1859,"url":"https:\/\/mundobibliotecario.com.br\/index.php\/2011\/03\/12\/bibliotecario-profissional-de-hoje-e-amanha\/","url_meta":{"origin":2160,"position":2},"title":"Bibliotec\u00e1rio: profissional de hoje e amanh\u00e3","author":"mundobibliotecario","date":"12\/03\/2011","format":false,"excerpt":"Idos s\u00e3o os tempos em que os bibliotec\u00e1rio atuavam apenas em bibliotecas. Hoje esse profissional trabalha n\u00e3o apenas nesse espa\u00e7o, mas tamb\u00e9m em editoras, empresas de organiza\u00e7\u00e3o de arquivos empresariais, dentre outros. Assim, preparei um post especial para hoje, Dia do Bibliotec\u00e1rio, em que levantei algumas empresas onde \u00e9 poss\u00edvel\u2026","rel":"","context":"Em &quot;Not\u00edcias&quot;","block_context":{"text":"Not\u00edcias","link":"https:\/\/mundobibliotecario.com.br\/index.php\/category\/noticias\/"},"img":{"alt_text":"","src":"","width":0,"height":0},"classes":[]},{"id":4711,"url":"https:\/\/mundobibliotecario.com.br\/index.php\/2018\/03\/12\/dia-do-bibliotecario-entrevista-com-jose-domingos-brito\/","url_meta":{"origin":2160,"position":3},"title":"Dia do Bibliotec\u00e1rio: Entrevista com Jos\u00e9 Domingos Brito","author":"mundobibliotecario","date":"12\/03\/2018","format":false,"excerpt":"Para comemorar o Dia do Bibliotec\u00e1rio, o Mundo Bibliotec\u00e1rio realizou uma entrevista exclusiva com fundador do Sindicato dos Bibliotec\u00e1rios, Cientistas da Informa\u00e7\u00e3o, Historiadores, Muse\u00f3logos, Documentalistas, Arquivistas, Auxiliares de Biblioteca e de Centros de Documenta\u00e7\u00e3o no Estado de S\u00e3o Paulo (SinBiesp), Jos\u00e9 Domingos Brito! Confira! Mundo Bibliotec\u00e1rio - Como voc\u00ea se\u2026","rel":"","context":"Em &quot;Not\u00edcias&quot;","block_context":{"text":"Not\u00edcias","link":"https:\/\/mundobibliotecario.com.br\/index.php\/category\/noticias\/"},"img":{"alt_text":"","src":"","width":0,"height":0},"classes":[]},{"id":328,"url":"https:\/\/mundobibliotecario.com.br\/index.php\/2009\/01\/30\/bibliotecario-para-centro-de-documentacao-arquivo-e-biblioteca\/","url_meta":{"origin":2160,"position":4},"title":"Bibliotec\u00e1rio para Centro de Documenta\u00e7\u00e3o (Arquivo e Biblioteca)","author":"mundobibliotecario","date":"30\/01\/2009","format":false,"excerpt":"Escrit\u00f3rio de advocacia de m\u00e9dio porte, com sede na cidade de Bebedouro-SP, busca profissional com forma\u00e7\u00e3o em Biblioteconomia e Ci\u00eancia da Informa\u00e7\u00e3o. O profissional dever\u00e1: Selecionar e implantar sistema de gest\u00e3o de acervo para a biblioteca; planejar, organizar e administrar a biblioteca jur\u00eddica; gerenciar a documenta\u00e7\u00e3o recebida e emitida (fluxo\u2026","rel":"","context":"Em &quot;Emprego&quot;","block_context":{"text":"Emprego","link":"https:\/\/mundobibliotecario.com.br\/index.php\/category\/emprego\/"},"img":{"alt_text":"","src":"","width":0,"height":0},"classes":[]},{"id":2442,"url":"https:\/\/mundobibliotecario.com.br\/index.php\/2012\/02\/10\/cursos-online-e-presenciais-para-bibliotecarios\/","url_meta":{"origin":2160,"position":5},"title":"Cursos online e presenciais para bibliotec\u00e1rios","author":"mundobibliotecario","date":"10\/02\/2012","format":false,"excerpt":"Segue a agenda de cursos online e presenciais da Anima Ensino oferecidos em 2012. Bons estudos! Cursos via Webconfer\u00eancia Mar\u00e7o Curso: Normas T\u00e9cnicas aplicadas \u00e0 Gest\u00e3o Documental Minicurso: Normas e Procedimentos para a Seguran\u00e7a de Documentos Abril Minicurso:\u00a0\u00a0Norma T\u00e9cnica: Mobili\u00e1rio e Equipamentos para Guarda Documental Maio Minicurso:\u00a0\u00a0Normas e Procedimentos de\u2026","rel":"","context":"Em &quot;Curso&quot;","block_context":{"text":"Curso","link":"https:\/\/mundobibliotecario.com.br\/index.php\/category\/curso\/"},"img":{"alt_text":"","src":"","width":0,"height":0},"classes":[]}],"jetpack_likes_enabled":true,"jetpack_shortlink":"https:\/\/wp.me\/pcbzwa-yQ","_links":{"self":[{"href":"https:\/\/mundobibliotecario.com.br\/index.php\/wp-json\/wp\/v2\/posts\/2160","targetHints":{"allow":["GET"]}}],"collection":[{"href":"https:\/\/mundobibliotecario.com.br\/index.php\/wp-json\/wp\/v2\/posts"}],"about":[{"href":"https:\/\/mundobibliotecario.com.br\/index.php\/wp-json\/wp\/v2\/types\/post"}],"author":[{"embeddable":true,"href":"https:\/\/mundobibliotecario.com.br\/index.php\/wp-json\/wp\/v2\/users\/1"}],"replies":[{"embeddable":true,"href":"https:\/\/mundobibliotecario.com.br\/index.php\/wp-json\/wp\/v2\/comments?post=2160"}],"version-history":[{"count":0,"href":"https:\/\/mundobibliotecario.com.br\/index.php\/wp-json\/wp\/v2\/posts\/2160\/revisions"}],"wp:attachment":[{"href":"https:\/\/mundobibliotecario.com.br\/index.php\/wp-json\/wp\/v2\/media?parent=2160"}],"wp:term":[{"taxonomy":"category","embeddable":true,"href":"https:\/\/mundobibliotecario.com.br\/index.php\/wp-json\/wp\/v2\/categories?post=2160"},{"taxonomy":"post_tag","embeddable":true,"href":"https:\/\/mundobibliotecario.com.br\/index.php\/wp-json\/wp\/v2\/tags?post=2160"}],"curies":[{"name":"wp","href":"https:\/\/api.w.org\/{rel}","templated":true}]}}