{"id":2177,"date":"2011-09-06T11:54:30","date_gmt":"2011-09-06T14:54:30","guid":{"rendered":"http:\/\/mundobibliotecario.wordpress.com\/?p=2177"},"modified":"2011-09-06T11:54:30","modified_gmt":"2011-09-06T14:54:30","slug":"palestra-conservacao-preservacao-e-pesquisa","status":"publish","type":"post","link":"https:\/\/mundobibliotecario.com.br\/index.php\/2011\/09\/06\/palestra-conservacao-preservacao-e-pesquisa\/","title":{"rendered":"Palestra &#8211; Conserva\u00e7\u00e3o, preserva\u00e7\u00e3o e pesquisa"},"content":{"rendered":"<p>Divulgando evento recebido por e-mail. Desde j\u00e1, parab\u00e9ns ao PET &#8211; BCI UFSCar!<\/p>\n<p>**********<\/p>\n<p>Prezados(as) colegas!<\/p>\n<p>O Programa de Educa\u00e7\u00e3o Tutorial em Biblioteconomia e Ci\u00eancia da Informa\u00e7\u00e3o da UFSCar (PET &#8211; BCI UFSCar) tem a honra de convid\u00e1-los a participar de nosso Semin\u00e1rio de Car\u00e1ter T\u00e9cnico Cientifico sobre \u201cConserva\u00e7\u00e3o, preserva\u00e7\u00e3o e pesquisa: a dif\u00edcil tarefa cotidiana dos bibliotec\u00e1rios\u201d a ser realizado no dia 12 de setembro de 2011, \u00e0s 19:30h, no Audit\u00f3rio do CECH, no AT2. A palestra ser\u00e1 ministrada pela nossa convidada Rosaelena Scarpeline, Bibliotec\u00e1ria do Centro de Mem\u00f3ria da UNICAMP, que vem nos mostrar um pouco mais sobre essa tem\u00e1tica de trabalho t\u00e3o pouco aborda em nosso curso.<br \/>\nContamos com sua presen\u00e7a!<br \/>\n\u00a0<br \/>\nAtenciosamente,<br \/>\n\u00a0<br \/>\nProfa. Vera Boccato e Equipe<br \/>\nTutora do PET &#8211; BCI UFSCar<br \/>\n\u00a0<br \/>\nProfessoras colaboradoras:<br \/>\nLuciana de Souza Gracioso<br \/>\nLuzia Sigoli Fernandes Costa<\/p>\n","protected":false},"excerpt":{"rendered":"<p>Divulgando evento recebido por e-mail. Desde j\u00e1, parab\u00e9ns ao PET &#8211; BCI UFSCar! ********** Prezados(as) colegas! O Programa de Educa\u00e7\u00e3o Tutorial em Biblioteconomia e Ci\u00eancia da Informa\u00e7\u00e3o da UFSCar (PET &#8211; BCI UFSCar) tem a honra de convid\u00e1-los a participar de nosso Semin\u00e1rio de Car\u00e1ter T\u00e9cnico Cientifico sobre \u201cConserva\u00e7\u00e3o, preserva\u00e7\u00e3o e pesquisa: a dif\u00edcil tarefa &#8230; <a title=\"Palestra &#8211; Conserva\u00e7\u00e3o, preserva\u00e7\u00e3o e pesquisa\" class=\"read-more\" href=\"https:\/\/mundobibliotecario.com.br\/index.php\/2011\/09\/06\/palestra-conservacao-preservacao-e-pesquisa\/\" aria-label=\"Read more about Palestra &#8211; Conserva\u00e7\u00e3o, preserva\u00e7\u00e3o e pesquisa\">Ler mais<\/a><\/p>\n","protected":false},"author":1,"featured_media":0,"comment_status":"open","ping_status":"open","sticky":false,"template":"","format":"standard","meta":{"_mi_skip_tracking":false,"_exactmetrics_sitenote_active":false,"_exactmetrics_sitenote_note":"","_exactmetrics_sitenote_category":0,"_jetpack_newsletter_access":"","footnotes":""},"categories":[27],"tags":[81,9,806,82],"class_list":["post-2177","post","type-post","status-publish","format-standard","hentry","category-eventos","tag-conservacao","tag-livro","tag-pet-bci-ufscar","tag-preservacao"],"jetpack_featured_media_url":"","jetpack_sharing_enabled":true,"jetpack-related-posts":[{"id":2561,"url":"https:\/\/mundobibliotecario.com.br\/index.php\/2012\/04\/26\/saber-profissional-e-tema-de-evento-promovido-pelo-pet-bci-no-dia-4-de-maio\/","url_meta":{"origin":2177,"position":0},"title":"Saber profissional \u00e9 tema de evento promovido pelo PET-BCI no dia 4 de maio","author":"mundobibliotecario","date":"26\/04\/2012","format":false,"excerpt":"No dia 4 de maio, acontece na UFSCar o \"II Semin\u00e1rio O saber profissional\", realizado pelo Programa de Educa\u00e7\u00e3o Tutorial em Biblioteconomia e Ci\u00eancia da Informa\u00e7\u00e3o (Grupo PET - BCI). Durante o evento, trabalhos acad\u00eamicos e bibliotec\u00e1rios desenvolvidos por alunos egressos do curso de Biblioteconomia e Ci\u00eancia da Informa\u00e7\u00e3o da\u2026","rel":"","context":"Em &quot;Not\u00edcias&quot;","block_context":{"text":"Not\u00edcias","link":"https:\/\/mundobibliotecario.com.br\/index.php\/category\/noticias\/"},"img":{"alt_text":"","src":"","width":0,"height":0},"classes":[]},{"id":2045,"url":"https:\/\/mundobibliotecario.com.br\/index.php\/2011\/05\/24\/pet-em-biblioteconomia-e-ciencia-da-informacao-da-ufscar-promove-o-seminario-o-saber-profissional\/","url_meta":{"origin":2177,"position":1},"title":"PET em Biblioteconomia e Ci\u00eancia da Informa\u00e7\u00e3o da UFSCar promove o semin\u00e1rio &#8220;O Saber Profissional&#8221;","author":"mundobibliotecario","date":"24\/05\/2011","format":false,"excerpt":"O Programa de Educa\u00e7\u00e3o Tutorial em Biblioteconomia e Ci\u00eancia da Informa\u00e7\u00e3o (PET-BCI) da UFSCar realiza, no dia 3 de junho, o semin\u00e1rio \"O Saber Profissional\". O objetivo da atividade \u00e9 conhecer os trabalhos desenvolvidos por ex-alunos do Curso de Biblioteconomia e Ci\u00eancia da Informa\u00e7\u00e3o da UFSCar em diferentes segmentos de\u2026","rel":"","context":"Em &quot;Eventos&quot;","block_context":{"text":"Eventos","link":"https:\/\/mundobibliotecario.com.br\/index.php\/category\/eventos\/"},"img":{"alt_text":"","src":"","width":0,"height":0},"classes":[]},{"id":4879,"url":"https:\/\/mundobibliotecario.com.br\/index.php\/2011\/05\/24\/pet-em-biblioteconomia-e-ciencia-da-informacao-da-ufscar-promove-o-seminario-o-saber-profissional-2\/","url_meta":{"origin":2177,"position":2},"title":"PET em Biblioteconomia e Ci\u00eancia da Informa\u00e7\u00e3o da UFSCar promove o semin\u00e1rio &quot;O Saber Profissional&quot;","author":"mundobibliotecario","date":"24\/05\/2011","format":false,"excerpt":"O Programa de Educa\u00e7\u00e3o Tutorial em Biblioteconomia e Ci\u00eancia da Informa\u00e7\u00e3o (PET-BCI) da UFSCar realiza, no dia 3 de junho, o semin\u00e1rio \"O Saber Profissional\". O objetivo da atividade \u00e9 conhecer os trabalhos desenvolvidos por ex-alunos do Curso de Biblioteconomia e Ci\u00eancia da Informa\u00e7\u00e3o da UFSCar em diferentes segmentos de\u2026","rel":"","context":"Em &quot;Eventos&quot;","block_context":{"text":"Eventos","link":"https:\/\/mundobibliotecario.com.br\/index.php\/category\/eventos\/"},"img":{"alt_text":"","src":"","width":0,"height":0},"classes":[]},{"id":4882,"url":"https:\/\/mundobibliotecario.com.br\/index.php\/2011\/05\/24\/pet-em-biblioteconomia-e-ciencia-da-informacao-da-ufscar-promove-o-seminario-o-saber-profissional-2-2\/","url_meta":{"origin":2177,"position":3},"title":"PET em Biblioteconomia e Ci\u00eancia da Informa\u00e7\u00e3o da UFSCar promove o semin\u00e1rio &#034;O Saber Profissional&#034;","author":"mundobibliotecario","date":"24\/05\/2011","format":false,"excerpt":"O Programa de Educa\u00e7\u00e3o Tutorial em Biblioteconomia e Ci\u00eancia da Informa\u00e7\u00e3o (PET-BCI) da UFSCar realiza, no dia 3 de junho, o semin\u00e1rio \"O Saber Profissional\". O objetivo da atividade \u00e9 conhecer os trabalhos desenvolvidos por ex-alunos do Curso de Biblioteconomia e Ci\u00eancia da Informa\u00e7\u00e3o da UFSCar em diferentes segmentos de\u2026","rel":"","context":"Em &quot;Eventos&quot;","block_context":{"text":"Eventos","link":"https:\/\/mundobibliotecario.com.br\/index.php\/category\/eventos\/"},"img":{"alt_text":"","src":"","width":0,"height":0},"classes":[]},{"id":9522,"url":"https:\/\/mundobibliotecario.com.br\/index.php\/2021\/10\/18\/biblioteca-municipal-da-escola-janete-maria-martinelli-lia-e-nomeada-biblioteca-municipal-professora-vera-regina-casari-boccato\/","url_meta":{"origin":2177,"position":4},"title":"Biblioteca municipal da escola &#8220;Janete Maria Martinelli Lia&#8221; \u00e9 nomeada Biblioteca Municipal &#8220;Professora Vera Regina Casari Boccato&#8221;","author":"mundobibliotecario","date":"18\/10\/2021","format":false,"excerpt":"Cr\u00e9dito: PET BCI No dia 14 de junho, a Prefeitura Municipal de S\u00e3o Carlos aprovou a lei n\u00ba 20.149 que denomina a Biblioteca Municipal localizada anexa \u00e0 EMEB \u201cJanete Maria Martinelli Lia\u201d de Biblioteca Municipal \u201cProfessora Vera Regina Casari Boccato\u201dA Profa. Vera foi a grande idealizadora da cria\u00e7\u00e3o do Programa\u2026","rel":"","context":"Em &quot;Not\u00edcias&quot;","block_context":{"text":"Not\u00edcias","link":"https:\/\/mundobibliotecario.com.br\/index.php\/category\/noticias\/"},"img":{"alt_text":"","src":"https:\/\/i0.wp.com\/mundobibliotecario.com.br\/wp-content\/uploads\/2021\/10\/vera.jpg?resize=350%2C200&ssl=1","width":350,"height":200},"classes":[]},{"id":3740,"url":"https:\/\/mundobibliotecario.com.br\/index.php\/2015\/06\/12\/inauguracao-do-predio-novo-do-dciufscar-e-da-sala-profa-dra-vera-regina-casari-boccato\/","url_meta":{"origin":2177,"position":5},"title":"Inaugura\u00e7\u00e3o do pr\u00e9dio novo do DCI\/UFSCar e da Sala Prof\u00aa Dr\u00aa Vera Regina Casari Boccato","author":"mundobibliotecario","date":"12\/06\/2015","format":false,"excerpt":"Ontem, 11\/06, foi inaugurado o pr\u00e9dio novo de Departamento de Ci\u00eancia da Informa\u00e7\u00e3o da Universidade Federal de S\u00e3o Carlos (DCI\/UFSCar). Al\u00e9m disso, foi prestada uma bela homenagem \u00e0 fundadora do Programa de Educa\u00e7\u00e3o Tutorial (PET) do curso de Biblioteconomia e Ci\u00eancia da Informa\u00e7\u00e3o da mesma Universidade, Prof\u00aa Dr\u00aa Vera Regina\u2026","rel":"","context":"Em &quot;Not\u00edcias&quot;","block_context":{"text":"Not\u00edcias","link":"https:\/\/mundobibliotecario.com.br\/index.php\/category\/noticias\/"},"img":{"alt_text":"","src":"","width":0,"height":0},"classes":[]}],"jetpack_likes_enabled":true,"jetpack_shortlink":"https:\/\/wp.me\/pcbzwa-z7","_links":{"self":[{"href":"https:\/\/mundobibliotecario.com.br\/index.php\/wp-json\/wp\/v2\/posts\/2177","targetHints":{"allow":["GET"]}}],"collection":[{"href":"https:\/\/mundobibliotecario.com.br\/index.php\/wp-json\/wp\/v2\/posts"}],"about":[{"href":"https:\/\/mundobibliotecario.com.br\/index.php\/wp-json\/wp\/v2\/types\/post"}],"author":[{"embeddable":true,"href":"https:\/\/mundobibliotecario.com.br\/index.php\/wp-json\/wp\/v2\/users\/1"}],"replies":[{"embeddable":true,"href":"https:\/\/mundobibliotecario.com.br\/index.php\/wp-json\/wp\/v2\/comments?post=2177"}],"version-history":[{"count":0,"href":"https:\/\/mundobibliotecario.com.br\/index.php\/wp-json\/wp\/v2\/posts\/2177\/revisions"}],"wp:attachment":[{"href":"https:\/\/mundobibliotecario.com.br\/index.php\/wp-json\/wp\/v2\/media?parent=2177"}],"wp:term":[{"taxonomy":"category","embeddable":true,"href":"https:\/\/mundobibliotecario.com.br\/index.php\/wp-json\/wp\/v2\/categories?post=2177"},{"taxonomy":"post_tag","embeddable":true,"href":"https:\/\/mundobibliotecario.com.br\/index.php\/wp-json\/wp\/v2\/tags?post=2177"}],"curies":[{"name":"wp","href":"https:\/\/api.w.org\/{rel}","templated":true}]}}