{"id":2201,"date":"2011-09-13T12:11:28","date_gmt":"2011-09-13T15:11:28","guid":{"rendered":"http:\/\/mundobibliotecario.wordpress.com\/?p=2201"},"modified":"2020-07-21T23:55:32","modified_gmt":"2020-07-22T02:55:32","slug":"concurso-cultural-conectado-com-print-3m","status":"publish","type":"post","link":"https:\/\/mundobibliotecario.com.br\/index.php\/2011\/09\/13\/concurso-cultural-conectado-com-print-3m\/","title":{"rendered":"Concurso Cultural \u201cConectado com Print 3M\u201d"},"content":{"rendered":"<p>Para prestigiar os leitores da Revista 3Mais, a \u00e1rea de Sistemas de Bibliotecas fez uma parceria com o Print 3M e criou o concurso cultural \u201cConectado com Print 3M\u201d. Para participar, basta acessar o site www.3m.com.br\/bibliotecas, clicar no banner da promo\u00e7\u00e3o e cadastrar-se preenchendo os dados solicitados. Depois, escreva uma frase contendo as palavras: redes sociais e biblioteca, e para concluir, clicar no bot\u00e3o enviar. Os cinco participantes que enviarem as frases mais criativas ganhar\u00e3o um vale desconto para compra de um Print 3M para celular e um Print 3M para notebook, modelo e tema a escolha do ganhador, de acordo com disponibilidade de produtos no site Print 3M (<a href=\"http:\/\/www.print3m.com.br\/\">www.print3m.com.br<\/a>) no momento da compra.<\/p>\n<p>Para mais informa\u00e7\u00f5es, acesse o Regulamento no site www.3m.com.br\/bibliotecas.<br \/>\nPara saber mais sobre os produtos Print 3M, acesse: <a href=\"http:\/\/www.print3m.com.br\/\">www.print3m.com.br<\/a>.<br \/>\nConecte-se e participe!<\/p>\n<p><a href=\"http:\/\/mundobibliotecario.files.wordpress.com\/2011\/09\/3m_biblioteca_redes_sociais.gif\"><img loading=\"lazy\" decoding=\"async\" class=\"aligncenter size-full wp-image-2202\" title=\"3M_Biblioteca_Redes_Sociais\" src=\"http:\/\/mundobibliotecario.files.wordpress.com\/2011\/09\/3m_biblioteca_redes_sociais.gif\" alt=\"\" width=\"246\" height=\"330\" \/><\/a><\/p>\n","protected":false},"excerpt":{"rendered":"<p>Para prestigiar os leitores da Revista 3Mais, a \u00e1rea de Sistemas de Bibliotecas fez uma parceria com o Print 3M e criou o concurso cultural \u201cConectado com Print 3M\u201d. Para participar, basta acessar o site www.3m.com.br\/bibliotecas, clicar no banner da promo\u00e7\u00e3o e cadastrar-se preenchendo os dados solicitados. Depois, escreva uma frase contendo as palavras: redes &#8230; <a title=\"Concurso Cultural \u201cConectado com Print 3M\u201d\" class=\"read-more\" href=\"https:\/\/mundobibliotecario.com.br\/index.php\/2011\/09\/13\/concurso-cultural-conectado-com-print-3m\/\" aria-label=\"Read more about Concurso Cultural \u201cConectado com Print 3M\u201d\">Ler mais<\/a><\/p>\n","protected":false},"author":1,"featured_media":0,"comment_status":"open","ping_status":"open","sticky":false,"template":"","format":"standard","meta":{"_mi_skip_tracking":false,"_exactmetrics_sitenote_active":false,"_exactmetrics_sitenote_note":"","_exactmetrics_sitenote_category":0,"_jetpack_newsletter_access":"","footnotes":""},"categories":[60],"tags":[810,2,811],"class_list":["post-2201","post","type-post","status-publish","format-standard","hentry","category-noticias","tag-3m","tag-biblioteca","tag-concurso-cultural"],"jetpack_featured_media_url":"","jetpack_sharing_enabled":true,"jetpack-related-posts":[{"id":178,"url":"https:\/\/mundobibliotecario.com.br\/index.php\/2008\/11\/18\/178\/","url_meta":{"origin":2201,"position":0},"title":"Site re\u00fane sugest\u00f5es para encontrar livros online","author":"mundobibliotecario","date":"18\/11\/2008","format":false,"excerpt":"O site EduChoices http:\/\/educhoices.org\/articles\/Online_Libraries_-_25_Places_to_Read_Free_Books_Online.html re\u00fane 25 sugest\u00f5es de bibliotecas online, onde o usu\u00e1rio encontra livros que podem ser consultados gratuitamente. Na classifica\u00e7\u00e3o de seus idealizadores, o melhor acervo pode ser encontrado na The Online Books Page http:\/\/onlinebooks.library.upenn.edu\/lists.html. Al\u00e9m dela, destaque tamb\u00e9m para o Projeto Gutenberg http:\/\/www.gutenberg.org\/wiki\/Main_Page , a Read Print\u2026","rel":"","context":"Em &quot;Not\u00edcias&quot;","block_context":{"text":"Not\u00edcias","link":"https:\/\/mundobibliotecario.com.br\/index.php\/category\/noticias\/"},"img":{"alt_text":"","src":"","width":0,"height":0},"classes":[]},{"id":3830,"url":"https:\/\/mundobibliotecario.com.br\/index.php\/2015\/08\/22\/dorina-nowill-lanca-biblioteca-digital-para-cegos\/","url_meta":{"origin":2201,"position":1},"title":"Dorina Nowill lan\u00e7a biblioteca digital para cegos","author":"mundobibliotecario","date":"22\/08\/2015","format":false,"excerpt":"A Dorinateca \u00e9 uma biblioteca digital para cegos do Instituto Dorina Nowill. A novidade proporciona uma biblioteca sem fronteiras, com acesso facilitado e amplo a um acervo de livros nos formatos \u00e1udio e digital acess\u00edvel Daisy, al\u00e9m de arquivos para impress\u00e3o de publica\u00e7\u00f5es em braille. No site, todos os t\u00edtulos\u2026","rel":"","context":"Em &quot;Not\u00edcias&quot;","block_context":{"text":"Not\u00edcias","link":"https:\/\/mundobibliotecario.com.br\/index.php\/category\/noticias\/"},"img":{"alt_text":"","src":"","width":0,"height":0},"classes":[]},{"id":705,"url":"https:\/\/mundobibliotecario.com.br\/index.php\/2009\/06\/24\/gabarito-concurso-de-auxiliar-de-biblioteca-ufscar\/","url_meta":{"origin":2201,"position":2},"title":"Gabarito &#8211; concurso de auxiliar de biblioteca (UFSCar)","author":"mundobibliotecario","date":"24\/06\/2009","format":false,"excerpt":"O gabarito do concurso de auxiliar de biblioteca da UFSCar, realizado no \u00faltimo domingo (21\/6), est\u00e1 dispon\u00edvel no site de concursos da Universidade.","rel":"","context":"Em &quot;Concurso&quot;","block_context":{"text":"Concurso","link":"https:\/\/mundobibliotecario.com.br\/index.php\/category\/concurso\/"},"img":{"alt_text":"","src":"","width":0,"height":0},"classes":[]},{"id":4509,"url":"https:\/\/mundobibliotecario.com.br\/index.php\/2017\/04\/18\/prorrogadas-inscricoes-para-6a-concurso-de-ajudas-do-programa-ibero-americano-de-bibliotecas-publicas\/","url_meta":{"origin":2201,"position":3},"title":"Prorrogadas inscri\u00e7\u00f5es para 6\u00aa Concurso de Ajudas do Programa Ibero-Americano de Bibliotecas P\u00fablicas","author":"mundobibliotecario","date":"18\/04\/2017","format":false,"excerpt":"Foi prorrogado at\u00e9 o dia 21 de abril o prazo para as inscri\u00e7\u00f5es na 6\u00aa edi\u00e7\u00e3o do Concurso de Ajudas do Programa Ibero-Americano de Bibliotecas P\u00fablicas (Iberbibliotecas). A iniciativa tem como objetivo consolidar as bibliotecas p\u00fablicas como espa\u00e7os de livre acesso \u00e0 informa\u00e7\u00e3o e \u00e0 leitura, trabalhar pela inclus\u00e3o social\u2026","rel":"","context":"Em &quot;Not\u00edcias&quot;","block_context":{"text":"Not\u00edcias","link":"https:\/\/mundobibliotecario.com.br\/index.php\/category\/noticias\/"},"img":{"alt_text":"","src":"","width":0,"height":0},"classes":[]},{"id":1017,"url":"https:\/\/mundobibliotecario.com.br\/index.php\/2009\/12\/17\/modernizacao-de-bibliotecas-publicas\/","url_meta":{"origin":2201,"position":4},"title":"Moderniza\u00e7\u00e3o de Bibliotecas P\u00fablicas","author":"mundobibliotecario","date":"17\/12\/2009","format":false,"excerpt":"Repassando e-mail recebido... Encaminhado informa\u00e7\u00e3o sobre o concurso p\u00fablico para moderniza\u00e7\u00e3o das bibliotecas p\u00fablicas, para quem ainda n\u00e3o ficou sabendo. O projeto visa selecionar 100 (cem) propostas de moderniza\u00e7\u00e3o de bibliotecas p\u00fablicas municipais provenientes de munic\u00edpios de at\u00e9 20.000 (vinte mil) habitantes. Segue os links: http:\/\/www.cultura.gov.br\/site\/wp-content\/uploads\/2009\/12\/edital-de-modernizacao-de-bibliotecas-publicas-2009-versao-final-3010091.pdf http:\/\/www.cultura.gov.br\/site\/2009\/12\/15\/edital -mais-cultura-de-modernizacao-de-bibliotecas-publicas-municipais\/ Disseminem em\u2026","rel":"","context":"Em &quot;Not\u00edcias&quot;","block_context":{"text":"Not\u00edcias","link":"https:\/\/mundobibliotecario.com.br\/index.php\/category\/noticias\/"},"img":{"alt_text":"","src":"","width":0,"height":0},"classes":[]},{"id":4177,"url":"https:\/\/mundobibliotecario.com.br\/index.php\/2016\/01\/07\/concurso-para-bibliotecario-e-auxiliar-de-biblioteca-no-ifsp\/","url_meta":{"origin":2201,"position":5},"title":"Concurso para bibliotec\u00e1rio e auxiliar de biblioteca no IFSP","author":"mundobibliotecario","date":"07\/01\/2016","format":false,"excerpt":"Profissionais com n\u00edveis Fundamental, M\u00e9dio e Superior podem participar. Concursos \u203a Not\u00edcias \u203a Sudeste Ter\u00e7a-feira, 29 de dezembro de 2015 \u00e0s 10h32 Um novo Concurso P\u00fablico foi anunciado pelo Instituto Federal de Educa\u00e7\u00e3o, Ci\u00eancia e Tecnologia de S\u00e3o Paulo (IFSP). O objetivo \u00e9 o provimento de novas vagas de n\u00edveis\u2026","rel":"","context":"Em &quot;Concurso&quot;","block_context":{"text":"Concurso","link":"https:\/\/mundobibliotecario.com.br\/index.php\/category\/concurso\/"},"img":{"alt_text":"","src":"","width":0,"height":0},"classes":[]}],"jetpack_likes_enabled":true,"jetpack_shortlink":"https:\/\/wp.me\/pcbzwa-zv","_links":{"self":[{"href":"https:\/\/mundobibliotecario.com.br\/index.php\/wp-json\/wp\/v2\/posts\/2201","targetHints":{"allow":["GET"]}}],"collection":[{"href":"https:\/\/mundobibliotecario.com.br\/index.php\/wp-json\/wp\/v2\/posts"}],"about":[{"href":"https:\/\/mundobibliotecario.com.br\/index.php\/wp-json\/wp\/v2\/types\/post"}],"author":[{"embeddable":true,"href":"https:\/\/mundobibliotecario.com.br\/index.php\/wp-json\/wp\/v2\/users\/1"}],"replies":[{"embeddable":true,"href":"https:\/\/mundobibliotecario.com.br\/index.php\/wp-json\/wp\/v2\/comments?post=2201"}],"version-history":[{"count":1,"href":"https:\/\/mundobibliotecario.com.br\/index.php\/wp-json\/wp\/v2\/posts\/2201\/revisions"}],"predecessor-version":[{"id":7357,"href":"https:\/\/mundobibliotecario.com.br\/index.php\/wp-json\/wp\/v2\/posts\/2201\/revisions\/7357"}],"wp:attachment":[{"href":"https:\/\/mundobibliotecario.com.br\/index.php\/wp-json\/wp\/v2\/media?parent=2201"}],"wp:term":[{"taxonomy":"category","embeddable":true,"href":"https:\/\/mundobibliotecario.com.br\/index.php\/wp-json\/wp\/v2\/categories?post=2201"},{"taxonomy":"post_tag","embeddable":true,"href":"https:\/\/mundobibliotecario.com.br\/index.php\/wp-json\/wp\/v2\/tags?post=2201"}],"curies":[{"name":"wp","href":"https:\/\/api.w.org\/{rel}","templated":true}]}}