{"id":2233,"date":"2011-09-30T17:49:28","date_gmt":"2011-09-30T20:49:28","guid":{"rendered":"http:\/\/mundobibliotecario.wordpress.com\/?p=2233"},"modified":"2011-09-30T17:49:28","modified_gmt":"2011-09-30T20:49:28","slug":"i-encontro-de-bibliotecas-da-regiao-do-alto-uruguai","status":"publish","type":"post","link":"https:\/\/mundobibliotecario.com.br\/index.php\/2011\/09\/30\/i-encontro-de-bibliotecas-da-regiao-do-alto-uruguai\/","title":{"rendered":"I Encontro de Bibliotecas da Regi\u00e3o do Alto Uruguai"},"content":{"rendered":"<p><a href=\"http:\/\/mundobibliotecario.files.wordpress.com\/2011\/09\/convite-biblioteca-frente1.jpg\"><img loading=\"lazy\" decoding=\"async\" class=\"aligncenter size-full wp-image-2238\" title=\"convite biblioteca frente\" src=\"http:\/\/mundobibliotecario.files.wordpress.com\/2011\/09\/convite-biblioteca-frente1.jpg\" alt=\"\" width=\"500\" height=\"715\" srcset=\"https:\/\/mundobibliotecario.com.br\/wp-content\/uploads\/2011\/09\/convite-biblioteca-frente1.jpg 600w, https:\/\/mundobibliotecario.com.br\/wp-content\/uploads\/2011\/09\/convite-biblioteca-frente1-210x300.jpg 210w\" sizes=\"auto, (max-width: 500px) 100vw, 500px\" \/><\/a><a href=\"http:\/\/mundobibliotecario.files.wordpress.com\/2011\/09\/convite-biblioteca-verso1.jpg\"><img loading=\"lazy\" decoding=\"async\" class=\"aligncenter size-full wp-image-2237\" title=\"convite biblioteca verso\" src=\"http:\/\/mundobibliotecario.files.wordpress.com\/2011\/09\/convite-biblioteca-verso1.jpg\" alt=\"\" width=\"500\" height=\"708\" srcset=\"https:\/\/mundobibliotecario.com.br\/wp-content\/uploads\/2011\/09\/convite-biblioteca-verso1.jpg 583w, https:\/\/mundobibliotecario.com.br\/wp-content\/uploads\/2011\/09\/convite-biblioteca-verso1-212x300.jpg 212w\" sizes=\"auto, (max-width: 500px) 100vw, 500px\" \/><\/a><\/p>\n<p>Contribui\u00e7\u00e3o da Bibliotec\u00e1ria Lucia Giacomoni &#8211; CRB 10\/1726<\/p>\n","protected":false},"excerpt":{"rendered":"<p>Contribui\u00e7\u00e3o da Bibliotec\u00e1ria Lucia Giacomoni &#8211; CRB 10\/1726<\/p>\n","protected":false},"author":1,"featured_media":0,"comment_status":"open","ping_status":"open","sticky":false,"template":"","format":"standard","meta":{"_mi_skip_tracking":false,"_exactmetrics_sitenote_active":false,"_exactmetrics_sitenote_note":"","_exactmetrics_sitenote_category":0,"_jetpack_newsletter_access":"","footnotes":""},"categories":[27],"tags":[462,821,70,822,823,824,825],"class_list":["post-2233","post","type-post","status-publish","format-standard","hentry","category-eventos","tag-biblioteca-escolar","tag-biblioteca-municipal-dr-gladstone-osorio-marsico","tag-biblioteca-publica","tag-hora-do-conto","tag-i-encontro-de-bibliotecas-da-regiao-do-alto-uruguai","tag-incentivo-a-leitura","tag-politicas-publicas"],"jetpack_featured_media_url":"","jetpack_sharing_enabled":true,"jetpack-related-posts":[{"id":8342,"url":"https:\/\/mundobibliotecario.com.br\/index.php\/2021\/01\/20\/2021-ano-ibero-americano-das-bibliotecas\/","url_meta":{"origin":2233,"position":0},"title":"2021, Ano Ibero-Americano das Bibliotecas","author":"mundobibliotecario","date":"20\/01\/2021","format":false,"excerpt":"Ver en espa\u00f1ol 2021 foi declarado Ano Ibero-Americano das Bibliotecas na \u00faltima XX Confer\u00eancia Ibero-Americana de Ministras e Ministros da Cultura da Ibero-Am\u00e9rica, realizada em 2019. Este acordo estabelece uma oportunidadede abrir uma conversa regional sobre a validade das bibliotecas em nossa regi\u00e3o e seu papel no desenvolvimento dos pa\u00edses\u2026","rel":"","context":"Em &quot;Not\u00edcias&quot;","block_context":{"text":"Not\u00edcias","link":"https:\/\/mundobibliotecario.com.br\/index.php\/category\/noticias\/"},"img":{"alt_text":"","src":"https:\/\/i0.wp.com\/img.youtube.com\/vi\/Vjwg5vEUm-w\/0.jpg?resize=350%2C200","width":350,"height":200},"classes":[]},{"id":2736,"url":"https:\/\/mundobibliotecario.com.br\/index.php\/2012\/10\/13\/departamento-de-ciencia-da-informacao-promove-eventos-que-discutem-o-papel-de-bibliotecas-escolares-e-bibliotecas-publicas-e-comunitarias\/","url_meta":{"origin":2233,"position":1},"title":"Departamento de Ci\u00eancia da Informa\u00e7\u00e3o promove eventos que discutem o papel de bibliotecas escolares e bibliotecas p\u00fablicas e comunit\u00e1rias","author":"mundobibliotecario","date":"13\/10\/2012","format":false,"excerpt":"No dia 19 de outubro, sexta-feira, ser\u00e1 discutida na UFSCar a fun\u00e7\u00e3o de bibliotecas e bibliotec\u00e1rios em dois eventos promovidos pelo Departamento de Ci\u00eancia da Informa\u00e7\u00e3o da UFSCar. Das 9h \u00e0s 17h, o evento \"Biblioteca escolar, reencontro da Biblioteca com a escola\"discutir\u00e1 os desdobramentos da implementa\u00e7\u00e3o da Lei n.1244\/2010, que\u2026","rel":"","context":"Em &quot;Eventos&quot;","block_context":{"text":"Eventos","link":"https:\/\/mundobibliotecario.com.br\/index.php\/category\/eventos\/"},"img":{"alt_text":"","src":"","width":0,"height":0},"classes":[]},{"id":4911,"url":"https:\/\/mundobibliotecario.com.br\/index.php\/2012\/08\/01\/resultado-do-i-encontro-de-usuarios-do-phl-de-sorocaba-sp-e-regiao-2\/","url_meta":{"origin":2233,"position":2},"title":"Resultado do &quot;I Encontro de Usu\u00e1rios do PHL de Sorocaba (SP) e Regi\u00e3o&quot;","author":"mundobibliotecario","date":"01\/08\/2012","format":false,"excerpt":"Conforme divulgado no folder do I Encontro de Usu\u00e1rios do PHL de Sorocaba (SP) e Regi\u00e3o, foi elaborado um documento com apontamentos sobre o software e sugest\u00f5es de melhoria. Segue alguns t\u00f3picos do documento, que est\u00e3o abertos para cr\u00edticas e sugest\u00f5es dos participantes e daqueles que n\u00e3o puderam participar, mas\u2026","rel":"","context":"Em &quot;Eventos&quot;","block_context":{"text":"Eventos","link":"https:\/\/mundobibliotecario.com.br\/index.php\/category\/eventos\/"},"img":{"alt_text":"","src":"","width":0,"height":0},"classes":[]},{"id":4912,"url":"https:\/\/mundobibliotecario.com.br\/index.php\/2012\/08\/01\/resultado-do-i-encontro-de-usuarios-do-phl-de-sorocaba-sp-e-regiao-2-2\/","url_meta":{"origin":2233,"position":3},"title":"Resultado do &#034;I Encontro de Usu\u00e1rios do PHL de Sorocaba (SP) e Regi\u00e3o&#034;","author":"mundobibliotecario","date":"01\/08\/2012","format":false,"excerpt":"Conforme divulgado no folder do I Encontro de Usu\u00e1rios do PHL de Sorocaba (SP) e Regi\u00e3o, foi elaborado um documento com apontamentos sobre o software e sugest\u00f5es de melhoria. Segue alguns t\u00f3picos do documento, que est\u00e3o abertos para cr\u00edticas e sugest\u00f5es dos participantes e daqueles que n\u00e3o puderam participar, mas\u2026","rel":"","context":"Em &quot;Eventos&quot;","block_context":{"text":"Eventos","link":"https:\/\/mundobibliotecario.com.br\/index.php\/category\/eventos\/"},"img":{"alt_text":"","src":"","width":0,"height":0},"classes":[]},{"id":2679,"url":"https:\/\/mundobibliotecario.com.br\/index.php\/2012\/08\/01\/resultado-do-i-encontro-de-usuarios-do-phl-de-sorocaba-sp-e-regiao\/","url_meta":{"origin":2233,"position":4},"title":"Resultado do &#8220;I Encontro de Usu\u00e1rios do PHL de Sorocaba (SP) e Regi\u00e3o&#8221;","author":"mundobibliotecario","date":"01\/08\/2012","format":false,"excerpt":"Conforme divulgado no folder do I Encontro de Usu\u00e1rios do PHL de Sorocaba (SP) e Regi\u00e3o, foi elaborado um documento com apontamentos sobre o software e sugest\u00f5es de melhoria. Segue alguns t\u00f3picos do documento, que est\u00e3o abertos para cr\u00edticas e sugest\u00f5es dos participantes e daqueles que n\u00e3o puderam participar, mas\u2026","rel":"","context":"Em &quot;Eventos&quot;","block_context":{"text":"Eventos","link":"https:\/\/mundobibliotecario.com.br\/index.php\/category\/eventos\/"},"img":{"alt_text":"","src":"","width":0,"height":0},"classes":[]},{"id":1998,"url":"https:\/\/mundobibliotecario.com.br\/index.php\/2011\/05\/02\/i-forum-sobre-bibliotecas-publicas-servicos-de-informacao-e-mediacao-de-leitura\/","url_meta":{"origin":2233,"position":5},"title":"I F\u00f3rum sobre bibliotecas p\u00fablicas: servi\u00e7os de informa\u00e7\u00e3o e media\u00e7\u00e3o de leitura","author":"mundobibliotecario","date":"02\/05\/2011","format":false,"excerpt":"Durante o XXIV CBBD estar\u00e3o ocorrendo diveros eventos paralelos no per\u00edodo matutino. Dias 8 e 9 de agosto acontecer\u00e1 o I I F\u00d3RUM SOBRE \u00a0BIBLIOTECAS P\u00daBLICAS: SERVI\u00c7OS DE INFORMA\u00c7\u00c3O E MEDIA\u00c7\u00c3O DE LEITURA Chamada de Trabalhos A Coordena\u00e7\u00e3o Geral do Sistema Nacional de Bibliotecas P\u00fablicas - CGSNBP, da Funda\u00e7\u00e3o Biblioteca\u2026","rel":"","context":"Em &quot;N\u00e3o classificado&quot;","block_context":{"text":"N\u00e3o classificado","link":"https:\/\/mundobibliotecario.com.br\/index.php\/category\/nao-classificado\/"},"img":{"alt_text":"","src":"","width":0,"height":0},"classes":[]}],"jetpack_likes_enabled":true,"jetpack_shortlink":"https:\/\/wp.me\/pcbzwa-A1","_links":{"self":[{"href":"https:\/\/mundobibliotecario.com.br\/index.php\/wp-json\/wp\/v2\/posts\/2233","targetHints":{"allow":["GET"]}}],"collection":[{"href":"https:\/\/mundobibliotecario.com.br\/index.php\/wp-json\/wp\/v2\/posts"}],"about":[{"href":"https:\/\/mundobibliotecario.com.br\/index.php\/wp-json\/wp\/v2\/types\/post"}],"author":[{"embeddable":true,"href":"https:\/\/mundobibliotecario.com.br\/index.php\/wp-json\/wp\/v2\/users\/1"}],"replies":[{"embeddable":true,"href":"https:\/\/mundobibliotecario.com.br\/index.php\/wp-json\/wp\/v2\/comments?post=2233"}],"version-history":[{"count":0,"href":"https:\/\/mundobibliotecario.com.br\/index.php\/wp-json\/wp\/v2\/posts\/2233\/revisions"}],"wp:attachment":[{"href":"https:\/\/mundobibliotecario.com.br\/index.php\/wp-json\/wp\/v2\/media?parent=2233"}],"wp:term":[{"taxonomy":"category","embeddable":true,"href":"https:\/\/mundobibliotecario.com.br\/index.php\/wp-json\/wp\/v2\/categories?post=2233"},{"taxonomy":"post_tag","embeddable":true,"href":"https:\/\/mundobibliotecario.com.br\/index.php\/wp-json\/wp\/v2\/tags?post=2233"}],"curies":[{"name":"wp","href":"https:\/\/api.w.org\/{rel}","templated":true}]}}