{"id":2257,"date":"2011-10-06T11:26:54","date_gmt":"2011-10-06T14:26:54","guid":{"rendered":"http:\/\/mundobibliotecario.wordpress.com\/?p=2257"},"modified":"2011-10-06T11:26:54","modified_gmt":"2011-10-06T14:26:54","slug":"uab-tera-comissao-tecnica-de-biblioteconomia","status":"publish","type":"post","link":"https:\/\/mundobibliotecario.com.br\/index.php\/2011\/10\/06\/uab-tera-comissao-tecnica-de-biblioteconomia\/","title":{"rendered":"UAB ter\u00e1 comiss\u00e3o t\u00e9cnica de biblioteconomia"},"content":{"rendered":"<p>Publicada por Assessoria de Imprensa da Capes<br \/>\nSexta, 11 de Junho de 2010 16:06<\/p>\n<p>O Sistema Universidade Aberta do Brasil (UAB) ter\u00e1 uma Comiss\u00e3o T\u00e9cnica de Biblioteconomia para o acompanhamento e avalia\u00e7\u00e3o das a\u00e7\u00f5es de implanta\u00e7\u00e3o do curso de bacharelado a dist\u00e2ncia na \u00e1rea. O grupo foi institu\u00eddo pela <a href=\"http:\/\/capes.gov.br\/images\/stories\/download\/legislacao\/Portaria117_9jun10_ComissaoBiblioteconomiaUAB.pdf\">Portaria n\u00ba 117<\/a>, publicada no Di\u00e1rio Oficial da Uni\u00e3o de quinta-feira, 10 de junho.<\/p>\n<p>A Comiss\u00e3o atuar\u00e1 na proposi\u00e7\u00e3o, acompanhamento e avalia\u00e7\u00e3o de projetos e conte\u00fados pedag\u00f3gicos. O grupo deve deliberar sobre a implanta\u00e7\u00e3o e oferta do curso pelas institui\u00e7\u00f5es p\u00fablicas de ensino superior, integrantes do Sistema UAB, e tamb\u00e9m sobre outras quest\u00f5es t\u00e9cnicas dos cursos, manifestando-se por meio de pareceres t\u00e9cnicos conclusivos, atendendo solicita\u00e7\u00f5es da Coordena\u00e7\u00e3o de Aperfei\u00e7oamento de Pessoal de N\u00edvel Superior (Capes).<\/p>\n<p>Os trabalhos da comiss\u00e3o ser\u00e3o coordenados por membro escolhido pelo pares acad\u00eamicos. As atividades da comiss\u00e3o constituem trabalho relevante para o interesse p\u00fablico e n\u00e3o ser\u00e3o remuneradas: haver\u00e1 apenas a concess\u00e3o de di\u00e1rias e passagens, quando apropriado.<\/p>\n<p>UAB<br \/>\nCriada em 2005, a Universidade Aberta do Brasil \u00e9 um sistema integrado por universidades p\u00fablicas que oferece cursos de n\u00edvel superior para camadas da popula\u00e7\u00e3o que t\u00eam dificuldade de acesso \u00e0 forma\u00e7\u00e3o universit\u00e1ria, por meio do uso da metodologia da educa\u00e7\u00e3o a dist\u00e2ncia. O p\u00fablico em geral \u00e9 atendido, mas os professores que atuam na educa\u00e7\u00e3o b\u00e1sica t\u00eam prioridade de forma\u00e7\u00e3o, seguidos dos dirigentes, gestores e trabalhadores em educa\u00e7\u00e3o b\u00e1sica dos estados, munic\u00edpios e do Distrito Federal. Hoje, o Sistema \u00e9 coordenado pela Capes.<\/p>\n<p>Saiba mais sobre <a href=\"http:\/\/uab.capes.gov.br\/\">Universidade Aberta do Brasil<\/a>.<\/p>\n<p>Dispon\u00edvel em: &lt;<a href=\"http:\/\/capes.gov.br\/servicos\/sala-de-imprensa\/36-noticias\/3876-uab-tera-comissao-tecnica-de-biblioteconomia\">http:\/\/capes.gov.br\/servicos\/sala-de-imprensa\/36-noticias\/3876-uab-tera-comissao-tecnica-de-biblioteconomia<\/a>&gt;. Acesso em: 6 out. 2011.<\/p>\n","protected":false},"excerpt":{"rendered":"<p>Publicada por Assessoria de Imprensa da Capes Sexta, 11 de Junho de 2010 16:06 O Sistema Universidade Aberta do Brasil (UAB) ter\u00e1 uma Comiss\u00e3o T\u00e9cnica de Biblioteconomia para o acompanhamento e avalia\u00e7\u00e3o das a\u00e7\u00f5es de implanta\u00e7\u00e3o do curso de bacharelado a dist\u00e2ncia na \u00e1rea. O grupo foi institu\u00eddo pela Portaria n\u00ba 117, publicada no Di\u00e1rio &#8230; <a title=\"UAB ter\u00e1 comiss\u00e3o t\u00e9cnica de biblioteconomia\" class=\"read-more\" href=\"https:\/\/mundobibliotecario.com.br\/index.php\/2011\/10\/06\/uab-tera-comissao-tecnica-de-biblioteconomia\/\" aria-label=\"Read more about UAB ter\u00e1 comiss\u00e3o t\u00e9cnica de biblioteconomia\">Ler mais<\/a><\/p>\n","protected":false},"author":1,"featured_media":0,"comment_status":"open","ping_status":"open","sticky":false,"template":"","format":"standard","meta":{"_mi_skip_tracking":false,"_exactmetrics_sitenote_active":false,"_exactmetrics_sitenote_note":"","_exactmetrics_sitenote_category":0,"_jetpack_newsletter_access":"","footnotes":""},"categories":[60],"tags":[833,834,180,704,835,836],"class_list":["post-2257","post","type-post","status-publish","format-standard","hentry","category-noticias","tag-bacharelado","tag-biblioteconomia-a-distancia","tag-capes","tag-ead","tag-graduacao","tag-uab"],"jetpack_featured_media_url":"","jetpack_sharing_enabled":true,"jetpack-related-posts":[{"id":2748,"url":"https:\/\/mundobibliotecario.com.br\/index.php\/2012\/11\/11\/ufrj-ira-desenvolver-material-didatico-para-curso-de-biblioteconomia-da-uab\/","url_meta":{"origin":2257,"position":0},"title":"UFRJ ir\u00e1 desenvolver material did\u00e1tico para curso de biblioteconomia da UAB","author":"mundobibliotecario","date":"11\/11\/2012","format":false,"excerpt":"Qua, 06 de Junho de 2012 17:21 A Coordena\u00e7\u00e3o de Aperfei\u00e7oamento de Pessoal de N\u00edvel Superior (Capes) divulga nesta quarta-feira, 6, o resultado do Edital n\u00b0 012\/2012. A Universidade Federal do Rio de Janeiro (UFRJ) foi a institui\u00e7\u00e3o escolhida para o desenvolvimento de material did\u00e1tico e de apoio ao curso\u2026","rel":"","context":"Em &quot;N\u00e3o classificado&quot;","block_context":{"text":"N\u00e3o classificado","link":"https:\/\/mundobibliotecario.com.br\/index.php\/category\/nao-classificado\/"},"img":{"alt_text":"","src":"","width":0,"height":0},"classes":[]},{"id":4674,"url":"https:\/\/mundobibliotecario.com.br\/index.php\/2018\/02\/16\/curso-de-bacharelado-em-biblioteconomia-na-modalidade-a-distancia-bibead\/","url_meta":{"origin":2257,"position":1},"title":"Curso de Bacharelado em Biblioteconomia na modalidade a Dist\u00e2ncia (BibEaD)","author":"mundobibliotecario","date":"16\/02\/2018","format":false,"excerpt":"Publicado: Quinta, 20 Fevereiro 2014 14:53\u00a0|\u00a0\u00daltima Atualiza\u00e7\u00e3o: Quinta, 11 Janeiro 2018 10:21 O BibEAD \u00e9 um curso do Sistema Universidade Aberta do Brasil, com Projeto Pedag\u00f3gico de Curso nacional de Bacharelado em Biblioteconomia na modalidade a dist\u00e2ncia, resultado da parceria entre a Coordena\u00e7\u00e3o de Aperfei\u00e7oamento de Pessoal de N\u00edvel Superior\u2026","rel":"","context":"Em &quot;Curso&quot;","block_context":{"text":"Curso","link":"https:\/\/mundobibliotecario.com.br\/index.php\/category\/curso\/"},"img":{"alt_text":"","src":"","width":0,"height":0},"classes":[]},{"id":4733,"url":"https:\/\/mundobibliotecario.com.br\/index.php\/2018\/03\/27\/novo-curso-de-biblioteconomia-a-distancia-homenageia-prof-a-mariza-russo\/","url_meta":{"origin":2257,"position":2},"title":"Novo curso de biblioteconomia a dist\u00e2ncia homenageia prof.\u00aa Mariza Russo","author":"mundobibliotecario","date":"27\/03\/2018","format":false,"excerpt":"Hoje, 23, foi lan\u00e7ado o curso nacional de bacharelado em Biblioteconomia na modalidade a dist\u00e2ncia (BibEAD). Realizada no edif\u00edcio-sede da Coordena\u00e7\u00e3o de Aperfei\u00e7oamento de Pessoal de N\u00edvel Superior (CAPES), em Bras\u00edlia, a cerim\u00f4nia contou com a presen\u00e7a do presidente substituto da CAPES, prof. Geraldo Nunes, do presidente do Conselho Federal\u2026","rel":"","context":"Em &quot;Not\u00edcias&quot;","block_context":{"text":"Not\u00edcias","link":"https:\/\/mundobibliotecario.com.br\/index.php\/category\/noticias\/"},"img":{"alt_text":"","src":"https:\/\/i0.wp.com\/capes.gov.br\/images\/multithumb_thumbs\/b_600_250_16777215_00_images_stories_download_fotos_23032018-curso-biblioteconomia-0044.jpg?resize=350%2C200","width":350,"height":200},"classes":[]},{"id":4731,"url":"https:\/\/mundobibliotecario.com.br\/index.php\/2018\/03\/22\/lancamento-oficial-do-bacharelado-em-biblioteconomia-a-distancia\/","url_meta":{"origin":2257,"position":3},"title":"Lan\u00e7amento oficial do Bacharelado em Biblioteconomia a dist\u00e2ncia","author":"mundobibliotecario","date":"22\/03\/2018","format":false,"excerpt":"Acontecer\u00e1 amanh\u00e3, 23 de mar\u00e7o, o lan\u00e7amento oficial do Bacharelado em Biblioteconomia, modalidade \u00e0 dist\u00e2ncia, da Capes com a Universidade Aberta do Brasil. O evento ser\u00e1 no Audit\u00f3rio Anisio Teixeira, sede da Capes, das 16h \u00e0s 19h, podendo ser acompanhado ao vivo pelo YouTube. O edital 05\/2018 torna p\u00fablico a\u2026","rel":"","context":"Em &quot;Not\u00edcias&quot;","block_context":{"text":"Not\u00edcias","link":"https:\/\/mundobibliotecario.com.br\/index.php\/category\/noticias\/"},"img":{"alt_text":"","src":"","width":0,"height":0},"classes":[]},{"id":2530,"url":"https:\/\/mundobibliotecario.com.br\/index.php\/2012\/03\/27\/edital-apoia-projetos-para-desenvolvimento-de-cursos-de-biblioteconomia-na-modalidade-a-distancia\/","url_meta":{"origin":2257,"position":4},"title":"Edital apoia projetos para desenvolvimento de cursos de biblioteconomia na modalidade a dist\u00e2ncia","author":"mundobibliotecario","date":"27\/03\/2012","format":false,"excerpt":"Aos leitores do Mundo Bibliotec\u00e1rio, uma \u00f3tima not\u00edcia: foi dado mais um passo para a cria\u00e7\u00e3o do curso de Biblioteconomia a dist\u00e2ncia! Confiram! *** Publicada por Assessoria de Comunica\u00e7\u00e3o Social da Capes Segunda, 26 de Mar\u00e7o de 2012 12:17 A Coordena\u00e7\u00e3o de Aperfei\u00e7oamento de Pessoal de N\u00edvel Superior (Capes) divulga\u2026","rel":"","context":"Em &quot;Not\u00edcias&quot;","block_context":{"text":"Not\u00edcias","link":"https:\/\/mundobibliotecario.com.br\/index.php\/category\/noticias\/"},"img":{"alt_text":"","src":"","width":0,"height":0},"classes":[]},{"id":2746,"url":"https:\/\/mundobibliotecario.com.br\/index.php\/2012\/11\/11\/capes-aprova-curso-de-biblioteconomia-na-modalidade-a-distancia\/","url_meta":{"origin":2257,"position":5},"title":"Capes aprova curso de Biblioteconomia na modalidade \u00e0 dist\u00e2ncia","author":"mundobibliotecario","date":"11\/11\/2012","format":false,"excerpt":"No \u00faltimo dia 29 de outubro, o Conselho Federal de Biblioteconomia (CFB) protagonizou um momento hist\u00f3rico para a Biblioteconomia no Pa\u00eds. A presidente do CFB, N\u00eamora Rodrigues, assinou junto ao Prof. Dr. Jorge Almeida Guimar\u00e3es, presidente da Coordena\u00e7\u00e3o de Aperfei\u00e7oamento de Pessoal de N\u00edvel Superior (CAPES), um acordo de parceria\u2026","rel":"","context":"Em &quot;Not\u00edcias&quot;","block_context":{"text":"Not\u00edcias","link":"https:\/\/mundobibliotecario.com.br\/index.php\/category\/noticias\/"},"img":{"alt_text":"","src":"","width":0,"height":0},"classes":[]}],"jetpack_likes_enabled":true,"jetpack_shortlink":"https:\/\/wp.me\/pcbzwa-Ap","_links":{"self":[{"href":"https:\/\/mundobibliotecario.com.br\/index.php\/wp-json\/wp\/v2\/posts\/2257","targetHints":{"allow":["GET"]}}],"collection":[{"href":"https:\/\/mundobibliotecario.com.br\/index.php\/wp-json\/wp\/v2\/posts"}],"about":[{"href":"https:\/\/mundobibliotecario.com.br\/index.php\/wp-json\/wp\/v2\/types\/post"}],"author":[{"embeddable":true,"href":"https:\/\/mundobibliotecario.com.br\/index.php\/wp-json\/wp\/v2\/users\/1"}],"replies":[{"embeddable":true,"href":"https:\/\/mundobibliotecario.com.br\/index.php\/wp-json\/wp\/v2\/comments?post=2257"}],"version-history":[{"count":0,"href":"https:\/\/mundobibliotecario.com.br\/index.php\/wp-json\/wp\/v2\/posts\/2257\/revisions"}],"wp:attachment":[{"href":"https:\/\/mundobibliotecario.com.br\/index.php\/wp-json\/wp\/v2\/media?parent=2257"}],"wp:term":[{"taxonomy":"category","embeddable":true,"href":"https:\/\/mundobibliotecario.com.br\/index.php\/wp-json\/wp\/v2\/categories?post=2257"},{"taxonomy":"post_tag","embeddable":true,"href":"https:\/\/mundobibliotecario.com.br\/index.php\/wp-json\/wp\/v2\/tags?post=2257"}],"curies":[{"name":"wp","href":"https:\/\/api.w.org\/{rel}","templated":true}]}}