{"id":2262,"date":"2011-10-10T09:05:17","date_gmt":"2011-10-10T12:05:17","guid":{"rendered":"http:\/\/mundobibliotecario.wordpress.com\/?p=2262"},"modified":"2011-10-10T09:05:17","modified_gmt":"2011-10-10T12:05:17","slug":"v-jornada-nacional-e-i-internacional-em-analise-do-discurso-na-ciencia-da-informacao-leitores-de-imagens","status":"publish","type":"post","link":"https:\/\/mundobibliotecario.com.br\/index.php\/2011\/10\/10\/v-jornada-nacional-e-i-internacional-em-analise-do-discurso-na-ciencia-da-informacao-leitores-de-imagens\/","title":{"rendered":"V Jornada Nacional e I Internacional em An\u00e1lise do Discurso na Ci\u00eancia da Informa\u00e7\u00e3o: &#8220;Leitores de imagens&#8221;"},"content":{"rendered":"<div>Prezados.<\/div>\n<div>\u00a0<\/div>\n<div>Est\u00e3o abertas as inscri\u00e7\u00f5es para a <strong>V Jornada Nacional e I Internacional em An\u00e1lise do Discurso na Ci\u00eancia da Informa\u00e7\u00e3o: \u201cLeitores de Imagens\u201d<\/strong>, que acontecer\u00e1 nos dias <strong>07 e 08 de novembro<\/strong>, na <strong>UFSCar<\/strong>. O evento, que se fundamenta em bases te\u00f3rico-metodol\u00f3gicas da An\u00e1lise do Discurso de linha francesa, tem a honra de contar, por meio de v\u00eddeo e web confer\u00eancia, com o pesquisador Philippe Dubois (<em>Universit\u00e9<\/em><em> Sorbonne Nouvelle<\/em>), e a presen\u00e7a de dezessete renomados pesquisadores nacionais de diversas institui\u00e7\u00f5es de ensino superior (UFSCar, USP\/RP, UNICAMP, UNESP\/CAr, UESB, UEM, UFU, UFOP, UFG, UFGD), e objetiva promover um encontro entre estudiosos, profissionais e alunos de diferentes institui\u00e7\u00f5es brasileiras e internacionais que pesquisam e\/ou atuam com a an\u00e1lise e divulga\u00e7\u00e3o de textos imag\u00e9ticos, buscando trocar experi\u00eancias de como l\u00ea-las, analis\u00e1-las e faz\u00ea-las circular. Sejam bem-vindos!<\/div>\n<div>\u00a0<\/div>\n<div>Site do evento: <a href=\"http:\/\/www.jornadaadci.ufscar.br\/\" rel=\"nofollow\" target=\"_blank\">http:\/\/www.jornadaadci.ufscar.br<\/a><\/div>\n<div>\u00a0<\/div>\n<div>N\u00e1dea Regina Gaspar (UFSCar) e Lucilia Maria de Sousa Rom\u00e3o (USP\/RP)<\/div>\n<div>\u00a0<\/div>\n<div>****<\/div>\n<div>Contribui\u00e7\u00e3o de <a href=\"http:\/\/lattes.cnpq.br\/3233724936156088\">Pedro Andretta<\/a>.<\/div>\n","protected":false},"excerpt":{"rendered":"<p>Prezados. \u00a0 Est\u00e3o abertas as inscri\u00e7\u00f5es para a V Jornada Nacional e I Internacional em An\u00e1lise do Discurso na Ci\u00eancia da Informa\u00e7\u00e3o: \u201cLeitores de Imagens\u201d, que acontecer\u00e1 nos dias 07 e 08 de novembro, na UFSCar. O evento, que se fundamenta em bases te\u00f3rico-metodol\u00f3gicas da An\u00e1lise do Discurso de linha francesa, tem a honra de &#8230; <a title=\"V Jornada Nacional e I Internacional em An\u00e1lise do Discurso na Ci\u00eancia da Informa\u00e7\u00e3o: &#8220;Leitores de imagens&#8221;\" class=\"read-more\" href=\"https:\/\/mundobibliotecario.com.br\/index.php\/2011\/10\/10\/v-jornada-nacional-e-i-internacional-em-analise-do-discurso-na-ciencia-da-informacao-leitores-de-imagens\/\" aria-label=\"Read more about V Jornada Nacional e I Internacional em An\u00e1lise do Discurso na Ci\u00eancia da Informa\u00e7\u00e3o: &#8220;Leitores de imagens&#8221;\">Ler mais<\/a><\/p>\n","protected":false},"author":1,"featured_media":0,"comment_status":"open","ping_status":"open","sticky":false,"template":"","format":"standard","meta":{"_mi_skip_tracking":false,"_exactmetrics_sitenote_active":false,"_exactmetrics_sitenote_note":"","_exactmetrics_sitenote_category":0,"_jetpack_newsletter_access":"","footnotes":""},"categories":[27],"tags":[572,40,62],"class_list":["post-2262","post","type-post","status-publish","format-standard","hentry","category-eventos","tag-analise-do-discurso","tag-ciencia-da-informacao","tag-ufscar"],"jetpack_featured_media_url":"","jetpack_sharing_enabled":true,"jetpack-related-posts":[{"id":4887,"url":"https:\/\/mundobibliotecario.com.br\/index.php\/2011\/10\/10\/v-jornada-nacional-e-i-internacional-em-analise-do-discurso-na-ciencia-da-informacao-leitores-de-imagens-2\/","url_meta":{"origin":2262,"position":0},"title":"V Jornada Nacional e I Internacional em An\u00e1lise do Discurso na Ci\u00eancia da Informa\u00e7\u00e3o: &quot;Leitores de imagens&quot;","author":"mundobibliotecario","date":"10\/10\/2011","format":false,"excerpt":"Prezados. \u00a0 Est\u00e3o abertas as inscri\u00e7\u00f5es para a V Jornada Nacional e I Internacional em An\u00e1lise do Discurso na Ci\u00eancia da Informa\u00e7\u00e3o: \u201cLeitores de Imagens\u201d, que acontecer\u00e1 nos dias 07 e 08 de novembro, na UFSCar. O evento, que se fundamenta em bases te\u00f3rico-metodol\u00f3gicas da An\u00e1lise do Discurso de linha\u2026","rel":"","context":"Em &quot;Eventos&quot;","block_context":{"text":"Eventos","link":"https:\/\/mundobibliotecario.com.br\/index.php\/category\/eventos\/"},"img":{"alt_text":"","src":"","width":0,"height":0},"classes":[]},{"id":4889,"url":"https:\/\/mundobibliotecario.com.br\/index.php\/2011\/10\/10\/v-jornada-nacional-e-i-internacional-em-analise-do-discurso-na-ciencia-da-informacao-leitores-de-imagens-2-2\/","url_meta":{"origin":2262,"position":1},"title":"V Jornada Nacional e I Internacional em An\u00e1lise do Discurso na Ci\u00eancia da Informa\u00e7\u00e3o: &#034;Leitores de imagens&#034;","author":"mundobibliotecario","date":"10\/10\/2011","format":false,"excerpt":"Prezados. \u00a0 Est\u00e3o abertas as inscri\u00e7\u00f5es para a V Jornada Nacional e I Internacional em An\u00e1lise do Discurso na Ci\u00eancia da Informa\u00e7\u00e3o: \u201cLeitores de Imagens\u201d, que acontecer\u00e1 nos dias 07 e 08 de novembro, na UFSCar. O evento, que se fundamenta em bases te\u00f3rico-metodol\u00f3gicas da An\u00e1lise do Discurso de linha\u2026","rel":"","context":"Em &quot;Eventos&quot;","block_context":{"text":"Eventos","link":"https:\/\/mundobibliotecario.com.br\/index.php\/category\/eventos\/"},"img":{"alt_text":"","src":"","width":0,"height":0},"classes":[]},{"id":4893,"url":"https:\/\/mundobibliotecario.com.br\/index.php\/2012\/01\/21\/curso-de-especializacao-em-discurso-e-leitura-de-imagem-ufscar-2\/","url_meta":{"origin":2262,"position":2},"title":"Curso de Especializa\u00e7\u00e3o em: &quot;Discurso e Leitura de Imagem&quot; (UFSCar)","author":"mundobibliotecario","date":"21\/01\/2012","format":false,"excerpt":"Site do Curso: http:\/\/www.discursoeimagem.ufscar.br\/ Estar\u00e3o abertas, do dia 23.01.12 at\u00e9 28.02.12, as inscri\u00e7\u00f5es para o Curso de Especializa\u00e7\u00e3o em \u201cDiscurso e Leitura de Imagem\u201d. O objetivo do curso \u00e9 oferecer estudos advindos do campo das Linguagens aplicados em an\u00e1lises dos discursos imag\u00e9ticos, considerando-se, para tanto, tr\u00eas grandes modalidades de produ\u00e7\u00e3o:\u2026","rel":"","context":"Em &quot;Curso&quot;","block_context":{"text":"Curso","link":"https:\/\/mundobibliotecario.com.br\/index.php\/category\/curso\/"},"img":{"alt_text":"","src":"","width":0,"height":0},"classes":[]},{"id":4896,"url":"https:\/\/mundobibliotecario.com.br\/index.php\/2012\/01\/21\/curso-de-especializacao-em-discurso-e-leitura-de-imagem-ufscar-2-2\/","url_meta":{"origin":2262,"position":3},"title":"Curso de Especializa\u00e7\u00e3o em: &#034;Discurso e Leitura de Imagem&#034; (UFSCar)","author":"mundobibliotecario","date":"21\/01\/2012","format":false,"excerpt":"Site do Curso: http:\/\/www.discursoeimagem.ufscar.br\/ Estar\u00e3o abertas, do dia 23.01.12 at\u00e9 28.02.12, as inscri\u00e7\u00f5es para o Curso de Especializa\u00e7\u00e3o em \u201cDiscurso e Leitura de Imagem\u201d. O objetivo do curso \u00e9 oferecer estudos advindos do campo das Linguagens aplicados em an\u00e1lises dos discursos imag\u00e9ticos, considerando-se, para tanto, tr\u00eas grandes modalidades de produ\u00e7\u00e3o:\u2026","rel":"","context":"Em &quot;Curso&quot;","block_context":{"text":"Curso","link":"https:\/\/mundobibliotecario.com.br\/index.php\/category\/curso\/"},"img":{"alt_text":"","src":"","width":0,"height":0},"classes":[]},{"id":2415,"url":"https:\/\/mundobibliotecario.com.br\/index.php\/2012\/01\/21\/curso-de-especializacao-em-discurso-e-leitura-de-imagem-ufscar\/","url_meta":{"origin":2262,"position":4},"title":"Curso de Especializa\u00e7\u00e3o em: &#8220;Discurso e Leitura de Imagem&#8221; (UFSCar)","author":"mundobibliotecario","date":"21\/01\/2012","format":false,"excerpt":"Site do Curso: http:\/\/www.discursoeimagem.ufscar.br\/ Estar\u00e3o abertas, do dia 23.01.12 at\u00e9 28.02.12, as inscri\u00e7\u00f5es para o Curso de Especializa\u00e7\u00e3o em \u201cDiscurso e Leitura de Imagem\u201d. O objetivo do curso \u00e9 oferecer estudos advindos do campo das Linguagens aplicados em an\u00e1lises dos discursos imag\u00e9ticos, considerando-se, para tanto, tr\u00eas grandes modalidades de produ\u00e7\u00e3o:\u2026","rel":"","context":"Em &quot;Curso&quot;","block_context":{"text":"Curso","link":"https:\/\/mundobibliotecario.com.br\/index.php\/category\/curso\/"},"img":{"alt_text":"","src":"","width":0,"height":0},"classes":[]},{"id":1329,"url":"https:\/\/mundobibliotecario.com.br\/index.php\/2010\/06\/28\/seminario-aborda-as-teorias-de-michel-foucault-na-ciencia-da-informacao\/","url_meta":{"origin":2262,"position":5},"title":"Semin\u00e1rio aborda as teorias de Michel Foucault na Ci\u00eancia da Informa\u00e7\u00e3o","author":"mundobibliotecario","date":"28\/06\/2010","format":false,"excerpt":"Na pr\u00f3xima quinta-feira (1\/7), acontece na UFSCar o \"I Semin\u00e1rio de An\u00e1lise em Pr\u00e1ticas Discursivas: Foucault na Ci\u00eancia da Informa\u00e7\u00e3o\", organizado pelas docentes N\u00e1dea Regina Gaspar, do Departamento de Ci\u00eancia da Informa\u00e7\u00e3o da UFSCar, e Luc\u00edlia Maria Sousa Rom\u00e3o, professora da Faculdade de Filosofia, Ci\u00eancias e Letras da USP de\u2026","rel":"","context":"Em &quot;Eventos&quot;","block_context":{"text":"Eventos","link":"https:\/\/mundobibliotecario.com.br\/index.php\/category\/eventos\/"},"img":{"alt_text":"","src":"","width":0,"height":0},"classes":[]}],"jetpack_likes_enabled":true,"jetpack_shortlink":"https:\/\/wp.me\/pcbzwa-Au","_links":{"self":[{"href":"https:\/\/mundobibliotecario.com.br\/index.php\/wp-json\/wp\/v2\/posts\/2262","targetHints":{"allow":["GET"]}}],"collection":[{"href":"https:\/\/mundobibliotecario.com.br\/index.php\/wp-json\/wp\/v2\/posts"}],"about":[{"href":"https:\/\/mundobibliotecario.com.br\/index.php\/wp-json\/wp\/v2\/types\/post"}],"author":[{"embeddable":true,"href":"https:\/\/mundobibliotecario.com.br\/index.php\/wp-json\/wp\/v2\/users\/1"}],"replies":[{"embeddable":true,"href":"https:\/\/mundobibliotecario.com.br\/index.php\/wp-json\/wp\/v2\/comments?post=2262"}],"version-history":[{"count":0,"href":"https:\/\/mundobibliotecario.com.br\/index.php\/wp-json\/wp\/v2\/posts\/2262\/revisions"}],"wp:attachment":[{"href":"https:\/\/mundobibliotecario.com.br\/index.php\/wp-json\/wp\/v2\/media?parent=2262"}],"wp:term":[{"taxonomy":"category","embeddable":true,"href":"https:\/\/mundobibliotecario.com.br\/index.php\/wp-json\/wp\/v2\/categories?post=2262"},{"taxonomy":"post_tag","embeddable":true,"href":"https:\/\/mundobibliotecario.com.br\/index.php\/wp-json\/wp\/v2\/tags?post=2262"}],"curies":[{"name":"wp","href":"https:\/\/api.w.org\/{rel}","templated":true}]}}